{"id":4077,"date":"2018-11-02T13:32:40","date_gmt":"2018-11-02T17:32:40","guid":{"rendered":"http:\/\/maghreb-canada.ca\/?p=4077"},"modified":"2018-11-02T14:50:09","modified_gmt":"2018-11-02T18:50:09","slug":"maroc-1ier-novembre-2018-la-date-du-lancement-de-construction-de-la-plus-haute-tour-dafrique-et-de-la-revision-a-la-hausse-des-objectifs-marocains-en-energies-renouvelables","status":"publish","type":"post","link":"https:\/\/maroc-canada.ca\/?p=4077","title":{"rendered":"Maroc \/ 1ier novembre 2018: La date de lancement de construction de la plus haute tour d\u2019Afrique et de la r\u00e9vision \u00e0 la hausse des objectifs marocains en \u00e9nergies renouvelables"},"content":{"rendered":"<p style=\"text-align: justify;\"><a href=\"http:\/\/maroc-canada.ca\/wp-content\/uploads\/2018\/11\/La-Tour-Mohammed-VI-M.jpg\"><img loading=\"lazy\" decoding=\"async\" class=\"alignleft wp-image-4078\" src=\"http:\/\/maroc-canada.ca\/wp-content\/uploads\/2018\/11\/La-Tour-Mohammed-VI-M.jpg\" alt=\"BMCE_Panneaux_SpaceTower_1,9x1,1m\" width=\"527\" height=\"311\" srcset=\"https:\/\/maroc-canada.ca\/wp-content\/uploads\/2018\/11\/La-Tour-Mohammed-VI-M.jpg 508w, https:\/\/maroc-canada.ca\/wp-content\/uploads\/2018\/11\/La-Tour-Mohammed-VI-M-300x177.jpg 300w\" sizes=\"auto, (max-width: 527px) 100vw, 527px\" \/><\/a>Le Roi Mohammed VI a pr\u00e9sid\u00e9, ce 1er novembre 2018, sur la rive droite de Bouregreg (pr\u00e9fecture de Sal\u00e9), la c\u00e9r\u00e9monie de lancement officiel des travaux de construction de la \u00ab\u00a0Tour Mohammed VI\u00a0\u00bb, qui symbolise l\u2019\u00e9mergence et le rayonnement des deux villes jumelles, Rabat et Sal\u00e9, de par ses composantes \u00e9conomique et architecturale, ainsi que par sa taille d\u2019envergure continentale.<\/p>\n<p style=\"text-align: justify;\">La \u00ab\u00a0Tour Mohammed VI\u00a0\u00bb, la plus haute d\u2019Afrique, constitue un projet qui s\u2019int\u00e8gre harmonieusement dans l\u2019environnement plein de lumi\u00e8re o\u00f9 baigne Rabat et s\u2019int\u00e8gre parfaitement dans l\u2019am\u00e9nagement que le Roi du Maroc a impuls\u00e9 pour la Vall\u00e9e du Bouregreg afin d\u2019accueillir plusieurs symboles du riche patrimoine culturel et civilisationnel du Royaume du Maroc, le Grand Th\u00e9\u00e2tre, la Maison des Arts et de la Culture, la Biblioth\u00e8que des Archives Nationales.?<\/p>\n<p style=\"text-align: justify;\">D\u2019une hauteur de 250 m, la future Tour comptera 55 \u00e9tages abritant une composante \u00ab\u00a0bureaux\u00a0\u00bb, une partie r\u00e9sidentielle, un h\u00f4tel et un observatoire dans les quatre derniers \u00e9tages, tout en pr\u00e9servant ses racines marocaines et en les drapant de l\u2019internationalit\u00e9 et l\u2019africanit\u00e9.?<br \/>\nCette Tour devrait permettre de porter haut la dynamique insuffl\u00e9e par la strat\u00e9gie de d\u00e9veloppement que le Souverain marocain a trac\u00e9e pour le Royaume du Maroc en le positionnant l\u00e9gitimement comme porte d\u2019entr\u00e9e privil\u00e9gi\u00e9e vers l\u2019Afrique comme terre hospitali\u00e8re d\u2019investissement.?<\/p>\n<p style=\"text-align: justify;\">Autre activit\u00e9 men\u00e9e par le Roi du Maroc, en ce 1er novembre 2018, est celle d\u00e9di\u00e9e au d\u00e9ploiement des strat\u00e9gies des \u00e9nergies renouvelables.?<br \/>\nAinsi, le Roi Mohammed VI a pr\u00e9sid\u00e9 une s\u00e9ance de travail \u00e0 laquelle ont particip\u00e9 le Chef du Gouvernement, les Conseillers du Roi, les Ministres concern\u00e9s, la Directrice G\u00e9n\u00e9rale de l\u2019Office National des Hydrocarbures et des Mines, le Pr\u00e9sident du Directoire de l\u2019Agence Marocaine pour l\u2019Energie Durable (MASEN) et le Directeur G\u00e9n\u00e9ral de l\u2019Office National de l\u2019Electricit\u00e9 et de l\u2019Eau Potable.?<\/p>\n<p style=\"text-align: justify;\">Cette s\u00e9ance de travail s\u2019inscrit dans le cadre du suivi r\u00e9gulier par le Souverain du d\u00e9ploiement effectif et op\u00e9rationnel des \u00e9nergies renouvelables.?<br \/>\nAu cours de cette r\u00e9union, le Chef de l\u2019Etat marocain a ordonn\u00e9 de revoir \u00e0 la hausse les ambitions initialement projet\u00e9es en mati\u00e8re d\u2019\u00e9nergies renouvelables qui sont ainsi appel\u00e9es \u00e0 d\u00e9passer l\u2019objectif actuel de 52 pc du mix \u00e9lectrique national \u00e0 l\u2019horizon 2030.?<br \/>\nD\u2019autre part, le Souverain marocain a donn\u00e9 Ses orientations au Chef du Gouvernement en vue de densifier et d\u2019encourager la force d\u2019exemplarit\u00e9 de l\u2019administration publique et ce, \u00e0 l\u2019instar des mesures \u00e9dict\u00e9es lors du Discours Royal du 20 ao\u00fbt 2018.?\u00e0<\/p>\n<p style=\"text-align: justify;\">Par ailleurs, le Roi du Maroc a soulign\u00e9 la n\u00e9cessit\u00e9 d\u2019adopter un programme int\u00e9gr\u00e9 additionnel visant \u00e0 adosser \u00e0 toutes les stations de dessalement d\u2019eau programm\u00e9es, des unit\u00e9s de production d\u2019\u00e9nergies renouvelables permettant de leur assurer une autonomie et des \u00e9conomies \u00e9nerg\u00e9tiques.?<\/p>\n<p style=\"text-align: justify;\">Cette s\u00e9ance de travail a \u00e9t\u00e9, par ailleurs, l\u2019occasion pour le Pr\u00e9sident de Masen de pr\u00e9senter au Souverain, les \u00e9l\u00e9ments du calendrier de la r\u00e9alisation du programme Noor PV II et des travaux de construction des centrales solaires du complexe solaire Noor Midelt, qui apportent gr\u00e2ce \u00e0 l\u2019hybridation des technologies solaires, thermique et photovolta\u00efque, une r\u00e9ponse optimis\u00e9e aux besoins de la pointe du r\u00e9seau national. ?<\/p>\n<p style=\"text-align: justify;\">S\u2019agissant des projets \u00e9oliens, le Roi, a pris connaissance de l\u2019avancement global du programme \u00e9olien int\u00e9gr\u00e9. Ainsi, le lancement des travaux de construction du parc \u00e9olien de Midelt (180 MW) et celui de Taza (pour une premi\u00e8re phase de 100 MW) est pr\u00e9vu pour le premier semestre 2019.?<br \/>\nL\u2019ann\u00e9e 2019 conna\u00eetra \u00e9galement le lancement du projet de repowering du parc \u00e9olien de Koudia El- Baida, premier projet \u00e9olien d\u00e9velopp\u00e9 au Maroc et mis en exploitation en 2000 par l\u2019ONEE.?<br \/>\nCe projet de repowering qui consiste \u00e0 porter la capacit\u00e9 du parc de 50 \u00e0 120 MW, permettra de tirer avantage des derniers progr\u00e8s technologiques en la mati\u00e8re et d\u2019am\u00e9liorer la valorisation du gisement \u00e9olien dont disposent les provinces du Nord du Royaume. Une telle d\u00e9marche constitue une premi\u00e8re en Afrique et dans la r\u00e9gion MENA.?<\/p>\n<p style=\"text-align: justify;\">A l\u2019issue de cette r\u00e9union, le Roi du Maroc a donn\u00e9 ses instructions afin de r\u00e9viser \u00e0 la hausse les ambitions initialement projet\u00e9es en mati\u00e8re d\u2019\u00e9nergies renouvelables qui sont ainsi appel\u00e9es \u00e0 d\u00e9passer l\u2019objectif actuel de 52 pc du mix \u00e9lectrique national \u00e0 l\u2019horizon 2030.?<br \/>\nA noter que dans le cadre du nouveau mod\u00e8le de d\u00e9veloppement des provinces du Sud promu par le Roi Mohammed VI, ont \u00e9t\u00e9 achev\u00e9es \u00e0 savoir, les centrales solaires Noor Laayoune I et Noor Boujdour I pour une capacit\u00e9 cumul\u00e9e de 100 MW.?<\/p>\n<p style=\"text-align: justify;\">A rappeler que l\u2019ann\u00e9e 2018 a \u00e9t\u00e9 marqu\u00e9e par la concr\u00e9tisation des objectifs, conform\u00e9ment au calendrier arr\u00eat\u00e9 lors de la pr\u00e9c\u00e9dente r\u00e9union de travail pr\u00e9sid\u00e9e par le Souverain marocain en avril 2018, notamment la mise en exploitation de l\u2019ensemble du complexe solaire Noor Ouarzazate (580 MW), qui avec la synchronisation r\u00e9ussie de la tour Noor Ouarzazate III, consacre sa position du plus grand complexe multi-technologique solaire en op\u00e9ration au monde.?<\/p>\n<p style=\"text-align: justify;\">Farid Mnebhi (<a href=\"http:\/\/www.anatem.info\">www.anatem.info<\/a> ).<\/p>\n","protected":false},"excerpt":{"rendered":"<p>Le Roi Mohammed VI a pr\u00e9sid\u00e9, ce 1er novembre 2018, sur la rive droite de Bouregreg (pr\u00e9fecture de Sal\u00e9), la c\u00e9r\u00e9monie de lancement officiel des travaux de construction de la \u00ab\u00a0Tour Mohammed VI\u00a0\u00bb, qui symbolise l\u2019\u00e9mergence et le rayonnement des deux villes jumelles, Rabat et Sal\u00e9, de par ses composantes \u00e9conomique et architecturale, ainsi que [&hellip;]<\/p>\n","protected":false},"author":1,"featured_media":4078,"comment_status":"closed","ping_status":"closed","sticky":false,"template":"","format":"standard","meta":{"footnotes":""},"categories":[6,7,8],"tags":[],"class_list":["post-4077","post","type-post","status-publish","format-standard","has-post-thumbnail","hentry","category-maghreb","category-monde","category-numero-du-mois"],"_links":{"self":[{"href":"https:\/\/maroc-canada.ca\/index.php?rest_route=\/wp\/v2\/posts\/4077","targetHints":{"allow":["GET"]}}],"collection":[{"href":"https:\/\/maroc-canada.ca\/index.php?rest_route=\/wp\/v2\/posts"}],"about":[{"href":"https:\/\/maroc-canada.ca\/index.php?rest_route=\/wp\/v2\/types\/post"}],"author":[{"embeddable":true,"href":"https:\/\/maroc-canada.ca\/index.php?rest_route=\/wp\/v2\/users\/1"}],"replies":[{"embeddable":true,"href":"https:\/\/maroc-canada.ca\/index.php?rest_route=%2Fwp%2Fv2%2Fcomments&post=4077"}],"version-history":[{"count":4,"href":"https:\/\/maroc-canada.ca\/index.php?rest_route=\/wp\/v2\/posts\/4077\/revisions"}],"predecessor-version":[{"id":4084,"href":"https:\/\/maroc-canada.ca\/index.php?rest_route=\/wp\/v2\/posts\/4077\/revisions\/4084"}],"wp:featuredmedia":[{"embeddable":true,"href":"https:\/\/maroc-canada.ca\/index.php?rest_route=\/wp\/v2\/media\/4078"}],"wp:attachment":[{"href":"https:\/\/maroc-canada.ca\/index.php?rest_route=%2Fwp%2Fv2%2Fmedia&parent=4077"}],"wp:term":[{"taxonomy":"category","embeddable":true,"href":"https:\/\/maroc-canada.ca\/index.php?rest_route=%2Fwp%2Fv2%2Fcategories&post=4077"},{"taxonomy":"post_tag","embeddable":true,"href":"https:\/\/maroc-canada.ca\/index.php?rest_route=%2Fwp%2Fv2%2Ftags&post=4077"}],"curies":[{"name":"wp","href":"https:\/\/api.w.org\/{rel}","templated":true}]}}