{"id":4082,"date":"2018-11-02T14:02:16","date_gmt":"2018-11-02T18:02:16","guid":{"rendered":"http:\/\/maghreb-canada.ca\/?p=4082"},"modified":"2018-11-02T14:02:16","modified_gmt":"2018-11-02T18:02:16","slug":"affaire-khashoggi-notre-confrere-isidore-kwandja-ngembo-plaide-pour-la-creation-dun-bureau-de-lonu-sur-la-liberte-dexpression","status":"publish","type":"post","link":"https:\/\/maroc-canada.ca\/?p=4082","title":{"rendered":"Affaire Khashoggi : Notre confr\u00e8re Isidore Kwandja Ngembo plaide pour la cr\u00e9ation d\u2019un bureau de l\u2019ONU sur la libert\u00e9 d&rsquo;expression"},"content":{"rendered":"<p style=\"text-align: justify;\">En cette <a href=\"http:\/\/www.un.org\/fr\/events\/journalists\/\">Journ\u00e9e internationale de la fin de l&rsquo;impunit\u00e9 pour les crimes commis contre des journalistes<\/a>, 02 novembre, le meurtre du journaliste saoudien Jamal Khashoggi <em>\u2013 <\/em>qui a soulev\u00e9 un toll\u00e9 g\u00e9n\u00e9ral sans pr\u00e9c\u00e9dent dans la communaut\u00e9 internationale qui s&rsquo;est toujours interdite de toute critique \u00e0 l&rsquo;\u00e9gard de l&rsquo;Arabie Saoudite, de bl\u00e2mer ni pointer du doigt ses d\u00e9rives autoritaires et violations flagrantes des droits de la personne <em>\u2013<\/em>, nous rappelle l&rsquo;importance et la n\u00e9cessit\u00e9 d&rsquo;appeler les violations des droits de la personne par leur nom.<\/p>\n<p style=\"text-align: justify;\">Et, surtout, de d\u00e9noncer les menaces, les d\u00e9tentions arbitraires, les arrestations, les tortures et surtout les assassinats dont sont victimes r\u00e9guli\u00e8rement les journalistes, dans le cadre de leur travail ; notamment ceux qui enqu\u00eatent sur les cas de corruption impliquant des autorit\u00e9s publiques et de violation des droits de la personne \u00e9ventuellement commises par les forces de l&rsquo;ordre public.<\/p>\n<p style=\"text-align: justify;\">\u00c0 l&rsquo;occasion de cette journ\u00e9e internationale de sensibilisation de l\u2019opinion publique pour mettre fin \u00e0 l&rsquo;impunit\u00e9 pour les crimes commis contre des journalistes, le secr\u00e9taire g\u00e9n\u00e9ral des Nations unies, Ant\u00f3nio Guterres, a adress\u00e9 le message suivant : \u00a0\u00bb <em>En ce jour, je rends hommage aux femmes et aux hommes qui, chaque jour, font leur travail de journaliste malgr\u00e9 les intimidations et les menaces. Leur \u0153uvre <\/em>\u2013 <em>et celle de leurs coll\u00e8gues qui ont perdu la vie \u2013 nous rappelle que la v\u00e9rit\u00e9 ne meurt jamais et que nous ne devons pas non plus laisser mourir notre ferme attachement au droit fondamental qu&rsquo;est la libert\u00e9 d&rsquo;expression<\/em> \u00ab\u00a0<\/p>\n<p style=\"text-align: justify;\">Il y a quelques semaines, le Rapporteur sp\u00e9cial des Nations unies sur la libert\u00e9 d&rsquo;expression, <a href=\"http:\/\/news.un.org\/fr\/story\/2018\/10\/1027342\">David Kaye<\/a>, dans une entrevue qu&rsquo;il a accord\u00e9 \u00e0 la radio ONU Info \u00e0 New York, a demand\u00e9 l&rsquo;ouverture d&rsquo;une enqu\u00eate internationale ind\u00e9pendante sur l&rsquo;assassinat de Jamal Khashoggi, afin de fournir \u00e0 la communaut\u00e9 internationale un rapport cr\u00e9dible sur ce qui s&rsquo;est r\u00e9ellement pass\u00e9. N&rsquo;ayant pas obtenu la r\u00e9ponse favorable, il a, une nouvelle fois, r\u00e9it\u00e9r\u00e9 sa demande en exhortant cette fois-ci les \u00c9tats \u00e0 r\u00e9agir, par le biais du Conseil de s\u00e9curit\u00e9, pour persuader le secr\u00e9taire g\u00e9n\u00e9ral de la n\u00e9cessit\u00e9 d&rsquo;une telle enqu\u00eate. Mais quelle n&rsquo;a donc pas \u00e9t\u00e9 sa d\u00e9ception de s&rsquo;apercevoir que les \u00c9tats sont rest\u00e9s sourds, se contentant simplement de condamner du bout des l\u00e8vres sans aucune mesure dissuasive r\u00e9elle.<\/p>\n<p style=\"text-align: justify;\">Cela n&rsquo;a rien d&rsquo;\u00e9tonnant quand on sait bien que les int\u00e9r\u00eats \u00e9conomiques, financiers, commerciaux et militaires prennent souvent le dessus sur les droits fondamentaux de la personne. Toutefois, le meurtre de Jamal Khashoggi, bien qu&rsquo;ayant \u00e9mu le monde entier, a d\u00e9voil\u00e9 au grand jour la face cach\u00e9e de l&rsquo;iceberg du cynisme de la gouvernance mondiale.<\/p>\n<p style=\"text-align: justify;\">Ceci dit, la communaut\u00e9 internationale ne doit pas seulement se contenter, pour ce faire, de d\u00e9noncer verbalement les agressions et assassinats ignobles dont font l&rsquo;objet r\u00e9guli\u00e8rement les journalistes, mais \u0153uvrer \u00e0 l&rsquo;instauration d&rsquo;un climat dans lequel la libert\u00e9 de la presse puisse s&rsquo;exercer sans crainte ni intimidation, et que les journalistes puissent exercer pleinement leur droit \u00e0 la libert\u00e9 d&rsquo;expression, qui est essentiel \u00e0 l&rsquo;exercice de leur m\u00e9tier, sans avoir \u00e0 craindre des repr\u00e9sailles.<\/p>\n<p style=\"text-align: justify;\">Le monde ne doit pas ignorer le r\u00f4le crucial que jouent les m\u00e9dias dans le processus d\u00e9mocratique. La presse est sans conteste le plus puissant levier pour promouvoir les principes d\u00e9mocratiques, l&rsquo;\u00c9tat de droit et les droits de la personne. De ce fait, tout le monde devrait \u00eatre conscient que toute menace faite \u00e0 l&rsquo;encontre des femmes et hommes de m\u00e9dias, dans le cadre de leur travail d&rsquo;informer le public, est une grave menace directe pour la d\u00e9mocratie, les libert\u00e9s fondamentales, les droits de la personne et l&rsquo;\u00c9tat de droit. En effet, renforcer la s\u00e9curit\u00e9 des journalistes est un enjeu de d\u00e9mocratie.<\/p>\n<p style=\"text-align: justify;\">\u00c0 la veille du 10 d\u00e9cembre, date \u00e0 laquelle l&rsquo;humanit\u00e9 toute enti\u00e8re s&rsquo;appr\u00eate \u00e0 c\u00e9l\u00e9brer le <a href=\"http:\/\/www.ohchr.org\/FR\/HRBodies\/HRC\/Pages\/NewsDetail.aspx?NewsID=22732&amp;LangID=F\">soixante-dixi\u00e8me anniversaire de la D\u00e9claration universelle des droits de l&rsquo;homme<\/a> (DUDH) adopt\u00e9e \u00e0 l&rsquo;unanimit\u00e9 en 1948, un texte fondateur des droits humains et un instrument du droit international coutumier le plus important d&rsquo;apr\u00e8s-guerre qui v\u00e9hicule des valeurs et des id\u00e9aux d\u00e9mocratiques et qui a beaucoup inspir\u00e9 l&rsquo;\u00e9laboration des r\u00e8gles du syst\u00e8me international de protection des droits humains, le meurtre du journaliste saoudien devrait rappeler \u00e0 tous les \u00c9tats, de la n\u00e9cessit\u00e9 de r\u00e9affirmer leur attachement profond aux valeurs essentielles des droits humains inscrits dans la DUDH.<\/p>\n<h2 style=\"text-align: justify;\">Pourquoi un bureau des Nations unies pour la libert\u00e9 d&rsquo;expression?<\/h2>\n<p style=\"text-align: justify;\">Soixante-dix ans apr\u00e8s la DUDH \u2013 qui a consacr\u00e9e la libert\u00e9 d&rsquo;expression, et son corollaire, la libert\u00e9 de la presse, comme des droits vitaux et existentiels pour l&rsquo;\u00c9tat de droit et des principes fondamentaux pour la d\u00e9mocratie \u2013, il y a lieu de constater que les libert\u00e9s fondamentales sont en recul dans plusieurs \u00c9tats o\u00f9 les m\u00e9dias font l&rsquo;objet de nombreuses attaques de la part du pouvoir public, o\u00f9 les espaces des libert\u00e9s publiques se r\u00e9duisent de plus en plus et o\u00f9 les citoyens ne peuvent penser librement et exprimer leurs opinions sans craindre les repr\u00e9sailles des autorit\u00e9s publiques. Certains \u00c9tats ne s&#8217;emp\u00eachent pas de porter impun\u00e9ment atteinte aux journalistes, comme c&rsquo;est le cas actuellement avec Jamal Khashoggi, qui est devenu embl\u00e9matique d&rsquo;atteintes persistantes aux droits fondamentaux dont les journalistes sont souvent victimes dans le monde.<\/p>\n<p style=\"text-align: justify;\">\u00ab <em>La lutte contre l&rsquo;impunit\u00e9 fait partie int\u00e9grante de la libert\u00e9 d&rsquo;expression, de la libert\u00e9 de la presse et de l&rsquo;acc\u00e8s \u00e0 l&rsquo;information. Renforcer la s\u00e9curit\u00e9 des journalistes qui prennent des risques pour nous informer est non seulement un devoir indispensable, mais \u00e9galement un enjeu de d\u00e9mocratie<\/em> \u00bb, a d\u00e9clar\u00e9 la Directrice g\u00e9n\u00e9rale de l&rsquo;UNESCO, Audrey Azoulay.<\/p>\n<p style=\"text-align: justify;\">L&rsquo;<a href=\"http:\/\/www.un.org\/fr\/events\/journalists\/\">Organisation des Nations unies pour l&rsquo;\u00e9ducation, la science et la culture<\/a> (UNESCO) estime \u00e0 plus de 1000 journalistes qui ont \u00e9t\u00e9 tu\u00e9s au cours des douze derni\u00e8res ann\u00e9es, pour avoir voulu couvrir des \u00e9v\u00e9nements et informer le public. Et, dans la plupart des cas, ces actes odieux n&rsquo;ont toujours pas \u00e9t\u00e9 \u00e9lucid\u00e9s, restent impunis faute des enqu\u00eates s\u00e9rieuses et les vrais auteurs des crimes ne sont jamais poursuivis en justice. L&rsquo;UNESCO s&rsquo;inqui\u00e8te donc que cette impunit\u00e9 entra\u00eene un plus grand nombre d&rsquo;assassinats, en plus de causer des dommages s\u00e9rieux aux soci\u00e9t\u00e9s enti\u00e8res en tentant de dissimuler de graves violations des droits de la personne.<\/p>\n<p style=\"text-align: justify;\">En effet, les opinions publiques internationales ne sont pas convaincues que le seul fait de d\u00e9noncer verbalement les assassinats, les traitements inhumains, les arrestations et d\u00e9tentions arbitraires de la part des agents z\u00e9l\u00e9s de l&rsquo;\u00c9tat \u00e0 l&rsquo;\u00e9gard des journalistes suffise \u00e0 persuader les \u00c9tats r\u00e9calcitrants de prendre les mesures appropri\u00e9es devant les violations flagrantes des droits de la personne.<\/p>\n<p style=\"text-align: justify;\">C&rsquo;est pourquoi, nous pensons s\u00e9rieusement que le bilan de ces actes barbares devient beaucoup plus lourd qu&rsquo;il est plus que temps maintenant que les Nations unies prennent \u00e0 bras le corps et avec s\u00e9rieux cette situation, en renfor\u00e7ant les mandats actuels du Rapporteur sp\u00e9cial des Nations Unies sur la libert\u00e9 d&rsquo;expression \u2013 un expert ind\u00e9pendant nomm\u00e9 par le Conseil des droits de l&rsquo;homme et charg\u00e9 d&rsquo;examiner et de faire rapport sur le droit \u00e0 la libert\u00e9 d&rsquo;opinion et d&rsquo;expression. Il s\u2019agit d\u2019un poste honorifique qui ne fait pas partie du personnel des Nations Unies, ni pay\u00e9 pour cela, mais dont le travail, beaucoup plus technique, est utile et n\u00e9cessaire. Ce qui rend sa voix moins audible devant de violations flagrantes du droit \u00e0 la libert\u00e9 d&rsquo;opinion et d&rsquo;expression.<\/p>\n<p style=\"text-align: justify;\">C&rsquo;est ici l&rsquo;occasion d&rsquo;appeler instamment toutes les nations du monde de se saisir de cette mort horrible et atroce du journaliste, pour prot\u00e9ger la libert\u00e9 d&rsquo;expression, en instituant un bureau des Nations unies, \u00e0 part enti\u00e8re, qui rel\u00e8ve directement du secr\u00e9taire g\u00e9n\u00e9ral, dot\u00e9 d&rsquo;une \u00e9quipe qui s&rsquo;occupe sp\u00e9cialement d&rsquo;observation, de suivi, ainsi que de formulation des recommandations aux \u00c9tats membres, sur le droit \u00e0 la libert\u00e9 d\u2019opinion, d&rsquo;expression et de presse.<\/p>\n<p style=\"text-align: justify;\">Un tel bureau devrait \u00eatre dirig\u00e9e par une personnalit\u00e9 d&rsquo;envergure internationale, qui a une tr\u00e8s bonne connaissance de b.a.-ba du monde de m\u00e9dias et de communication, jouissant de grandes capacit\u00e9s de mobilisation, pour clamer haut et fort la d\u00e9fense \u00e0 la libert\u00e9 d&rsquo;expression et faire entendre cette voix au plus haut niveau, \u00e0 la fois des pouvoirs publics, des soci\u00e9t\u00e9s civiles et des diff\u00e9rentes opinions publiques internationales, pour condamner toutes violences dont sont victimes les journalistes, veiller \u00e0 ce qu&rsquo;ils ne puissent plus \u00eatre victimes de tels actes, sous quelque forme que ce soit.<\/p>\n<p style=\"text-align: justify;\"><strong>\u00a0<\/strong><\/p>\n<p style=\"text-align: justify;\"><strong>Isidore KWANDJA NGEMBO, Politologue<\/strong><\/p>\n","protected":false},"excerpt":{"rendered":"<p>En cette Journ\u00e9e internationale de la fin de l&rsquo;impunit\u00e9 pour les crimes commis contre des journalistes, 02 novembre, le meurtre du journaliste saoudien Jamal Khashoggi \u2013 qui a soulev\u00e9 un toll\u00e9 g\u00e9n\u00e9ral sans pr\u00e9c\u00e9dent dans la communaut\u00e9 internationale qui s&rsquo;est toujours interdite de toute critique \u00e0 l&rsquo;\u00e9gard de l&rsquo;Arabie Saoudite, de bl\u00e2mer ni pointer du [&hellip;]<\/p>\n","protected":false},"author":1,"featured_media":3839,"comment_status":"closed","ping_status":"closed","sticky":false,"template":"","format":"standard","meta":{"footnotes":""},"categories":[4,6,7,8],"tags":[],"class_list":["post-4082","post","type-post","status-publish","format-standard","has-post-thumbnail","hentry","category-canada","category-maghreb","category-monde","category-numero-du-mois"],"_links":{"self":[{"href":"https:\/\/maroc-canada.ca\/index.php?rest_route=\/wp\/v2\/posts\/4082","targetHints":{"allow":["GET"]}}],"collection":[{"href":"https:\/\/maroc-canada.ca\/index.php?rest_route=\/wp\/v2\/posts"}],"about":[{"href":"https:\/\/maroc-canada.ca\/index.php?rest_route=\/wp\/v2\/types\/post"}],"author":[{"embeddable":true,"href":"https:\/\/maroc-canada.ca\/index.php?rest_route=\/wp\/v2\/users\/1"}],"replies":[{"embeddable":true,"href":"https:\/\/maroc-canada.ca\/index.php?rest_route=%2Fwp%2Fv2%2Fcomments&post=4082"}],"version-history":[{"count":1,"href":"https:\/\/maroc-canada.ca\/index.php?rest_route=\/wp\/v2\/posts\/4082\/revisions"}],"predecessor-version":[{"id":4083,"href":"https:\/\/maroc-canada.ca\/index.php?rest_route=\/wp\/v2\/posts\/4082\/revisions\/4083"}],"wp:featuredmedia":[{"embeddable":true,"href":"https:\/\/maroc-canada.ca\/index.php?rest_route=\/wp\/v2\/media\/3839"}],"wp:attachment":[{"href":"https:\/\/maroc-canada.ca\/index.php?rest_route=%2Fwp%2Fv2%2Fmedia&parent=4082"}],"wp:term":[{"taxonomy":"category","embeddable":true,"href":"https:\/\/maroc-canada.ca\/index.php?rest_route=%2Fwp%2Fv2%2Fcategories&post=4082"},{"taxonomy":"post_tag","embeddable":true,"href":"https:\/\/maroc-canada.ca\/index.php?rest_route=%2Fwp%2Fv2%2Ftags&post=4082"}],"curies":[{"name":"wp","href":"https:\/\/api.w.org\/{rel}","templated":true}]}}