{"id":4093,"date":"2018-11-14T10:07:19","date_gmt":"2018-11-14T15:07:19","guid":{"rendered":"http:\/\/maghreb-canada.ca\/?p=4093"},"modified":"2018-11-14T10:12:12","modified_gmt":"2018-11-14T15:12:12","slug":"guyane-francaise-lancement-du-deuxieme-satellite-marocain-mohammed-vi-b","status":"publish","type":"post","link":"https:\/\/maroc-canada.ca\/?p=4093","title":{"rendered":"Guyane fran\u00e7aise : Lancement du deuxi\u00e8me satellite marocain Mohammed VI \u2013 B"},"content":{"rendered":"<div class=\"entry\">\n<p style=\"text-align: justify;\"><a href=\"http:\/\/maroc-canada.ca\/wp-content\/uploads\/2018\/11\/M-vi-sat.jpg\"><img loading=\"lazy\" decoding=\"async\" class=\"alignleft  wp-image-4094\" src=\"http:\/\/maroc-canada.ca\/wp-content\/uploads\/2018\/11\/M-vi-sat.jpg\" alt=\"M vi sat\" width=\"115\" height=\"143\" srcset=\"https:\/\/maroc-canada.ca\/wp-content\/uploads\/2018\/11\/M-vi-sat.jpg 410w, https:\/\/maroc-canada.ca\/wp-content\/uploads\/2018\/11\/M-vi-sat-241x300.jpg 241w\" sizes=\"auto, (max-width: 115px) 100vw, 115px\" \/><\/a>Le Royaume du Maroc lancera le satellite Mohammed VI \u2013 B, le mercredi 21 novembre 2018 \u00e0 02h42min31s, heure de Rabat (Maroc), \u00e0 Kourou en Guyane fran\u00e7aise.<\/p>\n<p style=\"text-align: justify;\">C\u2019est un satellite d\u2019observation de la Terre qui a \u00e9t\u00e9 d\u00e9velopp\u00e9 par le consortium Thales Alenia Space dans le cadre du programme spatial d\u00e9cid\u00e9 par Sa Majest\u00e9 le Roi, que Dieu L\u2019assiste et qui sera mis en orbite par la fus\u00e9e Vega, depuis le Centre Spatial Guyanais.<\/p>\n<p style=\"text-align: justify;\">Il s\u2019agit du deuxi\u00e8me satellite du programme Mohammed VI \u2013 A&amp;B, (le satellite Mohammed VI \u2013 A ayant \u00e9t\u00e9 lanc\u00e9 par Arianespace le 07 novembre 2017 \u00e0 bord du lanceur l\u00e9ger Vega), qui compl\u00e9tera la constellation Mohammed VI.<\/p>\n<p style=\"text-align: justify;\">Les deux satellites Mohammed VI \u2013 A&amp;B seront compl\u00e9mentaires et permettront d\u2019assurer une couverture plus rapide des zones d\u2019int\u00e9r\u00eat.<\/p>\n<p style=\"text-align: justify;\">Le satellite Mohammed VI \u2013 B servira aux activit\u00e9s cartographiques et cadastrales, \u00e0 l\u2019am\u00e9nagement du territoire, au suivi des activit\u00e9s agricoles, \u00e0 la pr\u00e9vention et \u00e0 la gestion des catastrophes naturelles, au suivi des \u00e9volutions environnementales et de la d\u00e9sertification.<\/p>\n<p style=\"text-align: justify;\">Pour suivre ce lancement en direct sur Internet et en haut d\u00e9bit, connectez-vous sur le site <a href=\"http:\/\/arianespace.com\/?fbclid=IwAR10njonL8bUmBbg-gbglKYcXUHNiyRGZeJSiniXjIcmFz-uCqyTMBSWm4U\" target=\"_blank\" rel=\"noopener nofollow\" data-ft=\"{&quot;tn&quot;:&quot;-U&quot;}\" data-lynx-mode=\"async\" data-lynx-uri=\"https:\/\/l.facebook.com\/l.php?u=http%3A%2F%2Farianespace.com%2F%3Ffbclid%3DIwAR10njonL8bUmBbg-gbglKYcXUHNiyRGZeJSiniXjIcmFz-uCqyTMBSWm4U&amp;h=AT0U-S27qPmBGJ2ZYse3vHEdGE8hhJxDriS0GNRL3RJvMmcOgrf8WXqxA7JUSm0ODhNSJtPdMikhVH1gUUWUlL7PCHipoXhkzkZFjD9-YFqsDR9UmMPgTpFdevmf5rBZnONRYCc0ABDu7FkCHudRTCLWkCf_qGRnPFzGtMfnwv1RJMa6ZEf4ubGMRkV1ievHgaWvixAxwKxEB89sXUvnIEPV_uQ4F34lvcud-z5gUHTkEd_1JP4odoi3lrTcZiPhppwu3ikg40e9Cugi2tIMQL83QtAj_U2Q2g8FdC_FI0-CAFaVowvRWsk8uqloc80URISsi6EPwGFJ-kLYelkSZb0CSFQ4P-9FlAWutLo-ZhSE-EbbivgJo19uwIlmfeYAynbfK8W6loa5cxwoYXJ6ppNVS3hKghCer-0FMhYmubwzbmMm4vZSCMKfe1ykN2eQ91xjAwrq1vz1HBQOKJK1wmGHpCiOKVIqzeydFRsHCg0i6CrkdOgy2X-BIw5ioPIkD2MFp14GxK1zi1n4rmGQdcBSfv_81aWcbGy75z5we7hWS-vXdFbxVAE9tQkB52OskVQX72seRjxFrhD4bSpmEFdPII3KuxGpcKwc2dohD1renIS_3Mx9Y5h3ZMr_2tmXuOU\">arianespace.com<\/a> ou sur la cha\u00eene YouTube Arianespace <a href=\"https:\/\/youtube.com\/arianespace?fbclid=IwAR3lKt2eRxaVZ4mZ5nEmWPnQtX2QJDe-wKezEDeyAskcuM6FlesqjLAQWmI\" target=\"_blank\" rel=\"noopener nofollow\" data-ft=\"{&quot;tn&quot;:&quot;-U&quot;}\" data-lynx-mode=\"async\" data-lynx-uri=\"https:\/\/l.facebook.com\/l.php?u=https%3A%2F%2Fyoutube.com%2Farianespace%3Ffbclid%3DIwAR3lKt2eRxaVZ4mZ5nEmWPnQtX2QJDe-wKezEDeyAskcuM6FlesqjLAQWmI&amp;h=AT20-gaoaPplTh4N5OplOyUbLnmcAq3Ux1Hl4sa3j06MgE0lYvV15X983sR5_OJS8PZ7izWw8a7--q5wVVee0npxbHye5jTFzrQoBDNxwDa-lsK1p4pfuz2y-r-9AJYomMGvPpaeiKpUHEgQ7_k5fsmpLa0loNYAyzovQNNxLkHkD6_DW31WmDQQkkcV5AniUJIhm5zQ36sg2NoDFA1PKnFx4WkjBUBJvEjdIwDjzPs0-lkVDllNm-wVWZ5HCczYNoeLuA1rKCpW3O1BFzhZatbUfJB0AD-6Z6UrfSsvJaCsX6jL9FZnDCUo5jMxfDTSr3tIqT0IriF-2fH03k4NKmKj55nVjNN3liv0ilvqdmtk6i62AW-oLiobhbFBmfL1byl57PAMvcann9YjNforMcfJU9_hwxOJRQIWYaXOFHr0_z5sBuFYfGZ4jyWt2ltNsN4rWBXgVIyoc-4gnyBxIrtMZSngv5aIk8t3Opet0uvax8J2C4q-kxfkrP3mhFW1Hj6poAq8Fsp0QIu4sqw9yJ3IXDjZ0Hc4svyfGYheSTNKYTsWbRgCUOV-A_boXG0CmMg8NbKvEvmjye_wNv7oKcSg4pO_sBD4EhMbLDX8rVl1Ujbs6AZ0cJ2R0F9irXC7v74\">youtube.com\/arianespace<\/a><br \/>\n(Commentaires depuis Kourou en fran\u00e7ais et en anglais \u00e0 partir de Heure 0 &#8211; 20 minutes).<\/p>\n<p style=\"text-align: justify;\">Source : <a href=\"http:\/\/anatem.info\">anatem.info<\/a><\/p>\n<\/div>\n","protected":false},"excerpt":{"rendered":"<p>Le Royaume du Maroc lancera le satellite Mohammed VI \u2013 B, le mercredi 21 novembre 2018 \u00e0 02h42min31s, heure de Rabat (Maroc), \u00e0 Kourou en Guyane fran\u00e7aise. C\u2019est un satellite d\u2019observation de la Terre qui a \u00e9t\u00e9 d\u00e9velopp\u00e9 par le consortium Thales Alenia Space dans le cadre du programme spatial d\u00e9cid\u00e9 par Sa Majest\u00e9 le [&hellip;]<\/p>\n","protected":false},"author":1,"featured_media":4094,"comment_status":"closed","ping_status":"closed","sticky":false,"template":"","format":"standard","meta":{"footnotes":""},"categories":[6,7,8],"tags":[],"class_list":["post-4093","post","type-post","status-publish","format-standard","has-post-thumbnail","hentry","category-maghreb","category-monde","category-numero-du-mois"],"_links":{"self":[{"href":"https:\/\/maroc-canada.ca\/index.php?rest_route=\/wp\/v2\/posts\/4093","targetHints":{"allow":["GET"]}}],"collection":[{"href":"https:\/\/maroc-canada.ca\/index.php?rest_route=\/wp\/v2\/posts"}],"about":[{"href":"https:\/\/maroc-canada.ca\/index.php?rest_route=\/wp\/v2\/types\/post"}],"author":[{"embeddable":true,"href":"https:\/\/maroc-canada.ca\/index.php?rest_route=\/wp\/v2\/users\/1"}],"replies":[{"embeddable":true,"href":"https:\/\/maroc-canada.ca\/index.php?rest_route=%2Fwp%2Fv2%2Fcomments&post=4093"}],"version-history":[{"count":2,"href":"https:\/\/maroc-canada.ca\/index.php?rest_route=\/wp\/v2\/posts\/4093\/revisions"}],"predecessor-version":[{"id":4097,"href":"https:\/\/maroc-canada.ca\/index.php?rest_route=\/wp\/v2\/posts\/4093\/revisions\/4097"}],"wp:featuredmedia":[{"embeddable":true,"href":"https:\/\/maroc-canada.ca\/index.php?rest_route=\/wp\/v2\/media\/4094"}],"wp:attachment":[{"href":"https:\/\/maroc-canada.ca\/index.php?rest_route=%2Fwp%2Fv2%2Fmedia&parent=4093"}],"wp:term":[{"taxonomy":"category","embeddable":true,"href":"https:\/\/maroc-canada.ca\/index.php?rest_route=%2Fwp%2Fv2%2Fcategories&post=4093"},{"taxonomy":"post_tag","embeddable":true,"href":"https:\/\/maroc-canada.ca\/index.php?rest_route=%2Fwp%2Fv2%2Ftags&post=4093"}],"curies":[{"name":"wp","href":"https:\/\/api.w.org\/{rel}","templated":true}]}}