{"id":4098,"date":"2018-11-19T13:28:29","date_gmt":"2018-11-19T18:28:29","guid":{"rendered":"http:\/\/maghreb-canada.ca\/?p=4098"},"modified":"2018-11-19T14:05:31","modified_gmt":"2018-11-19T19:05:31","slug":"tribune-libre-un-sac-fourre-tout-du-nom-de-laicite","status":"publish","type":"post","link":"https:\/\/maroc-canada.ca\/?p=4098","title":{"rendered":"Tribune libre : Un sac \u00ab\u00a0fourre-tout\u00a0\u00bb du nom de la\u00efcit\u00e9"},"content":{"rendered":"<p style=\"text-align: justify;\">\u00ab Nous sommes tous tr\u00e8s ignorants, ce qui se passe c\u2019est que nous n\u2019ignorons pas tous les m\u00eames choses. \u00bb\u00a0 Albert Einstein.<\/p>\n<p style=\"text-align: justify;\">Selon les latitudes, la haine de l&rsquo;\u00e9tranger change de nom. En occident, elle s&rsquo;appelle patriotisme ou nationalisme, dans les autres pays, elle s&rsquo;appelle x\u00e9nophobie&#8230;<br \/>\nRacisme et x\u00e9nophobie ne sont pas de g\u00e9n\u00e9ration spontan\u00e9e, mais le produit d\u2019une politique qui s\u2019y abandonne, \u00a0d\u2019une ignorance suspecte, car parfois intentionnelle et d\u2019une promiscuit\u00e9 nourrie par les m\u00e9dias, les r\u00e9seaux sociaux et par certains politiciens en qu\u00eate de la fibre nationaliste.<\/p>\n<p style=\"text-align: justify;\">Autrefois, les imb\u00e9ciles de taverne disposaient d\u2019un public restreint. Aujourd\u2019hui, ils ont envahi les r\u00e9seaux sociaux o\u00f9 ils diffusent la petite haine visqueuse avec laquelle ils se saoulent, \u00e9crivait David Desjardins &#8211; Journal Le Devoir<\/p>\n<p style=\"text-align: justify;\">Le sujet et le d\u00e9bat sur la la\u00efcit\u00e9 revient tel un boomerang \u00e0 chaque fois qu\u2019on parle des signes religieux, de l\u2019hidjab, de la neutralit\u00e9 religieuse de l\u2019\u00e9tat et \u00e0 chaque p\u00e9riode pr\u00e9-\u00e9lectorale.<\/p>\n<p style=\"text-align: justify;\">La la\u00efcit\u00e9 est devenue un sac fourre-tout pour y mettre tous les sujets sensibles que nous devons d\u00e9battre en soci\u00e9t\u00e9.<\/p>\n<p style=\"text-align: justify;\">Or, on fait souvent l\u2019amalgame entre la la\u00efcit\u00e9 et la neutralit\u00e9 religieuse de l\u2019\u00e9tat, entre l\u2019int\u00e9gration et l\u2019assimilation, entre le musulman et l\u2019islamiste\u2026etc.<\/p>\n<p style=\"text-align: justify;\">Sur proposition de mon ami Abderrahman El Fouladi, j\u2019ai lanc\u00e9 un mini sondage sur le sujet de la la\u00efcit\u00e9, destin\u00e9 \u00e0 mon entourage imm\u00e9diat; ami(e)s, coll\u00e8gues de travail, contacts facebook\u2026Les r\u00e9sultats sont venus confirmer une doxa flagrante.<\/p>\n<h2 style=\"text-align: justify;\">Comment d\u00e9finissez-vous la la\u00efcit\u00e9\u00a0:<\/h2>\n<p style=\"text-align: justify;\">A. Neutralit\u00e9 religieuse\u00a0: 37 %.<\/p>\n<p style=\"text-align: justify;\">B. \u00c9galit\u00e9 des personnes (Ex: principe de l&rsquo;\u00e9galit\u00e9 homme\/femme) : 7,4 %.<\/p>\n<p style=\"text-align: justify;\">C. Libert\u00e9 de conscience\u00a0: 14,8 %.<\/p>\n<p style=\"text-align: justify;\">S\u00e9paration des religions et de l\u2019\u00e9tat\u00a0: 74,1 %.<\/p>\n<h3 style=\"text-align: justify;\">Analyse\u00a0:<\/h3>\n<p style=\"text-align: justify;\">A. Une personne sur trois, fait encore l\u2019amalgame entre la la\u00efcit\u00e9 et la neutralit\u00e9 religieuse de l\u2019\u00e9tat. La seule neutralit\u00e9 religieuse, en dehors de la la\u00efcit\u00e9, est faible et inutile, car il manque 3 ingr\u00e9dients essentiels \u00e0 la recette, et qui feront la force d&rsquo;un \u00e9tat la\u00efc.<\/p>\n<p style=\"text-align: justify;\">B. La la\u00efcit\u00e9 garantit aux croyants et aux non-croyants le m\u00eame droit \u00e0 la libert\u00e9 d\u2019expression de leurs convictions. Elle assure aussi bien le droit d\u2019avoir ou de ne pas avoir de religion, d\u2019en changer ou de ne plus en avoir. Elle suppose la s\u00e9paration de l\u2019\u00c9tat et des organisations religieuses. L\u2019ordre politique est fond\u00e9 sur la seule souverainet\u00e9 du peuple des citoyens, et l\u2019\u00c9tat, qui ne reconna\u00eet et ne salarie aucun culte, ne r\u00e9git pas le fonctionnement interne des organisations religieuses.<\/p>\n<p style=\"text-align: justify;\">C. La s\u00e9paration des religions et de l\u2019\u00e9tat constitue une des composantes de la la\u00efcit\u00e9.<\/p>\n<p style=\"text-align: justify;\">Trois personnes sur quatre, choisissent une mono d\u00e9finition\u00a0: \u00a0la s\u00e9paration des religions et de l\u2019\u00e9tat.<\/p>\n<h2 style=\"text-align: justify;\">La\u00efcit\u00e9 et Neutralit\u00e9 religieuse de l&rsquo;\u00e9tat sont-elles synonymes ?\u00a0:<\/h2>\n<p style=\"text-align: justify;\">Oui\u00a0: 50 %.<\/p>\n<p style=\"text-align: justify;\">Non\u00a0: 50 %.<\/p>\n<h3 style=\"text-align: justify;\">Analyse\u00a0:<\/h3>\n<p style=\"text-align: justify;\">Neutralit\u00e9 et la\u00efcit\u00e9 ne sont pas identiques et donnent lieu \u00e0 des pratiques de gestion diff\u00e9rentes du religieux de la part de l\u2019\u00c9tat. La neutralit\u00e9 est donc l\u2019une des composantes de la la\u00efcit\u00e9. En dehors du champ de la la\u00efcit\u00e9, la neutralit\u00e9 religieuse est orpheline et sans grande port\u00e9e. L&rsquo;\u00c9tat qu\u00e9b\u00e9cois a choisi la voie de la neutralit\u00e9 religieuse et a mis la\u00a0la\u00efcit\u00e9 sur le banc des rempla\u00e7ants.<\/p>\n<h2 style=\"text-align: left;\">Pour un \u00e9tat la\u00efc, l&rsquo;\u00e9quilibre entre la libert\u00e9 religieuse et la neutralit\u00e9 religieuse, veut dire :<\/h2>\n<p style=\"text-align: justify;\">A. Affirmer la libert\u00e9 de conscience et l&rsquo;\u00e9galit\u00e9 des croyants et des ath\u00e9es : 48,1 %.<\/p>\n<p style=\"text-align: justify;\">B. Priver un croyant de ses signes religieux : 13 %.<\/p>\n<p style=\"text-align: justify;\">C. Brimer la libert\u00e9 de religion : 3,7 %.<\/p>\n<p style=\"text-align: justify;\">Aucune de ces r\u00e9ponses\u00a0: 35,2 %.<\/p>\n<h2 style=\"text-align: justify;\">Analyse\u00a0:<\/h2>\n<p style=\"text-align: justify;\">A. La libert\u00e9 de conscience est le droit d&rsquo;un individu d&rsquo;avoir le libre choix de son syst\u00e8me de valeurs et des principes qui guident son existence et de pouvoir y adh\u00e9rer publiquement et d&rsquo;y conformer ses actes. Elle inclut la libert\u00e9 de croyance, de religion ou de ne pas avoir de religion.<\/p>\n<p style=\"text-align: justify;\">B. Les signes religieux sont une partie int\u00e9grante de certaines religions, exemple\u00a0: la kippa pour les juifs, le turban pour les sikhs et l\u2019hidjab pour certaines femmes musulmanes.<\/p>\n<p style=\"text-align: justify;\">C. Donc priver un croyant de ses signes religieux constitue un manquement flagrant du principe m\u00eame de la la\u00efcit\u00e9, qui stipule que les modes d\u2019organisation de la la\u00efcit\u00e9 portent principalement sur, et s\u2019appr\u00e9cient par, la notion de libert\u00e9 des cultes. \u00c7a sera d\u00e9raisonnable de pr\u00f4ner la libert\u00e9 de culte et en m\u00eame temps priver le croyant de ses signes religieux.<\/p>\n<h2 style=\"text-align: justify;\">Qu&rsquo;est ce qui pourrait nuire \u00e0 l&rsquo;application de la la\u00efcit\u00e9 au Qu\u00e9bec\u00a0:<\/h2>\n<ul style=\"text-align: justify;\">\n<li>Le port des signes religieux ostentatoires (exemple : hidjab, kippa, turban\u2026etc.) : 53,8 % des r\u00e9pondants.<\/li>\n<li>Le crucifix dans le salon bleu de l\u2019assembl\u00e9e nationale du Qu\u00e9bec et\u00a0Le crucifix dans le salon bleu de l\u2019assembl\u00e9e nationale du Qu\u00e9bec et\u00a0dans les administrations publiques : 44,2 % des r\u00e9pondants.<\/li>\n<li>Le financement \u00e0 m\u00eame les fonds publics des \u00e9coles priv\u00e9es confessionnelles : 25 % des r\u00e9pondants.<\/li>\n<li>La monarchie, qui est \u00ab d\u00e9fenseur de la foi \u00bb et chef de l&rsquo;\u00e9glise anglicane : 26,9 % des r\u00e9pondants.<\/li>\n<\/ul>\n<p style=\"text-align: justify;\">Analyse\u00a0:<\/p>\n<p style=\"text-align: justify;\">Le port des signes religieux reste le point culminant quant \u00e0 une application sans failles de la la\u00efcit\u00e9 d&rsquo;apr\u00e8s les r\u00e9pondants, suivi du crucifix dans le salon bleu de l\u2019assembl\u00e9e nationale et dans les administrations publiques, alors que le financement \u00e0 m\u00eame les fonds publics toutes les \u00e9coles priv\u00e9es confessionnelles\u00a0et les fonctions religieuses de la monarchie sont consid\u00e9r\u00e9s de moindre incidence.<\/p>\n<h2 style=\"text-align: justify;\">Instrumentalisation de la la\u00efcit\u00e9<\/h2>\n<p style=\"text-align: justify;\">Selon Mohamed- Cherif-Ferjani, Politologue \u00e0 l\u2019universit\u00e9 Lyon 2 : \u2018\u2019La la\u00efcit\u00e9 se trouve instrumentalis\u00e9e aussi bien par une partie de ses partisans qui en ont oubli\u00e9 les enjeux et l\u2019esprit, que par des adversaires qui l\u2019ont combattue jusqu\u2019\u00e0 un pass\u00e9 pas tr\u00e8s lointain, pour alimenter la x\u00e9nophobie et appeler \u00e0 l\u2019exclusion d\u2019une partie de la population consid\u00e9r\u00e9e, en raison de ses origines et de ses croyances religieuses, comme une menace pour les valeurs de la soci\u00e9t\u00e9 d\u2019accueil\u2019\u2019 <i>(Extrait d\u2019un texte de l\u2019auteur paru dans <\/i>\u00a0\u00ab revues plurielles \u00bb :<\/p>\n<p style=\"text-align: justify;\">Ces derni\u00e8res ann\u00e9es, le plus souvent \u00e0 partir de la question du voile islamique, la la\u00efcit\u00e9 a \u00e9t\u00e9 falsifi\u00e9e, instrumentalis\u00e9e et est devenue au Qu\u00e9bec un marqueur identitaire. Cette la\u00efcit\u00e9 identitaire, revendiqu\u00e9e indirectement par une majeure partie de la classe politique, une Olla-Podrida d\u2019int\u00e9gration et d\u2019assimilation a surgit de ce contexte de fr\u00e9n\u00e9sie identitaire.<\/p>\n<p style=\"text-align: justify;\">Selon Laetitia VanEeckhout,\u00a0journaliste au journal Le Monde : \u00ab <i>l\u2019int\u00e9gration exprime davantage une dynamique d\u2019\u00e9change, dans laquelle chacun accepte de se constituer partie d\u2019un tout o\u00f9 l\u2019adh\u00e9sion aux r\u00e8gles de fonctionnement et aux valeurs de la soci\u00e9t\u00e9 d\u2019accueil, et le respect de ce qui fait l\u2019unit\u00e9 et l\u2019int\u00e9grit\u00e9 de la communaut\u00e9 n\u2019interdisent pas le maintien des diff\u00e9rences<\/i>.\u00a0\u00bb<\/p>\n<p style=\"text-align: justify;\">L\u2019assimilation est le processus de transformation culturelle que subissent les groupes sociaux minoritaires, au contact du groupe majoritaire. Le sens que prend globalement le terme aujourd\u2019hui est l\u2019adoption progressive par les individus d\u2019un groupe minoritaire des traits culturels du groupe majoritaire qui les \u00ab\u00a0accueille\u00a0\u00bb jusqu\u2019\u00e0 la progressive disparition de tous traits culturels initiaux.<\/p>\n<p style=\"text-align: justify;\">Un exemple tr\u00e8s simpliste pour illustrer la diff\u00e9rence entre int\u00e9gration et assimilation\u00a0: Si vous voyagez en Angleterre et d\u00e9sirez conduire une voiture, vous devez int\u00e9grer leur code de la route et rouler \u00e0 gauche sinon, vous prenez le risque de vous tuer et de tuer d&rsquo;autres personnes par contre, \u00e0 l&rsquo;int\u00e9rieur de votre v\u00e9hicule, vous n&rsquo;avez aucune obligation d&rsquo;\u00e9couter de la musique anglaise&#8230;Vous pouvez donc l\u00e9gitimement continuer \u00e0 \u00e9couter \u00c9ric Lapointe, Ginette Reno ou autre&#8230;<\/p>\n<p style=\"text-align: justify;\">Et comme on nous le fait assez souvent rappeler que nous sommes dans une soci\u00e9t\u00e9 d\u2019accueil d\u2019h\u00e9ritage jud\u00e9o-chr\u00e9tien, je finis mon article par une citation du Pape Fran\u00e7ois, dat\u00e9e du 15 ao\u00fbt 2017\u00a0: <i>\u00ab l\u2019int\u00e9gration n&rsquo;est pas pr\u00e9sent\u00e9e comme une assimilation, qui conduit \u00e0 supprimer ou \u00e0 oublier sa propre identit\u00e9 culturelle. \u00bb<\/i><\/p>\n<p><em>Par <strong>Nasser Bensefia<\/strong> pour Maghreb Canada Express, page14, Vol. XVI, N\u00b011 , Novembre-D\u00e9cembre 2018.<\/em><\/p>\n<h2>Pour lire\u00a0 l\u2019\u00e9dition de Novembre-d\u00e9cembre 2018, cliquer sur l\u2019image:<\/h2>\n<div class=\"textwidget\">\n<p><a href=\"http:\/\/www.maghreb-canada.ca\/journal\/2018\/MCE184-11-2018.pdf\"> <img loading=\"lazy\" decoding=\"async\" class=\"style1\" src=\"http:\/\/www.maghreb-canada.ca\/journal\/2018\/n184.jpg\" alt=\"Maghreb Canada Express\" width=\"176\" height=\"239\" \/><\/a><\/p>\n<\/div>\n","protected":false},"excerpt":{"rendered":"<p>\u00ab Nous sommes tous tr\u00e8s ignorants, ce qui se passe c\u2019est que nous n\u2019ignorons pas tous les m\u00eames choses. \u00bb\u00a0 Albert Einstein. Selon les latitudes, la haine de l&rsquo;\u00e9tranger change de nom. En occident, elle s&rsquo;appelle patriotisme ou nationalisme, dans les autres pays, elle s&rsquo;appelle x\u00e9nophobie&#8230; Racisme et x\u00e9nophobie ne sont pas de g\u00e9n\u00e9ration spontan\u00e9e, [&hellip;]<\/p>\n","protected":false},"author":1,"featured_media":4099,"comment_status":"closed","ping_status":"closed","sticky":false,"template":"","format":"standard","meta":{"footnotes":""},"categories":[4,5,8,13],"tags":[],"class_list":["post-4098","post","type-post","status-publish","format-standard","has-post-thumbnail","hentry","category-canada","category-immigration","category-numero-du-mois","category-tribune-libre"],"_links":{"self":[{"href":"https:\/\/maroc-canada.ca\/index.php?rest_route=\/wp\/v2\/posts\/4098","targetHints":{"allow":["GET"]}}],"collection":[{"href":"https:\/\/maroc-canada.ca\/index.php?rest_route=\/wp\/v2\/posts"}],"about":[{"href":"https:\/\/maroc-canada.ca\/index.php?rest_route=\/wp\/v2\/types\/post"}],"author":[{"embeddable":true,"href":"https:\/\/maroc-canada.ca\/index.php?rest_route=\/wp\/v2\/users\/1"}],"replies":[{"embeddable":true,"href":"https:\/\/maroc-canada.ca\/index.php?rest_route=%2Fwp%2Fv2%2Fcomments&post=4098"}],"version-history":[{"count":4,"href":"https:\/\/maroc-canada.ca\/index.php?rest_route=\/wp\/v2\/posts\/4098\/revisions"}],"predecessor-version":[{"id":4114,"href":"https:\/\/maroc-canada.ca\/index.php?rest_route=\/wp\/v2\/posts\/4098\/revisions\/4114"}],"wp:featuredmedia":[{"embeddable":true,"href":"https:\/\/maroc-canada.ca\/index.php?rest_route=\/wp\/v2\/media\/4099"}],"wp:attachment":[{"href":"https:\/\/maroc-canada.ca\/index.php?rest_route=%2Fwp%2Fv2%2Fmedia&parent=4098"}],"wp:term":[{"taxonomy":"category","embeddable":true,"href":"https:\/\/maroc-canada.ca\/index.php?rest_route=%2Fwp%2Fv2%2Fcategories&post=4098"},{"taxonomy":"post_tag","embeddable":true,"href":"https:\/\/maroc-canada.ca\/index.php?rest_route=%2Fwp%2Fv2%2Ftags&post=4098"}],"curies":[{"name":"wp","href":"https:\/\/api.w.org\/{rel}","templated":true}]}}