{"id":4106,"date":"2018-11-19T13:55:36","date_gmt":"2018-11-19T18:55:36","guid":{"rendered":"http:\/\/maghreb-canada.ca\/?p=4106"},"modified":"2018-11-19T14:04:19","modified_gmt":"2018-11-19T19:04:19","slug":"mondialisation-de-lextremisme-la-percee-de-lextreme-droite-en-europe","status":"publish","type":"post","link":"https:\/\/maroc-canada.ca\/?p=4106","title":{"rendered":"Mondialisation de l\u2019extr\u00e9misme : La perc\u00e9e de l\u2019extr\u00eame-droite en Europe"},"content":{"rendered":"<p style=\"text-align: justify;\">Avec la mont\u00e9e de l\u2019extr\u00eame droite en Europe et dans le reste du monde, le mal s\u2019est banalis\u00e9. Les racistes, les homophobes, les antis\u00e9mites, les x\u00e9nophobes, dans les ann\u00e9es 80, en France, \u00e9taient plus discrets, voire effac\u00e9s. Actuellement, ils affichent ouvertement leur racisme, non seulement du regard, mais verbalement.<\/p>\n<p style=\"text-align: justify;\">Dans son livre \u00ab\u00a0Eichmann \u00e0 J\u00e9rusalem. Rapport sur la banalit\u00e9 du mal\u00a0\u00bb, Hannah Arendt, d\u00e9veloppe, le cas d\u2019un homme ordinaire apparemment civilis\u00e9, mais mal \u00e9duqu\u00e9 car nationaliste et imperm\u00e9able aux sentiments d\u00e9mo-lib\u00e9raux. Par on ne sait quel lugubre d\u00e9terminisme, l&rsquo;antis\u00e9mite ordinaire, le nationaliste, voire le vulgaire patriote, seraient programm\u00e9s, \u00e0 terme, pour commettre le crime le plus abject. Il r\u00e9sulte de cette th\u00e9orie admise par les acteurs du socialisme la n\u00e9cessit\u00e9 de supprimer toutes les racines identitaires du \u00ab\u00a0m\u00e2le blanc\u00a0\u00bb, la nation et la langue en premier lieu, afin de pr\u00e9venir l&rsquo;indicible.<\/p>\n<h2 style=\"text-align: justify;\">Au Br\u00e9sil\u00a0: \u2018\u2019\u00c7a va cogner\u2019\u2019 rench\u00e9rit le nouveau pr\u00e9sident<\/h2>\n<p style=\"text-align: justify;\">L\u2019ex-capitaine de l\u2019arm\u00e9e br\u00e9silienne Jair Boolsonaro, a remport\u00e9 les \u00e9lections au Br\u00e9sil face au candidat du parti de Lula (toujours en prison). Son programme\u00a0? Celui de tous les d\u00e9magogues\u00a0: <i>\u00e7a va cogner\u00a0! Les corrompus, en taule\u00a0! Les voyous, on tire \u00e0 vue\u00a0<\/i>!<\/p>\n<p style=\"text-align: justify;\">Il est vrai que la corruption est, au Br\u00e9sil, un sport national qui exasp\u00e8re de\u00a0 plus en plus. Et l\u2019ins\u00e9curit\u00e9 une calamit\u00e9 nationale\u00a0: 63000 homicides l\u2019an dernier. Bien s\u00fbr, le seul sauveur c\u2019est Jair Boolsonaro, il se pr\u00e9sente comme un homme neuf, il est d\u00e9put\u00e9 f\u00e9d\u00e9ral depuis 27 ans. Il se proclame anti-syst\u00e8me (m\u00eame si tous lobbys \u00e9conomiques se rallient \u00e0 son panache). Il va \u00e0 la messe et croit bruyamment en Dieu. Il d\u00e9fend la famille contre les homosexuels honnis (Je pr\u00e9f\u00e9rerai que mon fils meure dans un accident plut\u00f4t que de le voir appara\u00eetre avec un moustachu\u00a0\u00bb. Il d\u00e9fend la patrie. Il d\u00e9fend les vraies valeurs contre les horribles migrants feignants (ici, les millions de r\u00e9fugi\u00e9s v\u00e9n\u00e9zu\u00e9liens). Il est misogyne, macho, raciste, homophobe, violemment anti-communiste, bref, d\u2019extr\u00eame droite.<\/p>\n<p style=\"text-align: justify;\">Dommage pour le peuple br\u00e9silien, car avec Lula, on a assist\u00e9 au Br\u00e9sil \u00e0 l\u2019apparition d\u2019une classe moyenne qui n\u2019existait pas jadis et qui risque de disparaitre avec l\u2019extr\u00eame droite au pouvoir.<\/p>\n<h2 style=\"text-align: justify;\">En Allemagne\u00a0: une relation des plus ambigu\u00ebs avec le nazisme<\/h2>\n<p style=\"text-align: justify;\">D\u2019apr\u00e8s \u00ab\u00a0Le Sud-Ouest\u00a0\u00bb du 28\/09, Le climat politique actuel en Allemagne semble profiter \u00e0 l\u2019AfD\u00a0: une chanceli\u00e8re en fin de r\u00e8gne, des sociaux-d\u00e9mocrates qui peinent \u00e0 exister sur la sc\u00e8ne politique, un pays divis\u00e9 sur le sujet des accueils des r\u00e9fugi\u00e9s. D\u00e8s lors, pour un grand nombre d\u2019Allemands l\u2019extr\u00eame droite appara\u00eet comme une solution plausible.<\/p>\n<p style=\"text-align: justify;\">La mont\u00e9e\u00a0 du populisme en Allemagne est li\u00e9e \u00e0 un profond sentiment d\u2019ins\u00e9curit\u00e9. Beaucoup de gens surtout \u00e0 l\u2019est du pays, dans l\u2019ex-RDA \u2013 ressentent comme une v\u00e9ritable menace la mutation rapide de leur cadre de vie, les d\u00e9fis de la mondialisation et l\u2019arriv\u00e9e des millions de r\u00e9fugi\u00e9s aux fronti\u00e8res de l\u2019Europe. L\u2019impression la plus r\u00e9pandue est que les \u00e9lites politiques au pouvoir ne contr\u00f4lent pas ces bouleversements.<\/p>\n<p style=\"text-align: justify;\">Le gouvernement d\u2019Angela Merkel est d\u00e9pass\u00e9, il perd le contact avec le peuple, ne comprend plus ses probl\u00e8mes, ses inqui\u00e9tudes et ses peurs. Le respect pour cette \u00e9lite est donc en chute libre. Pour beaucoup, Angela Merkel aurait trahi le peuple avec sa fameuse phrase \u00abNous y arriverons\u00a0\u00bb, prononc\u00e9e en pleine crise des r\u00e9fugi\u00e9s, qui sugg\u00e9rait que l\u2019Allemagne r\u00e9ussirait \u00e0 les accueillir.<\/p>\n<p style=\"text-align: justify;\">Je ne donnerai pas cher de l\u2019avenir d\u2019Angela Merkel, pour les prochaines \u00e9lections. Un certain Hitler avait dit jadis que si on expulsait les juifs de l\u2019Allemagne, il n\u2019y aurait plus de ch\u00f4meurs, et \u00e0 ce moment-l\u00e0 il n\u2019\u00e9tait pas encore au pouvoir, c\u2019\u00e9tait un simple soldat rescap\u00e9 de la premi\u00e8re guerre mondiale.<\/p>\n<h2 style=\"text-align: justify;\">En Hongrie : ligne dure anti-immigration<\/h2>\n<p style=\"text-align: justify;\">Des partis conservateurs en Europe, surtout \u00e0 l\u2019Est, se sont radicalis\u00e9s et ont repris ces discours anti-migrants. En Hongrie, le parti Fidesz du Premier ministre Viktor Orban a adopt\u00e9 une ligne dure anti-immigration et autoritaire. Si bien que le parti d\u2019extr\u00eame droite Jobbik, deuxi\u00e8me force du Parlement, a abandonn\u00e9 ses slogans racistes et antis\u00e9mites pour se recentrer sur la corruption et l\u2019\u00e9ducation.<\/p>\n<p style=\"text-align: justify;\">D\u2019apr\u00e8s l\u2019\u00e9crivain roumano-hongrois, Gy\u00f6rgy Dragoman, la plus grande erreur commise par les \u00e9lites apr\u00e8s le changement de r\u00e9gime fut leur incapacit\u00e9 \u00e0 faire face au pass\u00e9 communiste et \u00e0 effacer l\u2019ardoise.<\/p>\n<p style=\"text-align: justify;\">Les dossiers secrets des forces de s\u00e9curit\u00e9 n\u2019ont jamais \u00e9t\u00e9 d\u00e9classifi\u00e9s, et les vieilles structures de pouvoir se sont perp\u00e9tu\u00e9es dans l\u2019ombre. Les nouvelles \u00e9lites ont \u00e9chou\u00e9 \u00e0 cr\u00e9er un syst\u00e8me infaillible d\u2019institutions ind\u00e9pendantes. Une autre erreur fut d\u2019embrasser le march\u00e9 capitaliste sans r\u00e9soudre le probl\u00e8me sous-jacent de la corruption, qui a d\u00e9truit toute possibilit\u00e9 de transparence. Traditionnellement, les politiques en Hongrie consid\u00e9raient les intellectuels, les artistes et les penseurs ind\u00e9pendants comme des ennemis.<\/p>\n<p style=\"text-align: justify;\">Tout n\u2019est maintenant qu\u2019une histoire de domination politique. Le but est de contr\u00f4ler la totalit\u00e9 de la soci\u00e9t\u00e9 et de cr\u00e9er une \u00e9lite farouchement loyale au parti au pouvoir, notamment au Premier ministre Victor Orban. C\u2019est plut\u00f4t paradoxal, puisqu\u2019une \u00e9lite r\u00e9ellement fonctionnelle ne devrait pas pouvoir \u00eatre remplac\u00e9e sur un caprice, mais quand la loyaut\u00e9 inconditionnelle est le principal facteur pour appartenir \u00e0 cette pr\u00e9tendue \u00e9lite, alors l\u2019\u00e9lite ne peut pas fonctionner correctement et n\u2019est plus qu\u2019un ornement.<\/p>\n<h2 style=\"text-align: justify;\">En Italie : Existence d\u2019un vrai terreau de l\u2019extr\u00eame droite<\/h2>\n<p style=\"text-align: justify;\">La Ligue de Matteo Salvini est au pouvoir \u00e0 la faveur d\u2019une coalition jug\u00e9e au d\u00e9part improbable avec le Mouvement 5 \u00c9toiles (M5S, antisyst\u00e8me), alors qu\u2019elle n\u2019avait recueilli que 17% des voix aux l\u00e9gislatives. Au sein de ce gouvernement form\u00e9 le 31 mai dernier, l\u2019ex-Ligue du Nord, qui a abandonn\u00e9 ses id\u00e9aux s\u00e9cessionnistes pour adopter un discours anti-euro et anti-immigration, obtient sept minist\u00e8res, dont l\u2019Int\u00e9rieur, attribu\u00e9 \u00e0 Matteo Salvini.<\/p>\n<p style=\"text-align: justify;\">Pour les politologues transalpins, le succ\u00e8s de la Ligue, y compris au Sud, est notamment d\u00fb \u00e0 ses promesses de bloquer les ports aux migrants, baisser les imp\u00f4ts ou d\u2019interdire la construction de mosqu\u00e9es. La personnalit\u00e9 de l\u2019omnipr\u00e9sent Matteo Salvini, dont la communication emprunte parfois \u00e0 celle de Donald Trump, a permis au parti une ascension fulgurante\u00a0: la Ligue est d\u00e9sormais cr\u00e9dit\u00e9e de 30% d\u2019intentions de vote, devant toutes les autres formations.<\/p>\n<p style=\"text-align: justify;\">La mont\u00e9e de l\u2019extr\u00eame droite en Italie, ne m\u2019\u00e9tonnera jamais, car il y a un vrai terreau de l\u2019extr\u00eame droite en Italie en veille et qui n\u2019a pas besoin de grand-chose pour se r\u00e9veiller. On l\u2019a vu avec Berlusconi, la ni\u00e8ce de Mussolini et d\u2019autres.<\/p>\n<h2 style=\"text-align: justify;\">Les \u00c9tats-Unis de Trump<\/h2>\n<p style=\"text-align: justify;\">Donald Trump a gagn\u00e9 gr\u00e2ce \u00e0 l\u2019alliance de l\u2019Alt-right (\u00ab\u00a0droite alternative\u00a0\u00bb) am\u00e9ricaine et des caciques du Parti r\u00e9publicain. Son ancien strat\u00e8ge et ancien patron du site d\u2019extr\u00eame droite Breitbart, Steve Bannon, affirme \u00eatre \u00e0 l\u2019origine des id\u00e9es d\u2019un mur \u00e0 la fronti\u00e8re mexicaine ou du \u00ab\u00a0Muslim ban\u00a0\u00bb, qui vise \u00e0 interdire l\u2019entr\u00e9e des \u00c9tats-Unis aux ressortissants de six pays musulmans. Steve Bannon entend d\u00e9sormais diffuser ses id\u00e9es en Europe, notamment par une fondation bas\u00e9e \u00e0 Bruxelles.<\/p>\n<h2 style=\"text-align: justify;\">En France\u00a0: Une Marine Le Pen surr\u00e9aliste<\/h2>\n<p style=\"text-align: justify;\">Pour me d\u00e9tendre et passer un bon moment apr\u00e8s une journ\u00e9e charg\u00e9e de travail, je passe l\u2019enregistrement du d\u00e9bat Macron \u2013Le Pen, et je ne peux pas m\u2019emp\u00eacher de rire \u00e0 gorge d\u00e9ploy\u00e9e tellement le spectacle que nous offrait Marine Le Pen \u00e9tait surr\u00e9aliste.<\/p>\n<p style=\"text-align: justify;\">La pr\u00e9sidente du Rassemblement national (ex-Front national), Marine Le Pen, a \u00e9chou\u00e9 \u00e0 la pr\u00e9sidentielle de mai 2017 mais est parvenue au second tour o\u00f9 elle a engrang\u00e9 un record de 34% de voix. \u00ab\u00a0La question identitaire \u2013 et pas seulement de l\u2019immigration \u2013 est centrale\u00a0\u00bb dans ce vote, selon le politologue Jean-Yves Camus. Outre \u00ab\u00a0une d\u00e9fiance vis-\u00e0-vis de la politique\u00a0\u00bb, \u00ab\u00a0il y a un raidissement d\u2019une partie de la population sur la compatibilit\u00e9 de l\u2019islam avec la culture fran\u00e7aise\u00a0\u00bb.<\/p>\n<p style=\"text-align: justify;\">\u00ab\u00a0Bien plus fiables sont ceux qui doutent et sont sceptiques, non parce que le scepticisme est bon ou le doute salutaire, mais parce qu&rsquo;ils servent \u00e0 examiner les choses et \u00e0 se former un avis. Les meilleurs de tous seront ceux qui savent seulement une chose\u00a0: que, quoi qu&rsquo;il se passe, tant que nous vivrons, nous aurons \u00e0 vivre avec nous-m\u00eames,\u00a0\u00bb Hannah Arendt<\/p>\n<p><em>Par <strong>Mustapha Bouhaddar<\/strong> pour Maghreb Canada Express, page11, Vol. XVI, N\u00b011 , Novembre-D\u00e9cembre 2018.<\/em><\/p>\n<h2>Pour lire\u00a0 l\u2019\u00e9dition de Novembre-d\u00e9cembre 2018, cliquer sur l\u2019image:<\/h2>\n<div class=\"textwidget\">\n<p><a href=\"http:\/\/www.maghreb-canada.ca\/journal\/2018\/MCE184-11-2018.pdf\"> <img loading=\"lazy\" decoding=\"async\" class=\"style1\" src=\"http:\/\/www.maghreb-canada.ca\/journal\/2018\/n184.jpg\" alt=\"Maghreb Canada Express\" width=\"176\" height=\"239\" \/><\/a><\/p>\n<\/div>\n","protected":false},"excerpt":{"rendered":"<p>Avec la mont\u00e9e de l\u2019extr\u00eame droite en Europe et dans le reste du monde, le mal s\u2019est banalis\u00e9. Les racistes, les homophobes, les antis\u00e9mites, les x\u00e9nophobes, dans les ann\u00e9es 80, en France, \u00e9taient plus discrets, voire effac\u00e9s. Actuellement, ils affichent ouvertement leur racisme, non seulement du regard, mais verbalement. Dans son livre \u00ab\u00a0Eichmann \u00e0 J\u00e9rusalem. [&hellip;]<\/p>\n","protected":false},"author":1,"featured_media":4107,"comment_status":"closed","ping_status":"closed","sticky":false,"template":"","format":"standard","meta":{"footnotes":""},"categories":[7,8],"tags":[],"class_list":["post-4106","post","type-post","status-publish","format-standard","has-post-thumbnail","hentry","category-monde","category-numero-du-mois"],"_links":{"self":[{"href":"https:\/\/maroc-canada.ca\/index.php?rest_route=\/wp\/v2\/posts\/4106","targetHints":{"allow":["GET"]}}],"collection":[{"href":"https:\/\/maroc-canada.ca\/index.php?rest_route=\/wp\/v2\/posts"}],"about":[{"href":"https:\/\/maroc-canada.ca\/index.php?rest_route=\/wp\/v2\/types\/post"}],"author":[{"embeddable":true,"href":"https:\/\/maroc-canada.ca\/index.php?rest_route=\/wp\/v2\/users\/1"}],"replies":[{"embeddable":true,"href":"https:\/\/maroc-canada.ca\/index.php?rest_route=%2Fwp%2Fv2%2Fcomments&post=4106"}],"version-history":[{"count":2,"href":"https:\/\/maroc-canada.ca\/index.php?rest_route=\/wp\/v2\/posts\/4106\/revisions"}],"predecessor-version":[{"id":4112,"href":"https:\/\/maroc-canada.ca\/index.php?rest_route=\/wp\/v2\/posts\/4106\/revisions\/4112"}],"wp:featuredmedia":[{"embeddable":true,"href":"https:\/\/maroc-canada.ca\/index.php?rest_route=\/wp\/v2\/media\/4107"}],"wp:attachment":[{"href":"https:\/\/maroc-canada.ca\/index.php?rest_route=%2Fwp%2Fv2%2Fmedia&parent=4106"}],"wp:term":[{"taxonomy":"category","embeddable":true,"href":"https:\/\/maroc-canada.ca\/index.php?rest_route=%2Fwp%2Fv2%2Fcategories&post=4106"},{"taxonomy":"post_tag","embeddable":true,"href":"https:\/\/maroc-canada.ca\/index.php?rest_route=%2Fwp%2Fv2%2Ftags&post=4106"}],"curies":[{"name":"wp","href":"https:\/\/api.w.org\/{rel}","templated":true}]}}