{"id":4109,"date":"2018-11-19T14:03:34","date_gmt":"2018-11-19T19:03:34","guid":{"rendered":"http:\/\/maghreb-canada.ca\/?p=4109"},"modified":"2018-11-19T14:06:31","modified_gmt":"2018-11-19T19:06:31","slug":"environnement-des-iles-celestes-etoilees-dans-un-ocean-de-pollution-lumineuse","status":"publish","type":"post","link":"https:\/\/maroc-canada.ca\/?p=4109","title":{"rendered":"Environnement : Des \u00eeles c\u00e9lestes \u00e9toil\u00e9es dans un oc\u00e9an de pollution  lumineuse"},"content":{"rendered":"<p style=\"text-align: justify;\">Selon un r\u00e9cent rapport du Groupe d\u2019Experts intergouvernemental sur l\u2019\u00e9volution du climat (GIEC), il nous resterait 12 ans pour r\u00e9duire de 45% nos \u00e9missions de CO2; Sans quoi la temp\u00e9rature mondiale grimperait de 3 degr\u00e9s d\u2019ici 2100; ce qui aboutirait notamment \u00e0 la destruction de 13 % des terres mondiales.<\/p>\n<p style=\"text-align: justify;\">L\u2019urgence est donc de mise\u00a0: si \u2018\u2019la crainte est une obligation, \u00e9crit Hans Jonas dans <i>Le Principe Responsabilit\u00e9 <\/i>(1979), celle-ci doit aller de pair avec \u00ab\u00a0l\u2019esp\u00e9rance (\u00e0 savoir celle d\u2019\u00e9viter le pire)\u00a0\u00bb &#8211; ce qui passe par une prise de responsabilit\u00e9\u2019\u2019<\/p>\n<p style=\"text-align: justify;\">Il y a un passage, \u00e0 propos du ciel nocturne, dans <i>Les R\u00eaveries d\u2019un promeneur solitaire\u00a0 <\/i>de Jean-Jacques Rousseau qui m\u2019avait marqu\u00e9 (quand j\u2019\u00e9tais \u00e0 l\u2019universit\u00e9) et qui fait curieusement allusion au Maroc. Dans la deuxi\u00e8me promenade du r\u00eaveur solitaire, Rousseau raconte comme il a \u00e9t\u00e9 renvers\u00e9, en descendant les\u00a0 pentes de M\u00e9nilmontant, par \u00ab\u00a0un gros chien danois\u00a0\u00bb. Il a perdu connaissance, puis est revenu \u00e0 lui, et c\u2019est la vue des \u00e9toiles qui l\u2019a rass\u00e9r\u00e9n\u00e9\u00a0:\u00a0\u00ab\u00a0<i>La nuit s\u2019avan\u00e7ait. J\u2019aper\u00e7us le ciel, quelques \u00e9toiles, et un peu de verdure. Cette premi\u00e8re sensation fut, un moment d\u00e9licieux. (\u2026.) Je sentais de tout mon \u00eatre un calme ravissant, auquel chaque fois que je me le rappelle, je ne trouve rien de comparable dans toute l\u2019activit\u00e9 des plaisirs connus. On me demanda o\u00f9 je demeurais\u00a0; il me fut impossible de le dire. Je demandais o\u00f9 j\u2019\u00e9tais\u00a0; on me dit, \u00e0 la Haute-Borne\u00a0; c\u2019\u00e9tait comme si l\u2019on m\u2019e\u00fbt dit au mont Atlas<\/i>.\u00a0\u00bb<\/p>\n<p style=\"text-align: justify;\">C\u2019est un passage repris par Alexandre Lacroix, journaliste au Philosophie Magazine, dans son article sur la r\u00e9serve d\u2019\u00e9toiles au Maroc,\u00a0 et qui s\u2019intitule \u00ab\u00a0Revoir les \u00e9toiles\u00a0\u00bb. Cet article m\u2019a permis d\u2019aborder ce sujet ici: Le projet Atlas Dark Sky, qui vise \u00e0 cr\u00e9er la plus grande r\u00e9serve de ciel \u00e9toil\u00e9 du monde au Maroc, s\u2019apparente \u00e0 un prolongement inattendu des id\u00e9aux romantiques.<\/p>\n<h2 style=\"text-align: justify;\">Atlas Dark Sky Morocco (ADSM)<b> <\/b><\/h2>\n<p style=\"text-align: justify;\">Le projet ASDM se veut \u00eatre un moyen de combattre la pollution lumineuse; un fl\u00e9au qui ne cesse de s\u2019\u00e9tendre et qui, en plus de la qualit\u00e9 du ciel nocturne, a un impact nocif sur la sant\u00e9, l\u2019\u00e9conomie et la facture \u00e9nerg\u00e9tique.<\/p>\n<p style=\"text-align: justify;\">Comme le rapporte le Magazine cit\u00e9 plus haut, \u00ab\u00a0<i>Zouhair Benkhaldoun, directeur de l\u2019observatoire d\u2019Ouka\u00efmeden et pr\u00e9sident du Comit\u00e9 national pour l\u2019astronomie du Maroc, est en train de lancer un projet tout aussi engag\u00e9 que fascinant\u00a0: Avec Atlas Dark Sky, il souhaite cr\u00e9er au Maroc, dans un large territoire comprenant le parc national du Toubkal, la plus grande r\u00e9serve internationale de ciel \u00e9toil\u00e9 !\u00a0<\/i>\u00bb<\/p>\n<p style=\"text-align: justify;\">Des r\u00e9serves de ce type, il en existe douze en tout dans le monde (huit en Europe, deux en Am\u00e9rique, une en Afrique et une en Oc\u00e9anie), qui se sont vu remettre une certification officielle par l\u2019International Dark-Sky Association (IDA), une organisation non gouvernementale qui s\u2019occupe de la promotion des t\u00e9n\u00e8bres.<\/p>\n<p style=\"text-align: justify;\">Selon les publications de l\u2019IDA, la pollution lumineuse est \u00e0 l\u2019origine de nombreux maux. Pour les humains, d\u2019abord\u00a0: la luminosit\u00e9 qui baigne continuellement les zones urbaines ou p\u00e9riph\u00e9riques est \u00e0 l\u2019origine de troubles du sommeil, des stress permanents, de gaspillage d\u2019\u00e9nergie, puisque de nombreuses routes et autoroutes sont <i>sur\u00e9clair\u00e9es<\/i>.<\/p>\n<p style=\"text-align: justify;\">Pour la faune et la flore, les lumi\u00e8res \u00e9lectriques perturbent le cycle de vie des insectes et des pr\u00e9dateurs nocturnes, \u00e9garent les b\u00e9b\u00e9s tortues et, plus encore, les oiseaux migrateurs, de m\u00eame qu\u2019elles d\u00e9s\u00e9quilibrent le cycle de la photosynth\u00e8se.<\/p>\n<h2 style=\"text-align: justify;\">La r\u00e9serve \u00e9toil\u00e9e du Canada<\/h2>\n<p style=\"text-align: justify;\">La plus grande r\u00e9serve de ciel \u00e9toil\u00e9e se trouve \u00e0 l\u2019heure actuelle au Canada, et couvre un territoire d\u2019un rayon de cinquante kilom\u00e8tres. Mais celle du Maroc, si le projet voit le jour, aurait un rayon de quatre-vingt kilom\u00e8tres. Ce lieu ne manquerait pas d\u2019attirer des touristes\u00a0; il ne serait ni inhabit\u00e9, ni sanctuaris\u00e9. Mais ceux qui y s\u00e9journeraient devraient respecter des restrictions importantes d\u2019utilisation de la lumi\u00e8re artificielle.\u00a0\u00bb<\/p>\n<p style=\"text-align: justify;\">Pour celles ou ceux que ce projet int\u00e9resse, il faut savoir que le Djebel Toubkal, qui a donn\u00e9 son nom en 1942\u00a0au premier parc national\u00a0du Royaume du Maroc, est le point culminant de l\u2019Afrique du Nord avec ses 4.167 m\u00e8tres d\u2019altitude.<\/p>\n<h2 style=\"text-align: justify;\">Le Parc National de Toubkal<\/h2>\n<p style=\"text-align: justify;\">S\u2019\u00e9tendant sur\u00a0pr\u00e8s de 38.000 ha, le Parc National de Toubkal se situe \u00e0 70 km au sud de Marrakech, dans la portion qui correspond \u00e0 l\u2019Adrar n\u2019Dern (montagne des montagnes).<\/p>\n<p style=\"text-align: justify;\">D\u2019une exceptionnelle biodiversit\u00e9, ce parc accueille de nombreux visiteurs, qui peuvent y d\u00e9couvrir des\u00a0plateaux et des falaises qui\u00a0alternent avec des gorges, o\u00f9 s\u2019\u00e9coulent des rivi\u00e8res aux eaux cristallines,\u00a0assurant l\u2019irrigation dans les vall\u00e9es et les plaines du pi\u00e9mont.<\/p>\n<p style=\"text-align: justify;\">A l\u2019instar de toutes les aires prot\u00e9g\u00e9es du Maroc, la gestion et la valorisation du Parc National de Toubkal rel\u00e8ve du Haut-Commissariat aux Eaux et For\u00eats et \u00e0 la Lutte Contre la D\u00e9sertification\u00a0(Minist\u00e8re de l\u2019Agriculture, de la P\u00eache Maritime, du D\u00e9veloppement Rural et des Eaux et For\u00eats.)<\/p>\n<p style=\"text-align: justify;\">Merci \u00e0 la publication \u2018\u2019Philosophie Magazine\u2019\u2019 n\u00b0124 et \u00e0 son r\u00e9dacteur en chef, pour son excellent article sur ce projet.<\/p>\n<p><em>Par <strong>Mustapha Bouhaddar<\/strong> pour Maghreb Canada Express, page 3, Vol. XVI, N\u00b011 , Novembre-D\u00e9cembre 2018.<\/em><\/p>\n<h2>Pour lire\u00a0 l\u2019\u00e9dition de Novembre-d\u00e9cembre 2018, cliquer sur l\u2019image:<\/h2>\n<div class=\"textwidget\">\n<p><a href=\"http:\/\/www.maghreb-canada.ca\/journal\/2018\/MCE184-11-2018.pdf\"> <img loading=\"lazy\" decoding=\"async\" class=\"style1\" src=\"http:\/\/www.maghreb-canada.ca\/journal\/2018\/n184.jpg\" alt=\"Maghreb Canada Express\" width=\"176\" height=\"239\" \/><\/a><\/p>\n<\/div>\n","protected":false},"excerpt":{"rendered":"<p>Selon un r\u00e9cent rapport du Groupe d\u2019Experts intergouvernemental sur l\u2019\u00e9volution du climat (GIEC), il nous resterait 12 ans pour r\u00e9duire de 45% nos \u00e9missions de CO2; Sans quoi la temp\u00e9rature mondiale grimperait de 3 degr\u00e9s d\u2019ici 2100; ce qui aboutirait notamment \u00e0 la destruction de 13 % des terres mondiales. L\u2019urgence est donc de mise\u00a0: [&hellip;]<\/p>\n","protected":false},"author":1,"featured_media":4110,"comment_status":"closed","ping_status":"closed","sticky":false,"template":"","format":"standard","meta":{"footnotes":""},"categories":[4,6,7,8],"tags":[],"class_list":["post-4109","post","type-post","status-publish","format-standard","has-post-thumbnail","hentry","category-canada","category-maghreb","category-monde","category-numero-du-mois"],"_links":{"self":[{"href":"https:\/\/maroc-canada.ca\/index.php?rest_route=\/wp\/v2\/posts\/4109","targetHints":{"allow":["GET"]}}],"collection":[{"href":"https:\/\/maroc-canada.ca\/index.php?rest_route=\/wp\/v2\/posts"}],"about":[{"href":"https:\/\/maroc-canada.ca\/index.php?rest_route=\/wp\/v2\/types\/post"}],"author":[{"embeddable":true,"href":"https:\/\/maroc-canada.ca\/index.php?rest_route=\/wp\/v2\/users\/1"}],"replies":[{"embeddable":true,"href":"https:\/\/maroc-canada.ca\/index.php?rest_route=%2Fwp%2Fv2%2Fcomments&post=4109"}],"version-history":[{"count":2,"href":"https:\/\/maroc-canada.ca\/index.php?rest_route=\/wp\/v2\/posts\/4109\/revisions"}],"predecessor-version":[{"id":4115,"href":"https:\/\/maroc-canada.ca\/index.php?rest_route=\/wp\/v2\/posts\/4109\/revisions\/4115"}],"wp:featuredmedia":[{"embeddable":true,"href":"https:\/\/maroc-canada.ca\/index.php?rest_route=\/wp\/v2\/media\/4110"}],"wp:attachment":[{"href":"https:\/\/maroc-canada.ca\/index.php?rest_route=%2Fwp%2Fv2%2Fmedia&parent=4109"}],"wp:term":[{"taxonomy":"category","embeddable":true,"href":"https:\/\/maroc-canada.ca\/index.php?rest_route=%2Fwp%2Fv2%2Fcategories&post=4109"},{"taxonomy":"post_tag","embeddable":true,"href":"https:\/\/maroc-canada.ca\/index.php?rest_route=%2Fwp%2Fv2%2Ftags&post=4109"}],"curies":[{"name":"wp","href":"https:\/\/api.w.org\/{rel}","templated":true}]}}