{"id":4116,"date":"2018-11-19T14:09:55","date_gmt":"2018-11-19T19:09:55","guid":{"rendered":"http:\/\/maghreb-canada.ca\/?p=4116"},"modified":"2018-11-19T14:11:33","modified_gmt":"2018-11-19T19:11:33","slug":"hommage-a-m-bernard-landry-un-grand-homme-politique-est-parti","status":"publish","type":"post","link":"https:\/\/maroc-canada.ca\/?p=4116","title":{"rendered":"Hommage \u00e0 M. Bernard Landry : Un grand homme politique est parti"},"content":{"rendered":"<p style=\"text-align: justify;\">Avec la mort de M. Bernard Landry, le Qu\u00e9bec vint de perdre, ce 6 novembre 2018, l\u2019un de ses plus grands hommes politiques contemporains; Un homme politique qui sut conqu\u00e9rir sans peine l\u2019estime et le respect de l\u2019extr\u00eame majorit\u00e9 des qu\u00e9b\u00e9cois et qu\u00e9b\u00e9coises, toutes origines et toutes orientations politiques confondues.<\/p>\n<p style=\"text-align: justify;\">Ceux et celles qui ont eu l\u2019opportunit\u00e9 de rencontrer ce grand ancien Premier ministre du Qu\u00e9bec, se souviendront toujours de sa bonne humeur contagieuse et de son humour fin et distingu\u00e9. Lors d&rsquo;un rassemblement marocain \u00e0 Montr\u00e9al auquel il fut convi\u00e9, il lan\u00e7a \u00e0 l\u2019intention de Mme Fatima Houda Pepin (qui fut alors d\u00e9put\u00e9e lib\u00e9rale et qui \u00e9tait pr\u00e9sente au m\u00eame rassemblement) un compliment du genre : \u00ab\u00a0C&rsquo;est une femme extraordinaire et une tr\u00e8s bonne d\u00e9put\u00e9e. Dommage qu&rsquo;elle si\u00e8ge du mauvais c\u00f4t\u00e9 de la chambre\u00a0\u00bb<\/p>\n<p style=\"text-align: justify;\">M. Landry fut l\u2019un des inconditionnels de l\u2019ouverture des qu\u00e9b\u00e9cois et qu\u00e9b\u00e9coise sur l\u2019Autre et de l\u2019enrichissement du Qu\u00e9bec par l\u2019apport de son immigration. En parlant du vote ethnique un jour, il y alla devant les cam\u00e9ras, avec l\u2019entrain qu\u2019on lui connaissait, d\u2019une d\u00e9claration du genre : \u00ab\u00a0<i>Ils nous ont prouv\u00e9 que le pure laine ne s&rsquo;applique qu&rsquo;au textile<\/i>\u00ab\u00a0.<\/p>\n<p style=\"text-align: justify;\">Il fut aussi un d\u00e9fenseur de l\u2019int\u00e9gration : \u00abIl faut faire comprendre aux immigrants que le Qu\u00e9bec est un arbre multiethnique ayant un tronc culturel commun: la langue fran\u00e7aise\u00a0\u00bb. Avait-il d\u00e9clar\u00e9 un jour . Et d\u2019ajouter : \u00ab\u00a0Depuis leur arriv\u00e9e en Am\u00e9rique, les Fran\u00e7ais se sont m\u00e9tiss\u00e9s aux Am\u00e9rindiens, aux Irlandais, aux Ha\u00eftiens. Les nations modernes ne sont pas d\u00e9finies par leur ethnicit\u00e9\u00bb.<\/p>\n<p style=\"text-align: justify;\">De quoi donner du courage \u00e0 certains \u00e9lus issus des minorit\u00e9s afin de pouvoir parler des leurs : dans les instances gouvernementales et au sein de leurs partis politiques sans se r\u00e9fugier derri\u00e8re le pr\u00e9texte qu\u2019ils furent \u00e9lus&#8230; non pas \u2018\u2019juste\u2019\u2019 par le vote des leurs\u2019\u2019 mais surtout par le reste des qu\u00e9b\u00e9cois !\u00a0 (Et ce ne sont pas l\u00e0 des paroles en l\u2019air h\u00e9las)<\/p>\n<p style=\"text-align: justify;\">M. Landry fut un de ces leaders qui sont de toutes les batailles, mais qui savent se placer au dessus des chicanes familiales du Qu\u00e9bec. De sa bataille pour l\u2019ind\u00e9pendance on retiendra sa position qui se r\u00e9sume dans sa d\u00e9claration : \u00abL&rsquo;ind\u00e9pendance en soi n&rsquo;est ni \u00e0 gauche, ni \u00e0 droite, elle est en avant\u00bb<\/p>\n<p style=\"text-align: justify;\"><em>Par<strong> Abderrahman El Fouladi<\/strong> pour Maghreb Canada Express, page 4, Vol. XVI, N\u00b011 , Novembre-D\u00e9cembre 2018.<\/em><\/p>\n<h2>Pour lire\u00a0 l\u2019\u00e9dition de Novembre-d\u00e9cembre 2018, cliquer sur l\u2019image:<\/h2>\n<div class=\"textwidget\">\n<p><a href=\"http:\/\/www.maghreb-canada.ca\/journal\/2018\/MCE184-11-2018.pdf\"> <img loading=\"lazy\" decoding=\"async\" class=\"style1\" src=\"http:\/\/www.maghreb-canada.ca\/journal\/2018\/n184.jpg\" alt=\"Maghreb Canada Express\" width=\"176\" height=\"239\" \/><\/a><\/p>\n<\/div>\n","protected":false},"excerpt":{"rendered":"<p>Avec la mort de M. Bernard Landry, le Qu\u00e9bec vint de perdre, ce 6 novembre 2018, l\u2019un de ses plus grands hommes politiques contemporains; Un homme politique qui sut conqu\u00e9rir sans peine l\u2019estime et le respect de l\u2019extr\u00eame majorit\u00e9 des qu\u00e9b\u00e9cois et qu\u00e9b\u00e9coises, toutes origines et toutes orientations politiques confondues. Ceux et celles qui ont [&hellip;]<\/p>\n","protected":false},"author":1,"featured_media":4118,"comment_status":"closed","ping_status":"closed","sticky":false,"template":"","format":"standard","meta":{"footnotes":""},"categories":[4,7,8,1],"tags":[],"class_list":["post-4116","post","type-post","status-publish","format-standard","has-post-thumbnail","hentry","category-canada","category-monde","category-numero-du-mois","category-uncategorized"],"_links":{"self":[{"href":"https:\/\/maroc-canada.ca\/index.php?rest_route=\/wp\/v2\/posts\/4116","targetHints":{"allow":["GET"]}}],"collection":[{"href":"https:\/\/maroc-canada.ca\/index.php?rest_route=\/wp\/v2\/posts"}],"about":[{"href":"https:\/\/maroc-canada.ca\/index.php?rest_route=\/wp\/v2\/types\/post"}],"author":[{"embeddable":true,"href":"https:\/\/maroc-canada.ca\/index.php?rest_route=\/wp\/v2\/users\/1"}],"replies":[{"embeddable":true,"href":"https:\/\/maroc-canada.ca\/index.php?rest_route=%2Fwp%2Fv2%2Fcomments&post=4116"}],"version-history":[{"count":1,"href":"https:\/\/maroc-canada.ca\/index.php?rest_route=\/wp\/v2\/posts\/4116\/revisions"}],"predecessor-version":[{"id":4117,"href":"https:\/\/maroc-canada.ca\/index.php?rest_route=\/wp\/v2\/posts\/4116\/revisions\/4117"}],"wp:featuredmedia":[{"embeddable":true,"href":"https:\/\/maroc-canada.ca\/index.php?rest_route=\/wp\/v2\/media\/4118"}],"wp:attachment":[{"href":"https:\/\/maroc-canada.ca\/index.php?rest_route=%2Fwp%2Fv2%2Fmedia&parent=4116"}],"wp:term":[{"taxonomy":"category","embeddable":true,"href":"https:\/\/maroc-canada.ca\/index.php?rest_route=%2Fwp%2Fv2%2Fcategories&post=4116"},{"taxonomy":"post_tag","embeddable":true,"href":"https:\/\/maroc-canada.ca\/index.php?rest_route=%2Fwp%2Fv2%2Ftags&post=4116"}],"curies":[{"name":"wp","href":"https:\/\/api.w.org\/{rel}","templated":true}]}}