{"id":4119,"date":"2018-11-21T11:08:52","date_gmt":"2018-11-21T16:08:52","guid":{"rendered":"http:\/\/maghreb-canada.ca\/?p=4119"},"modified":"2018-11-21T11:08:52","modified_gmt":"2018-11-21T16:08:52","slug":"teledetection-le-deuxieme-satellite-marocain-dobservation-de-la-terre-est-sur-orbite","status":"publish","type":"post","link":"https:\/\/maroc-canada.ca\/?p=4119","title":{"rendered":"T\u00e9l\u00e9d\u00e9tection: Le deuxi\u00e8me satellite Marocain d\u2019observation de la Terre est sur orbite"},"content":{"rendered":"<div class=\"entry\">\n<p style=\"text-align: justify;\"><a href=\"http:\/\/maroc-canada.ca\/wp-content\/uploads\/2018\/11\/m6-Sat.jpg\"><img loading=\"lazy\" decoding=\"async\" class=\"alignleft size-full wp-image-4120\" src=\"http:\/\/maroc-canada.ca\/wp-content\/uploads\/2018\/11\/m6-Sat.jpg\" alt=\"m6-Sat\" width=\"297\" height=\"215\" \/><\/a>Le lanceur Vega a plac\u00e9 avec succ\u00e8s sur orbite h\u00e9liosynchrone, le 21 novembre 2018, le satellite d\u2019observation de la Terre \u00ab\u00a0MOHAMMED VI-B\u00a0\u00bb, lanc\u00e9 depuis Kourou en Guyane, pour le compte du Royaume du Maroc.<\/p>\n<p style=\"text-align: justify;\">La s\u00e9paration du satellite a eu lieu pr\u00e8s de 55 minutes apr\u00e8s le d\u00e9collage du lanceur. et le satellite \u00ab\u00a0MOHAMMED VI-B\u00a0\u00bb a retrouv\u00e9 dans l\u2019espace son bin\u00f4me le satellite \u00ab\u00a0MOHAMMED VI-A\u00a0\u00bb, lanc\u00e9 le 07 novembre 2017.<\/p>\n<h2 style=\"text-align: left;\">Il est \u00e0 souligner que ce second satellite est \u00e0 vocation exclusivement civile.<\/h2>\n<p style=\"text-align: justify;\">Construit par le consortium franco-italien Thales Alenia Space et le Fran\u00e7ais Airbus, le satellite \u00ab\u00a0Mohammed-VI-B\u00a0\u00bb est le second exemplaire d\u2019un syst\u00e8me de deux satellites plac\u00e9s sur la m\u00eame orbite \u00e0 694 km de la Terre. Une fois op\u00e9rationnel, les satellites pourront prendre jusqu\u2019\u00e0 500 photos par jour.<\/p>\n<p style=\"text-align: justify;\">Ces deux satellites de t\u00e9l\u00e9d\u00e9tection spatiale, qui sont compl\u00e9mentaires et r\u00e9alis\u00e9s par le consortium Thales Alenia Space et Airbus, \u00e0 des fins civils, sont pilot\u00e9s par des ing\u00e9nieurs et des techniciens exclusivement marocains depuis le Maroc. Ils permettront au Royaume du Maroc de disposer d\u2019un syst\u00e8me d\u2019imagerie spatiale de tr\u00e8s haute r\u00e9solution.<br \/>\nSur le plan technique, le nouveau satellite apportera une valeur ajout\u00e9e en diminuant drastiquement le temps du passage et en optimisant le temps de couverture du globe. Avec ses deux satellites, il y aura de 8 \u00e0 10 passages par jour.<\/p>\n<p style=\"text-align: justify;\">Avec ses deux satellites, le Royaume du Maroc acquiert ainsi une souverainet\u00e9 en mati\u00e8re d\u2019informations satellitaires et lui permettent d\u2019entrer dans le club des puissances spatiales et d\u2019\u00eatre le premier pays du continent africain \u00e0 se doter d\u2019une constellation de satellites alors que l\u2019\u00c9gypte et l\u2019Afrique du Sud n\u2019en poss\u00e8de qu\u2019un seul satellite chacun.?<br \/>\nLe satellite MOHAMMED VI-B est un satellite d\u2019observation de la Terre, appel\u00e9 \u00e0 jouer un r\u00f4le capital dans le d\u00e9veloppement des strat\u00e9gies \u00e9conomiques et sociales.<\/p>\n<p style=\"text-align: justify;\">Ce nouveau bijou technologique servira \u00e0 appuyer les actions de secteurs cl\u00e9s du Maroc, \u00e0 l\u2019exemple du support en images pour la cartographie et le cadastre, de l\u2019\u00e9valuation spatio-temporelle des espaces urbains et p\u00e9riurbains par les agences urbaines, du suivi des activit\u00e9s agricoles afin d\u2019identifier les cultures et d\u2019estimer leurs rendements, de la pr\u00e9vention et la gestion des catastrophes naturelles, ainsi que du suivi des \u00e9volutions environnementales telles que la d\u00e9sertification et les ressources en eau ou encore de la s\u00e9curisation des fronti\u00e8res li\u00e9e \u00e0 la lutte contre les r\u00e9seaux criminels (trafics illicites, terrorisme) et la surveillance du littoral (reconnaissance de navires et pollutions). ?<br \/>\nQu\u2019on se le tienne donc pour dit, le Maroc a d\u00e9sormais un oeil sur ses ennemis, ce qui lui offre un temps de r\u00e9action extr\u00eamement court.<\/p>\n<p style=\"text-align: justify;\">Source : Farid Mnebhi (anatem.info)<\/p>\n<\/div>\n","protected":false},"excerpt":{"rendered":"<p>Le lanceur Vega a plac\u00e9 avec succ\u00e8s sur orbite h\u00e9liosynchrone, le 21 novembre 2018, le satellite d\u2019observation de la Terre \u00ab\u00a0MOHAMMED VI-B\u00a0\u00bb, lanc\u00e9 depuis Kourou en Guyane, pour le compte du Royaume du Maroc. La s\u00e9paration du satellite a eu lieu pr\u00e8s de 55 minutes apr\u00e8s le d\u00e9collage du lanceur. et le satellite \u00ab\u00a0MOHAMMED VI-B\u00a0\u00bb [&hellip;]<\/p>\n","protected":false},"author":1,"featured_media":4120,"comment_status":"closed","ping_status":"closed","sticky":false,"template":"","format":"standard","meta":{"footnotes":""},"categories":[6,7,8],"tags":[],"class_list":["post-4119","post","type-post","status-publish","format-standard","has-post-thumbnail","hentry","category-maghreb","category-monde","category-numero-du-mois"],"_links":{"self":[{"href":"https:\/\/maroc-canada.ca\/index.php?rest_route=\/wp\/v2\/posts\/4119","targetHints":{"allow":["GET"]}}],"collection":[{"href":"https:\/\/maroc-canada.ca\/index.php?rest_route=\/wp\/v2\/posts"}],"about":[{"href":"https:\/\/maroc-canada.ca\/index.php?rest_route=\/wp\/v2\/types\/post"}],"author":[{"embeddable":true,"href":"https:\/\/maroc-canada.ca\/index.php?rest_route=\/wp\/v2\/users\/1"}],"replies":[{"embeddable":true,"href":"https:\/\/maroc-canada.ca\/index.php?rest_route=%2Fwp%2Fv2%2Fcomments&post=4119"}],"version-history":[{"count":1,"href":"https:\/\/maroc-canada.ca\/index.php?rest_route=\/wp\/v2\/posts\/4119\/revisions"}],"predecessor-version":[{"id":4121,"href":"https:\/\/maroc-canada.ca\/index.php?rest_route=\/wp\/v2\/posts\/4119\/revisions\/4121"}],"wp:featuredmedia":[{"embeddable":true,"href":"https:\/\/maroc-canada.ca\/index.php?rest_route=\/wp\/v2\/media\/4120"}],"wp:attachment":[{"href":"https:\/\/maroc-canada.ca\/index.php?rest_route=%2Fwp%2Fv2%2Fmedia&parent=4119"}],"wp:term":[{"taxonomy":"category","embeddable":true,"href":"https:\/\/maroc-canada.ca\/index.php?rest_route=%2Fwp%2Fv2%2Fcategories&post=4119"},{"taxonomy":"post_tag","embeddable":true,"href":"https:\/\/maroc-canada.ca\/index.php?rest_route=%2Fwp%2Fv2%2Ftags&post=4119"}],"curies":[{"name":"wp","href":"https:\/\/api.w.org\/{rel}","templated":true}]}}