{"id":4148,"date":"2019-01-30T13:38:32","date_gmt":"2019-01-30T18:38:32","guid":{"rendered":"http:\/\/maghreb-canada.ca\/?p=4148"},"modified":"2019-01-31T10:41:53","modified_gmt":"2019-01-31T15:41:53","slug":"vivre-ensemble-rompre-notre-silence-des-agneaux","status":"publish","type":"post","link":"https:\/\/maroc-canada.ca\/?p=4148","title":{"rendered":"Vivre-ensemble : Rompre notre Silence d&rsquo;Agneaux"},"content":{"rendered":"<p style=\"text-align: justify;\">Deux ans d\u00e9j\u00e0 depuis cette trag\u00e9die qui co\u00fbta la vie \u00e0 six fid\u00e8les en plein recueillement dans la Grande mosqu\u00e9e de Qu\u00e9bec. Six hommes tu\u00e9s&#8230; autant de familles bris\u00e9es&#8230; 17 orphelins, des bless\u00e9s et des victimes collat\u00e9rales dont les blessures ne se refermeraient probablement jamais!<\/p>\n<p style=\"text-align: justify;\">Quelles le\u00e7ons tirer de ce drame de part et d\u2019autre de la Barri\u00e8re (celle dress\u00e9e par l\u2019incompr\u00e9hension et par la peur de l\u2019autre) ? Le Qu\u00e9bec a-t-il chang\u00e9 depuis ? Comprend-on davantage l\u2019autre ? Ouvre-t-on davantage ses bras et son c\u0153ur aux minorit\u00e9s ethniques ?<\/p>\n<h2 style=\"text-align: justify;\">La haine a-t-elle vraiment diminu\u00e9 ?<\/h2>\n<p style=\"text-align: justify;\">Et les optimistes de crier \u00e0 qui veut l\u2019entendre qu\u2019il y aurait eu 3 fois moins de crimes haineux au Qu\u00e9bec l\u2019ann\u00e9e derni\u00e8re qu\u2019en 2017 ; preuve, selon eux, que la mobilisation apr\u00e8s la trag\u00e9die a port\u00e9 ses fruits et qu\u2019il faut aller maintenant de l\u2019avant avec un M\u00e9morial genre \u2018\u2019Je <i>me souviens<\/i>\u2019\u2019 et passer \u00e0 autre chose !<\/p>\n<p style=\"text-align: justify;\">Ce \u00e0 quoi r\u00e9torquent certains pessimistes que, <i>primo<\/i>, un \u2018\u2019<i>M\u00e9morial\u2019\u2019, <\/i>dress\u00e9 avec toutes les bonnes intentions du monde, risquerait peut-\u00eatre de choquer une communaut\u00e9 (dont la religion rejetterait toute forme de f\u00e9tichisme et de sculpture des \u00eatres humains sur la pierre) et que, <i>secundo<\/i>, si les crimes haineux auraient diminu\u00e9 juste apr\u00e8s le drame, ce serait plut\u00f4t faute de victimes potentielles&#8230; Victimes qui auraient appris \u00e0 mieux se cacher et \u00e0 tout faire pour \u00e9viter de croiser le chemin des \u00e9ventuels agresseurs .<\/p>\n<h2 style=\"text-align: justify;\">Pol\u00e9mique \u00e0 coup de chiffres<\/h2>\n<p>La baisse statistique des crimes haineux, m\u00eame sur une p\u00e9riode plus longue et statistiquement, cr\u00e9dible, ne signifierait pas la baisse de la haine&#8230; Pas plus que la baisse statistique du ch\u00f4mage chez la communaut\u00e9 maghr\u00e9bine, avanc\u00e9e par certains de ses leaders <i>autoproclam\u00e9s <\/i>, ne signifierait la fin de la discrimination en emploi; Et m\u00eame si le ch\u00f4mage aurait diminu\u00e9 maintenant de moiti\u00e9 au sein de la communaut\u00e9, il ne faut pas perdre de vue qu\u2019il aurait diminu\u00e9 statistiquement davantage \u00e0 l\u2019\u00e9chelle nationale car la conjoncture \u00e9conomique est favorable au point o\u00f9 le Qu\u00e9bec serait en train de courtiser la main d\u2019\u0153uvre fran\u00e7aise&#8230; Au lieu de recruter parmi les 15% de ch\u00f4meurs au sein de la communaut\u00e9 maghr\u00e9bine !<\/p>\n<h2 style=\"text-align: justify;\">\u00c9viter une troisi\u00e8me solitude<\/h2>\n<p style=\"text-align: justify;\">On en a d\u00e9j\u00e0 pas mal sur les bras avec deux solitudes ! Et il serait temps de se lancer en plein visage les raisons qui pousseraient notre voisin \u00e0 nous ha\u00efr au point de commettre l\u2019irr\u00e9parable. Est-ce la peur de l\u2019Autre&#8230; Ou tout simplement le m\u00e9pris de cet Autre?<\/p>\n<p style=\"text-align: justify;\">Si c\u2019est bien la Peur que nous inspirons \u00e0 notre Prochain, eh bien il serait temps de reconnaitre notre part de responsabilit\u00e9. Et elle serait grande cette part de responsabilit\u00e9 ! En effet, quand la temp\u00eate du 11 septembre souffla sur la plan\u00e8te, nous avions pli\u00e9 en attendant le retour au calme. Nous nous sommes enferm\u00e9s dans des ghettos tout en dressant autour de nous des barri\u00e8res culturelles . Or la temp\u00eate dura et notre silence (qui rel\u00e8ve plus du silence des agneaux que de celui du consentement) fut tr\u00e8s mal interpr\u00e9t\u00e9. Et s\u2019en suivit pr\u00e9jug\u00e9s et amalgames !<\/p>\n<p style=\"text-align: justify;\">Il serait donc venu le temps d\u2019ouvrir non seulement (et juste) les portes des mosqu\u00e9es aux non-musulmans, mais aussi les portes de nos maisons afin que nos voisins puissent se rendre compte <i>de visu <\/i>que nos esprits et nos c\u0153urs sont d\u00e9j\u00e0 ouverts! Et, des f\u00eates religieuses aux iftars du Ramadan en passant par les f\u00eates civiles , les occasions ne manquent pas !<\/p>\n<h2 style=\"text-align: justify;\">Sur qui compter pour passer le message ?<\/h2>\n<p style=\"text-align: justify;\">Sur personne en particulier. Certains politiciens issus de la communaut\u00e9 font du bon boulot. D\u2019autres, pour faire moins, se r\u00e9fugient derri\u00e8re le fait qu\u2019ils furent \u00e9lus par une majorit\u00e9 d\u2019autres canadiens .<\/p>\n<p style=\"text-align: justify;\">L\u00e0 o\u00f9 le b\u00e2t blesse: Certains parmi nous ont tendance \u00e0 prendre les choses \u00e0 la l\u00e9g\u00e8re dans un monde qui prend tous nos faits et gestes au s\u00e9rieux : Est-ce une l\u00e9gende urbaine ? Mais il semblerait qu\u2019un hurluberlu, \u00e0 qui on avait affect\u00e9 un bureau dont les fen\u00eatres donnent vers le nord, aurait insist\u00e9 pour avoir un bureau dont les fen\u00eatres donnent sur le soleil afin qu\u2019il puisse \u2018\u2019<em>ne pas rater le temps des pri\u00e8res<\/em>\u2019\u2019 !<\/p>\n<p style=\"text-align: justify;\">Aberrant ! D\u2019autant plus que \u00a0\u00bbles graines\u00a0 du rejet de l\u2019Autre\u00a0\u00bb n\u2019attendent que des incidents pareils pour germer et pousser haut vers le ciel !<\/p>\n<h2 style=\"text-align: justify;\">Et le gouvernement dans tout cela ?<\/h2>\n<p style=\"text-align: justify;\">Ce serait irresponsable de se r\u00e9fugier derri\u00e8re le concept de la la\u00efcit\u00e9 pour jeter une minorit\u00e9 ou une autre \u00e0 la vindicte populaire.<\/p>\n<p style=\"text-align: justify;\">Or \u00e0 la veille de la comm\u00e9moration de la tuerie de la Grande mosqu\u00e9e de Qu\u00e9bec, le gouvernement Legault ne trouva de mieux \u00e0 faire que de demander aux commissions scolaires de lui recenser leurs employ\u00e9s portant des signes religieux !<\/p>\n<p style=\"text-align: justify;\">Selon la porte-parole du Parti lib\u00e9ral en mati\u00e8re d&rsquo;\u00e9ducation, Marwah Rizqy, la demande du Minist\u00e8re revient \u00e0 faire du \u00ab\u00a0profilage\u00a0\u00bb. \u00ab\u00a0Une fois qu&rsquo;on a r\u00e9pertori\u00e9 le nombre, c&rsquo;est quoi, la suite des choses\u00a0? Est-ce que c&rsquo;est pour venir en quelque sorte banaliser en disant\u00a0: \u00ab\u00a0\u00c9coutez, \u00e7a ne touche pas tant de monde que \u00e7a\u00a0?\u00a0\u00bb (Source : <i>La Presse<\/i>).<\/p>\n<p style=\"text-align: justify;\">Le proche avenir nous le dira Mme Rizqy.<\/p>\n<p><i><strong>Par A. El Fouladi<\/strong> pour Maghreb Canada Express,, <\/i><em>page 3, Vol. XVII, N\u00b01 et 02 , Janvier-F\u00e9vrier 2019.<\/em><\/p>\n<h2>Pour lire\u00a0 l\u2019\u00e9dition de Janvier-F\u00e9vrier 2019, cliquer sur l\u2019image:<\/h2>\n<h3>JANVIER-F\u00c9VRIER 2019<\/h3>\n<div class=\"textwidget\">\n<p><a href=\"http:\/\/www.maghreb-canada.ca\/journal\/2019\/MCE186-02-2019.pdf\"> <img loading=\"lazy\" decoding=\"async\" class=\"style1\" src=\"http:\/\/www.maghreb-canada.ca\/journal\/2019\/n186.jpg\" alt=\"Maghreb Canada Express\" width=\"176\" height=\"239\" \/><\/a><\/p>\n<\/div>\n<p>&nbsp;<\/p>\n","protected":false},"excerpt":{"rendered":"<p>Deux ans d\u00e9j\u00e0 depuis cette trag\u00e9die qui co\u00fbta la vie \u00e0 six fid\u00e8les en plein recueillement dans la Grande mosqu\u00e9e de Qu\u00e9bec. Six hommes tu\u00e9s&#8230; autant de familles bris\u00e9es&#8230; 17 orphelins, des bless\u00e9s et des victimes collat\u00e9rales dont les blessures ne se refermeraient probablement jamais! Quelles le\u00e7ons tirer de ce drame de part et d\u2019autre [&hellip;]<\/p>\n","protected":false},"author":1,"featured_media":4149,"comment_status":"closed","ping_status":"closed","sticky":false,"template":"","format":"standard","meta":{"footnotes":""},"categories":[4,5,6,7,8,13,1],"tags":[],"class_list":["post-4148","post","type-post","status-publish","format-standard","has-post-thumbnail","hentry","category-canada","category-immigration","category-maghreb","category-monde","category-numero-du-mois","category-tribune-libre","category-uncategorized"],"_links":{"self":[{"href":"https:\/\/maroc-canada.ca\/index.php?rest_route=\/wp\/v2\/posts\/4148","targetHints":{"allow":["GET"]}}],"collection":[{"href":"https:\/\/maroc-canada.ca\/index.php?rest_route=\/wp\/v2\/posts"}],"about":[{"href":"https:\/\/maroc-canada.ca\/index.php?rest_route=\/wp\/v2\/types\/post"}],"author":[{"embeddable":true,"href":"https:\/\/maroc-canada.ca\/index.php?rest_route=\/wp\/v2\/users\/1"}],"replies":[{"embeddable":true,"href":"https:\/\/maroc-canada.ca\/index.php?rest_route=%2Fwp%2Fv2%2Fcomments&post=4148"}],"version-history":[{"count":15,"href":"https:\/\/maroc-canada.ca\/index.php?rest_route=\/wp\/v2\/posts\/4148\/revisions"}],"predecessor-version":[{"id":4186,"href":"https:\/\/maroc-canada.ca\/index.php?rest_route=\/wp\/v2\/posts\/4148\/revisions\/4186"}],"wp:featuredmedia":[{"embeddable":true,"href":"https:\/\/maroc-canada.ca\/index.php?rest_route=\/wp\/v2\/media\/4149"}],"wp:attachment":[{"href":"https:\/\/maroc-canada.ca\/index.php?rest_route=%2Fwp%2Fv2%2Fmedia&parent=4148"}],"wp:term":[{"taxonomy":"category","embeddable":true,"href":"https:\/\/maroc-canada.ca\/index.php?rest_route=%2Fwp%2Fv2%2Fcategories&post=4148"},{"taxonomy":"post_tag","embeddable":true,"href":"https:\/\/maroc-canada.ca\/index.php?rest_route=%2Fwp%2Fv2%2Ftags&post=4148"}],"curies":[{"name":"wp","href":"https:\/\/api.w.org\/{rel}","templated":true}]}}