{"id":4228,"date":"2019-03-06T20:55:31","date_gmt":"2019-03-07T01:55:31","guid":{"rendered":"http:\/\/maghreb-canada.ca\/?p=4228"},"modified":"2019-03-07T20:58:43","modified_gmt":"2019-03-08T01:58:43","slug":"journee-internationale-des-femmes-la-lutte-continue","status":"publish","type":"post","link":"https:\/\/maroc-canada.ca\/?p=4228","title":{"rendered":"Journ\u00e9e internationale des femmes : La Lutte continue"},"content":{"rendered":"<p style=\"text-align: justify;\"><b><i>\u00ab Il a fallu cent\u00a0ans pour effacer les\u00a0discriminations les plus criantes entre les\u00a0hommes et\u00a0les\u00a0femmes, mais qu\u2019attend-on pour abr\u00e9ger\u00a0 celles\u00a0 qui\u00a0restent\u00a0? \u00bb.<\/i><\/b><b>. <\/b><b><i>Beno\u00eete Groult<\/i><\/b><b>.<\/b><\/p>\n<p style=\"text-align: justify;\">\n<p style=\"text-align: justify;\">L\u2019origine de la journ\u00e9e internationale des femmes (selon l\u2019appellation officielle de l\u2019ONU), \u00e9galement appel\u00e9e la journ\u00e9e internationale des droits des femmes fait l\u2019objet de plusieurs mythes et r\u00e9alit\u00e9s, dans cet article, j\u2019essayerai de vous faire voyager dans l\u2019histoire des origines de la journ\u00e9e du 8 mars.<\/p>\n<p style=\"text-align: justify;\">Les origines reposent en r\u00e9alit\u00e9 sur un mythe. <i>Fran\u00e7oise Picq<\/i>, militante f\u00e9ministe, historienne, sociologue et ma\u00eetresse de conf\u00e9rences en sciences politiques \u00e0 l&rsquo;universit\u00e9 Paris-Dauphine, l\u2019a \u00ab\u00a0d\u00e9masqu\u00e9\u00a0\u00bb d\u00e8s la fin des ann\u00e9es\u00a01970\u00a0:<i> \u00ab\u00a0\u00c0 l\u2019\u00e9poque, toute la presse militante, comme celle des \u201cgroupes femmes\u201d <\/i>du<i> Mouvement de lib\u00e9ration des femmes, relay\u00e9e par les quotidiens nationaux et internationaux, \u00e9crivaient que la Journ\u00e9e des femmes comm\u00e9morait le 8\u00a0mars\u00a01857, jour de manifestation des couturi\u00e8res \u00e0 New York.\u00a0\u00bb <\/i>Or cet \u00e9v\u00e9nement n\u2019a jamais eu lieu\u00a0!<i> \u00ab\u00a0Les journaux am\u00e9ricains de\u00a01857, par exemple, n\u2019en ont jamais fait mention\u00a0\u00bb, <\/i>indique <i>Fran\u00e7oise Picq<\/i>. Et il n\u2019est m\u00eame pas \u00e9voqu\u00e9 par celles qui ont pris l\u2019initiative de la Journ\u00e9e internationale des femmes\u00a0: les dirigeantes du mouvement f\u00e9minin socialiste international.<\/p>\n<p style=\"text-align: justify;\">Ce mythe continue tout de m\u00eame de circuler dans l\u2019histoire des mouvements des femmes.<\/p>\n<p style=\"text-align: justify;\"><b>Les couturi\u00e8res new-yorkaises, un mythe n\u00e9 en 1955.<\/b><\/p>\n<p style=\"text-align: justify;\">Mais alors comment est n\u00e9 le mythe des couturi\u00e8res new-yorkaises\u00a0? \u00ab\u00a0C\u2019est en\u00a01955, dans le journal fran\u00e7ais L\u2019Humanit\u00e9, que la manifestation du 8\u00a0mars\u00a01857 est cit\u00e9e pour la premi\u00e8re fois\u00a0\u00bb, explique <i>Fran\u00e7oise Picq<\/i>. Et l\u2019origine l\u00e9gendaire, relay\u00e9e chaque ann\u00e9e dans la presse, prend le pas sur la r\u00e9alit\u00e9. Pourquoi d\u00e9tacher le 8\u00a0Mars de son histoire sovi\u00e9tique\u00a0? \u00ab\u00a0Selon l\u2019une de mes hypoth\u00e8ses, poursuit-elle, <i>Madeleine Colin<\/i>, qui dirigeait alors la CGT (la conf\u00e9d\u00e9ration g\u00e9n\u00e9rale du travail \u2013 France), voulait l\u2019affranchir de la pr\u00e9dominance de l\u2019UFF (union des femmes fran\u00e7aises, actuellement femmes solidaires) et du parti communiste fran\u00e7ais pour qu\u2019elle suive ses propres mots d\u2019ordre lors du 8\u00a0Mars. La c\u00e9l\u00e9bration communiste de la Journ\u00e9e des femmes \u00e9tait devenue trop traditionnelle et r\u00e9actionnaire \u00e0 son go\u00fbt\u2026\u00a0\u00bb. Et c\u2019est pourquoi, en se r\u00e9f\u00e9rant aux ouvri\u00e8res am\u00e9ricaines, elle la pr\u00e9sente sous un nouveau jour\u00a0: celui de la lutte des femmes travailleuses\u2026<\/p>\n<p style=\"text-align: justify;\"><b>Les ouvri\u00e8res ont lutt\u00e9 pour l\u2019acceptation de leurs revendications dans le mouvement ouvrier.<\/b><\/p>\n<p style=\"text-align: justify;\"><i>Clara Zetkin<\/i> \u00e9tait une militante et une figure importante dans le parti socialiste allemand, une socialiste convaincue et une championne des droits des femmes, mais aussi une opposante d\u00e9termin\u00e9e au f\u00e9minisme bourgeois. Lors de la r\u00e9union o\u00f9 a \u00e9t\u00e9 d\u00e9cid\u00e9e la mise sur pied de la Deuxi\u00e8me Internationale (1889), elle avait d\u00e9j\u00e0 argument\u00e9 que le socialisme ne pouvait pas exister sans les femmes, que les hommes devaient lutter ensemble avec les femmes pour les droits des femmes, que cette lutte faisait partie aussi de la lutte des classes. La r\u00e9ponse peu encourageante qu\u2019elle avait re\u00e7ue l\u2019avait conduite \u00e0 prendre l\u2019initiative d\u2019un mouvement socialiste des femmes, ayant pour but d\u2019influencer les partis socialistes. Elle avait essay\u00e9 d\u2019acqu\u00e9rir et d\u2019\u00e9largir cette influence avec le journal femme socialiste <i>Die Gleichheit (L\u2019\u00c9galit\u00e9)<\/i>, dont elle \u00e9tait r\u00e9dactrice en chef.<\/p>\n<p style=\"text-align: justify;\">Car c\u2019est un fait,\u00a0c\u2019est en ao\u00fbt\u00a01910, \u00e0 la II<sup>e<\/sup>\u00a0conf\u00e9rence internationale des femmes socialistes, \u00e0 Copenhague, \u00e0 l\u2019initiative de <i>Clara\u00a0Zetkin, qu\u2019a \u00e9t\u00e9 prise la d\u00e9cision de la c\u00e9l\u00e9brer. <\/i>La date du 8 mars n\u2019a pas \u00e9t\u00e9 avanc\u00e9e, mais le principe est admis\u00a0: mobiliser les femmes \u00ab\u00a0en accord avec les organisations politiques et syndicales du prol\u00e9tariat dot\u00e9es de la conscience de classe\u00a0\u00bb. La Journ\u00e9e des femmes est donc l\u2019initiative du mouvement socialiste et non du mouvement f\u00e9ministe pourtant tr\u00e8s actif \u00e0 l\u2019\u00e9poque. <i>\u00ab\u00a0C\u2019est justement pour contrecarrer l\u2019influence des groupes f\u00e9ministes sur les femmes du peuple que Clara\u00a0Zetkin propose cette journ\u00e9e,<\/i> pr\u00e9cise <i>Fran\u00e7oise Picq<\/i>.<i> Elle rejetait en effet l\u2019alliance avec les \u201cf\u00e9ministes de la bourgeoisie\u201d.\u00a0\u00bb<\/i><\/p>\n<p style=\"text-align: justify;\">Mais, malgr\u00e9 l\u2019acceptation de la r\u00e9solution, l\u2019enthousiasme pour le droit de vote des femmes \u00e9tait ti\u00e8de dans la plupart des partis socialistes. Pour changer cela et pour impliquer davantage les femmes dans la lutte, la deuxi\u00e8me Conf\u00e9rence Internationale des Femmes Socialistes a d\u00e9cid\u00e9 de tenir chaque ann\u00e9e une journ\u00e9e internationale des femmes, une journ\u00e9e pendant laquelle on manifesterait, on ferait de la propagande, \u2026 En 1911, la Journ\u00e9e Internationale des Femmes a \u00e9t\u00e9 c\u00e9l\u00e9br\u00e9e en Allemagne, en Autriche, au Danemark, en Suisse et aux \u00c9tats-Unis. En 1912, la journ\u00e9e a \u00e9t\u00e9 c\u00e9l\u00e9br\u00e9e en France, au\u00a0Pays Bas et en Russie. La liste des pays s\u2019est \u00e9largie jusqu\u2019\u00e0 la Premi\u00e8re Guerre Mondiale.<\/p>\n<p style=\"text-align: justify;\">Cette guerre n\u2019a pas signifi\u00e9 seulement un massacre massif, mais aussi la d\u00e9sint\u00e9gration de la Deuxi\u00e8me Internationale. Le soutien \u00e0 la guerre, venu d\u2019abord de la social-d\u00e9mocratie allemande mais adopt\u00e9 ensuite par tous les partis de la Deuxi\u00e8me Internationale, a montr\u00e9 que, dans chacun de ces partis, le soutien \u00e0 sa propre bourgeoisie dans le cadre d\u2019un socialisme r\u00e9formiste avait pris le dessus sur l\u2019internationalisme, sur le refus de laisser les travailleurs de \u00ab son \u00bb pays tirer sur ceux d\u2019autres pays, au seul b\u00e9n\u00e9fice de leur propre bourgeoisie belliqueuse. Le seul parti qui est rest\u00e9 fid\u00e8le aux principes internationalistes du socialisme a \u00e9t\u00e9 le parti russe, et en particulier son aile gauche majoritaire (les bolcheviks) sous la direction de <i>L\u00e9nine<\/i>, suivi dans cette voie par une partie de l\u2019aile gauche de l\u2019Internationale Socialiste.<\/p>\n<p style=\"text-align: justify;\">L\u2019organisation internationale des femmes a continu\u00e9 d\u2019exister et s\u2019est rang\u00e9e dans le camp anti-guerre. Les Femmes Socialistes allemandes, au contraire de la direction du SPD (Parti Social-D\u00e9mocrate allemand), ont aussi continu\u00e9 \u00e0 mobiliser contre la guerre et contre la r\u00e9pression de l\u2019\u00c9tat, notamment en 1914 contre la guerre qui approchait \u00e0 grands pas et contre l\u2019arrestation de <i>Rosa Luxemburg<\/i>, militante socialiste et communiste et th\u00e9oricienne marxiste, qui participait avec <i>Clara Zetkin<\/i> \u00e0 la direction des groupes de gauche dans le SPD.<\/p>\n<p style=\"text-align: justify;\">Les femmes ouvri\u00e8res manifestent par millions pour porter au grand jour leurs exigences et r\u00e9clamer leurs droits\u00a0:<\/p>\n<ul style=\"text-align: justify;\">\n<li>Droit \u00e0 la journ\u00e9e de 8 heures;<\/li>\n<li>Droit de vote;<\/li>\n<li>Droit d\u2019adh\u00e9rer \u00e0 un syndicat;<\/li>\n<li>Droit \u00e0 la protection de la maternit\u00e9;<\/li>\n<li>Droit \u00e0 la suppression du travail du samedi, \u2026<\/li>\n<\/ul>\n<p style=\"text-align: justify;\">Quelques ann\u00e9es plus tard, la tradition socialiste de la Journ\u00e9e internationale des femmes subit le contrecoup du schisme ouvrier li\u00e9 \u00e0 la III<sup>e<\/sup>\u00a0Internationale. C\u2019est en Russie que la Journ\u00e9e des femmes conna\u00eet son regain\u00a0: en\u00a01913 et en\u00a01914, la Journ\u00e9e internationale des ouvri\u00e8res y est c\u00e9l\u00e9br\u00e9e, puis le 8\u00a0mars\u00a01917 ont lieu, \u00e0 Petrograd (aujourd\u2019hui Saint-P\u00e9tersbourg), des manifestations d\u2019ouvri\u00e8res que les bolcheviques d\u00e9signent comme le premier jour de la r\u00e9volution russe. Une nouvelle tradition est instaur\u00e9e : le 8\u00a0Mars sera d\u00e8s lors l\u2019occasion pour les partis communistes de mobiliser les femmes. Apr\u00e8s\u00a01945, la Journ\u00e9e des femmes est officiellement c\u00e9l\u00e9br\u00e9e dans tous les pays socialistes (o\u00f9 elle s\u2019apparente \u00e0 la f\u00eate des m\u00e8res\u00a0!).<\/p>\n<p style=\"text-align: justify;\"><b>Relance de la lutte des femmes dans les ann\u00e9es \u201960<\/b><\/p>\n<p style=\"text-align: justify;\">Dans le reste du monde, la Journ\u00e9e Internationale des Femmes a \u00e9t\u00e9 de plus en plus oubli\u00e9e pour n\u2019\u00eatre reprise qu\u2019\u00e0 la fin des ann\u00e9es \u201960 par le nouveau mouvement f\u00e9ministe, ce qu\u2019on a appel\u00e9 la \u00ab deuxi\u00e8me vague \u00bb (apr\u00e8s une \u00ab premi\u00e8re vague \u00bb pour le droit de vote).<\/p>\n<p style=\"text-align: justify;\">Les ann\u00e9es \u201960 ont vu un grand afflux de femmes sur le march\u00e9 de travail. Vu le ch\u00f4mage tr\u00e8s bas, les femmes ont \u00e9t\u00e9 stimul\u00e9es \u00e0 aller revendiquer leur place au travail. La nouvelle vague f\u00e9ministe s\u2019est donc d\u00e9velopp\u00e9e sur la base de ces conditions \u00e9conomiques favorables.<\/p>\n<p style=\"text-align: justify;\">Cette nouvelle vague f\u00e9ministe, qui a co\u00efncid\u00e9 avec le d\u00e9veloppement d\u2019autres mouvements d\u2019\u00e9mancipation comme celui des homosexuels, avait comme objectifs d\u2019obtenir l\u2019ind\u00e9pendance \u00e9conomique, de rompre avec la r\u00e9partition classique des r\u00f4les entre hommes et femmes, d\u2019arracher la lib\u00e9ration sexuelle, de casser le \u00ab plafond de verre \u00bb qui tenait les femmes loin des hautes fonctions, y compris dans la politique. Dans beaucoup de pays, cette lutte a obtenu des acquis importants, entre autres sur les questions de la contraception et de l\u2019avortement, de l\u2019assouplissement des lois sur le divorce, illustr\u00e9s par des slogans comme le tr\u00e8s connu \u00ab ma\u00eetre de mon ventre \u00bb ou \u00ab le personnel est politique \u00bb.<\/p>\n<p style=\"text-align: justify;\">En termes l\u00e9gaux, la revendication \u201c\u00e0 travail \u00e9gal, salaire \u00e9gal\u201d a \u00e9t\u00e9 obtenue, tout comme l\u2019interdiction des discriminations professionnelles, mais sur ce plan on doit aujourd\u2019hui bien constater que les salaires r\u00e9els des femmes sont toujours en moyenne 25% plus bas que ceux des hommes.<\/p>\n<p style=\"text-align: justify;\"><b>Le\u00a0 \u00ab 8 mars \u00bb au Qu\u00e9bec<\/b><\/p>\n<p style=\"text-align: justify;\">\u00c0 la fin des ann\u00e9es 60, l\u2019int\u00e9r\u00eat pour la Journ\u00e9e internationale des femmes est aviv\u00e9 par le mouvement de lib\u00e9ration des femmes qui prend naissance au Qu\u00e9bec. Le 8 mars 1971, le Front de lib\u00e9ration des femmes lance officiellement une campagne nationale pour l\u2019avortement libre et gratuit. Une marche est alors organis\u00e9e \u00e0 Montr\u00e9al de m\u00eame qu\u2019un colloque. Les groupes de femmes, les syndicats et les groupes communautaires concourent \u00e9galement \u00e0 faire du \u00ab 8 mars \u00bb une manifestation annuelle. Luttes contre la discrimination, revendications sociales et \u00e9conomiques ou conditions de travail sont des sujets avanc\u00e9s sur la place publique, \u00e0 la faveur de ce moment de r\u00e9flexion et d\u2019action que constitue cette journ\u00e9e sp\u00e9ciale.<\/p>\n<p style=\"text-align: justify;\"><b>L\u2019Organisation des Nations Unies contribue \u00e0 la cause des femmes et des filles.<\/b><\/p>\n<p style=\"text-align: justify;\">La Charte des Nations Unis adopt\u00e9e en 1945, a \u00e9t\u00e9 le premier instrument international \u00e0 affirmer le principe de l&rsquo;\u00e9galit\u00e9 entre les femmes et les hommes. Depuis, l&rsquo;ONU a contribu\u00e9 \u00e0 cr\u00e9er un h\u00e9ritage historique et internationalement reconnu de strat\u00e9gies, de normes, de programmes et d\u2019objectifs destin\u00e9s \u00e0 am\u00e9liorer la condition des femmes dans le monde.<\/p>\n<p style=\"text-align: justify;\">Au fil des ans, l&rsquo;ONU et ses institutions sp\u00e9cialis\u00e9es ont favoris\u00e9 la participation des femmes, en tant que partenaires \u00e9gales des hommes, \u00e0 la r\u00e9alisation du d\u00e9veloppement durable, de la paix, de la s\u00e9curit\u00e9 et au plein respect des droits de l&rsquo;homme.<\/p>\n<p style=\"text-align: justify;\">En 1977, l\u2019ONU adopte une r\u00e9solution pour inviter chaque pays de la plan\u00e8te \u00e0 consacrer une journ\u00e9e \u00e0 la c\u00e9l\u00e9bration des droits des femmes et de la paix internationale. Le \u00ab 8 mars \u00bb est ainsi devenu cette journ\u00e9e de reconnaissance dans de nombreux pays.<\/p>\n<p style=\"text-align: justify;\">En 1995, La D\u00e9claration et le Programme d\u2019action de Beijing, qui constituent une feuille de route de port\u00e9e historique, sont adopt\u00e9s par 189 gouvernements lors de la quatri\u00e8me Conf\u00e9rence mondiale sur les femmes. Ils contiennent des engagements complets en r\u00e9ponse \u00e0 12 domaines critiques et constituent encore une puissante source d\u2019orientation et d\u2019inspiration. Le Programme d\u2019action projette un monde o\u00f9 chaque femme et chaque fille peut exercer ses libert\u00e9s et ses choix et conna\u00eetre et comprendre tous ses droits, notamment le droit de vivre sans violence, le droit \u00e0 l\u2019\u00e9ducation, le droit de participer \u00e0 la prise de d\u00e9cision et le droit de recevoir un salaire \u00e9gal pour un travail \u00e9gal.<\/p>\n<p style=\"text-align: justify;\">\u00c0 la suite d\u2019une proposition pr\u00e9sent\u00e9e par le gouvernement du Canada en 2011, l\u2019ONU d\u00e9clare le 11\u00a0octobre Journ\u00e9e internationale des filles. Cette reconnaissance est le fruit du plaidoyer mondial de la campagne \u00ab <i>Because I am a Girl<\/i> \u00bb de l\u2019organisation Plan international, dont la mission est de mettre fin \u00e0 l\u2019in\u00e9galit\u00e9 de genre et de promouvoir les droits des filles \u00e0 travers le monde.<\/p>\n<p style=\"text-align: justify;\">En 2014, la 58\u00e8me session de la Commission de la condition de la femme (CSW), qui est le principal organe intergouvernemental mondial d\u00e9di\u00e9 exclusivement \u00e0 la promotion de l\u2019\u00e9galit\u00e9 des sexes et de l&rsquo;autonomisation des femmes, avait pour th\u00e8me prioritaire : les r\u00e9sultats obtenus et les difficult\u00e9s rencontr\u00e9es dans la r\u00e9alisation des Objectif du Mill\u00e9naire pour le d\u00e9veloppement (OMD) en faveur des femmes et des filles. Les institutions de l&rsquo;ONU et des ONG accr\u00e9dit\u00e9es du monde entier ont examin\u00e9 les progr\u00e8s accomplis et les d\u00e9fis qu\u2019il reste \u00e0 relever en vue d&rsquo;atteindre ces objectifs. Les OMD ont jou\u00e9 un r\u00f4le important dans la mobilisation de l&rsquo;attention et des ressources sur l&rsquo;\u00e9galit\u00e9 des sexes et l&rsquo;autonomisation des femmes.<\/p>\n<p style=\"text-align: justify;\"><b>L&rsquo;\u00e9galit\u00e9 entre les sexes et les Objectifs de d\u00e9veloppement durable<\/b><\/p>\n<p style=\"text-align: justify;\">La Journ\u00e9e internationale de la femme est \u00e9galement l\u2019occasion de r\u00e9fl\u00e9chir aux moyens d\u2019acc\u00e9l\u00e9rer le Programme 2030 et favoriser la mise en \u0153uvre effective de ses objectifs, en particulier de l\u2019Objectif n.5 (\u00ab parvenir \u00e0 l\u2019\u00e9galit\u00e9 des sexes et autonomiser toutes les femmes et les filles \u00bb) et de l\u2019Objectif n.4 (\u00ab assurer l\u2019acc\u00e8s de tous \u00e0 une \u00e9ducation de qualit\u00e9, sur un pied d\u2019\u00e9galit\u00e9, et promouvoir les possibilit\u00e9s d\u2019apprentissage tout au long de la vie \u00bb).<\/p>\n<p style=\"text-align: justify;\">Parmi les cibles les plus importantes il s&rsquo;agit notamment de :<\/p>\n<ul style=\"text-align: justify;\">\n<li>Faire en sorte que toutes les filles et tous les gar\u00e7ons suivent d\u2019ici \u00e0 2030, sur un pied d\u2019\u00e9galit\u00e9, un cycle complet d\u2019enseignement primaire et secondaire gratuit et de qualit\u00e9 (Objectif n.4).<\/li>\n<li>Faire en sorte que toutes les filles et tous les gar\u00e7ons aient acc\u00e8s, d\u2019ici \u00e0 2030, \u00e0 des activit\u00e9s de d\u00e9veloppement et de soins de la petite enfance et \u00e0 une \u00e9ducation pr\u00e9scolaire de qualit\u00e9 qui les pr\u00e9parent \u00e0 suivre un enseignement primaire (Objectif n.4).<\/li>\n<li>Mettre fin, dans le monde entier, \u00e0 toutes les formes de discrimination \u00e0 l\u2019\u00e9gard des femmes et des filles (Objectif n.5).<\/li>\n<li>\u00c9liminer toutes les formes de violence \u00e0 l\u2019\u00e9gard des femmes et des filles dans les sph\u00e8res publique et priv\u00e9e, y compris la traite et l\u2019exploitation sexuelle et autres type d\u2019exploitation (Objectif n.5).<\/li>\n<\/ul>\n<p style=\"text-align: justify;\">\u00c9liminer toutes les pratiques pr\u00e9judiciables, telles que le mariage des enfants, le mariage pr\u00e9coce ou forc\u00e9 et la mutilation g\u00e9nitale f\u00e9minine (Objectif n.5).<\/p>\n<p style=\"text-align: justify;\"><b>Une lutte \u00e9ternelle<\/b><\/p>\n<p style=\"text-align: justify;\">Tout au long du 20<sup>e<\/sup> si\u00e8cle, cette journ\u00e9e a \u00e9t\u00e9 importante pour mettre de l\u2019avant les revendications des femmes, et particuli\u00e8rement des travailleuses, face \u00e0 l\u2019\u00c9tat et aux patrons. Aujourd\u2019hui, la journ\u00e9e internationale des femmes demeure c\u00e9l\u00e9br\u00e9e \u00e0 travers le monde et permet de donner une visibilit\u00e9 aux luttes f\u00e9ministes, tout en les r\u00e9actualisant. Au fil des victoires, de nouveaux combats s\u2019ajoutent et de nouvelles actrices font entendre leur voix.<\/p>\n<p style=\"text-align: justify;\">Tant que les femmes seront cibl\u00e9es par les politiques d\u2019aust\u00e9rit\u00e9;<br \/>\nTant que les femmes gagneront moins en en faisant toujours plus;<br \/>\nTant que les soi-disant mesures pro-la\u00efcit\u00e9 s\u2019attaqueront aux droits des femmes musulmanes;<br \/>\nTant que l\u2019acc\u00e8s \u00e0 une interruption de grossesse gratuite et s\u00e9curitaire sera menac\u00e9;<br \/>\nTant que les vies des femmes autochtones seront jug\u00e9es comme moins importantes;<br \/>\nTant qu\u2019on apprendra encore aux filles \u00e0 ne pas \u00eatre agress\u00e9es;<br \/>\nTant que les in\u00e9galit\u00e9s existeront entre les femmes;<br \/>\n<b><i>le 8 mars ne sera pas jour de f\u00eate, mais jour de lutte !<\/i><\/b><\/p>\n<p style=\"text-align: justify;\">Par Nasser Bensfeia <i>pour Maghreb Canada Express,, <\/i><em>pages 4 et 5, Vol. XVII, N\u00b03 , Mars\u00a0 2019.<\/em><\/p>\n<h2 style=\"text-align: justify;\">Pour lire\u00a0 l\u2019\u00e9dition de Mars 2019, cliquer sur l\u2019image:<\/h2>\n<h3 style=\"text-align: justify;\">\u00c9DITION MARS 2019<\/h3>\n<div class=\"textwidget\" style=\"text-align: justify;\">\n<p><a href=\"http:\/\/www.maghreb-canada.ca\/journal\/2019\/MCE187-03-2019.pdf\"> <img loading=\"lazy\" decoding=\"async\" class=\"style1\" src=\"http:\/\/www.maghreb-canada.ca\/journal\/2019\/n187.jpg\" alt=\"Maghreb Canada Express\" width=\"176\" height=\"239\" \/><\/a><\/p>\n<\/div>\n<p style=\"text-align: justify;\"><b><i>\u00a0<\/i><\/b><\/p>\n<p>&nbsp;<\/p>\n","protected":false},"excerpt":{"rendered":"<p>\u00ab Il a fallu cent\u00a0ans pour effacer les\u00a0discriminations les plus criantes entre les\u00a0hommes et\u00a0les\u00a0femmes, mais qu\u2019attend-on pour abr\u00e9ger\u00a0 celles\u00a0 qui\u00a0restent\u00a0? \u00bb.. Beno\u00eete Groult. L\u2019origine de la journ\u00e9e internationale des femmes (selon l\u2019appellation officielle de l\u2019ONU), \u00e9galement appel\u00e9e la journ\u00e9e internationale des droits des femmes fait l\u2019objet de plusieurs mythes et r\u00e9alit\u00e9s, dans cet article, j\u2019essayerai [&hellip;]<\/p>\n","protected":false},"author":1,"featured_media":4229,"comment_status":"closed","ping_status":"closed","sticky":false,"template":"","format":"standard","meta":{"footnotes":""},"categories":[4,6,7,8],"tags":[],"class_list":["post-4228","post","type-post","status-publish","format-standard","has-post-thumbnail","hentry","category-canada","category-maghreb","category-monde","category-numero-du-mois"],"_links":{"self":[{"href":"https:\/\/maroc-canada.ca\/index.php?rest_route=\/wp\/v2\/posts\/4228","targetHints":{"allow":["GET"]}}],"collection":[{"href":"https:\/\/maroc-canada.ca\/index.php?rest_route=\/wp\/v2\/posts"}],"about":[{"href":"https:\/\/maroc-canada.ca\/index.php?rest_route=\/wp\/v2\/types\/post"}],"author":[{"embeddable":true,"href":"https:\/\/maroc-canada.ca\/index.php?rest_route=\/wp\/v2\/users\/1"}],"replies":[{"embeddable":true,"href":"https:\/\/maroc-canada.ca\/index.php?rest_route=%2Fwp%2Fv2%2Fcomments&post=4228"}],"version-history":[{"count":1,"href":"https:\/\/maroc-canada.ca\/index.php?rest_route=\/wp\/v2\/posts\/4228\/revisions"}],"predecessor-version":[{"id":4230,"href":"https:\/\/maroc-canada.ca\/index.php?rest_route=\/wp\/v2\/posts\/4228\/revisions\/4230"}],"wp:featuredmedia":[{"embeddable":true,"href":"https:\/\/maroc-canada.ca\/index.php?rest_route=\/wp\/v2\/media\/4229"}],"wp:attachment":[{"href":"https:\/\/maroc-canada.ca\/index.php?rest_route=%2Fwp%2Fv2%2Fmedia&parent=4228"}],"wp:term":[{"taxonomy":"category","embeddable":true,"href":"https:\/\/maroc-canada.ca\/index.php?rest_route=%2Fwp%2Fv2%2Fcategories&post=4228"},{"taxonomy":"post_tag","embeddable":true,"href":"https:\/\/maroc-canada.ca\/index.php?rest_route=%2Fwp%2Fv2%2Ftags&post=4228"}],"curies":[{"name":"wp","href":"https:\/\/api.w.org\/{rel}","templated":true}]}}