{"id":4240,"date":"2019-03-30T12:21:12","date_gmt":"2019-03-30T16:21:12","guid":{"rendered":"http:\/\/maghreb-canada.ca\/?p=4240"},"modified":"2019-03-30T13:22:53","modified_gmt":"2019-03-30T17:22:53","slug":"visite-du-pape-francois-au-maroc-une-nouvelle-page-dans-lhistoire-du-dialogue-entre-les-religions","status":"publish","type":"post","link":"https:\/\/maroc-canada.ca\/?p=4240","title":{"rendered":"Visite du Pape Fran\u00e7ois au Maroc: Une nouvelle page dans l\u2019histoire du dialogue entre les religions"},"content":{"rendered":"<p style=\"text-align: justify;\">La visite de Sa Saintet\u00e9 le Pape Fran\u00e7ois au Maroc, terre de paix, de tol\u00e9rance et du vivre-ensemble pr\u00e9vue les 30 et 31 mars courant, ouvre une nouvelle page dans l\u2019histoire du dialogue islamo-chr\u00e9tien, facteur indispensable \u00e0 la cons\u00e9cration des valeurs de tol\u00e9rance et de coexistence dans le monde.<\/p>\n<p style=\"text-align: justify;\">Cette premi\u00e8re visite du Pape Fran\u00e7ois dans un pays maghr\u00e9bin est en effet porteur de grands espoirs pour la consolidation du dialogue interreligieux, le raffermissement du respect mutuel entre musulmans et chr\u00e9tiens, ainsi que le renforcement de l\u2019entente et du vivre-ensemble harmonieux entre les communaut\u00e9s et les nations.<\/p>\n<p style=\"text-align: justify;\">Elle vient consacrer de m\u00eame le statut du Maroc, sous le leadership de SM le Roi Mohammed VI, Amir Al Mouminine en tant qu\u2019acteur majeur au service du renforcement du dialogue, de la compr\u00e9hension et du respect mutuels entre les mondes musulman et chr\u00e9tien, et rempart contre l\u2019extr\u00e9misme et les d\u00e9rives qui menacent la paix et la s\u00e9curit\u00e9 mondiale.<\/p>\n<p style=\"text-align: justify;\">L\u2019excellence des relations entre le Saint-Si\u00e8ge et le Royaume du Maroc proc\u00e8de en effet de cette ferme volont\u00e9 des deux Souverains, SM le Roi, Amir Al Mouminine et le Pape Fran\u00e7ois en sa qualit\u00e9 de chef de la hi\u00e9rarchie \u00e9piscopale repr\u00e9sentant le christianisme catholique, d\u2019impulser le dialogue interreligieux pour conjurer l\u2019intol\u00e9rance, faire avorter les courants extr\u00e9mistes et aider \u00e0 l\u2019instauration d\u2019une meilleure compr\u00e9hension de la foi et des croyances de l\u2019autre, dans un souci humaniste de rassembler les religions loin de ce qui les divise.<\/p>\n<p style=\"text-align: justify;\">\u201cCette premi\u00e8re visite au Maghreb du pape Fran\u00e7ois est plac\u00e9e sous le signe du d\u00e9veloppement du dialogue interreligieux, de la compr\u00e9hension mutuelle entre les fid\u00e8les des deux religions et la promotion des valeurs de paix et de tol\u00e9rance\u201d, indique un communiqu\u00e9 du Vatican.<\/p>\n<p style=\"text-align: justify;\">Trente-quatre ans apr\u00e8s le s\u00e9jour dans le Royaume du pape Jean-Paul II, cette nouvelle visite historique de Sa Saintet\u00e9 le pape Fran\u00e7ois offre \u201cune grande rencontre interreligieuse, un moment qui permettra de continuer \u00e0 faire vivre ce message de paix entre chr\u00e9tiens et musulmans, et de confirmer la tradition d\u2019accueil et de compr\u00e9hension qui, depuis des si\u00e8cles, caract\u00e9rise les relations du Royaume du Maroc avec l\u2019\u00c9glise catholique\u201d, rel\u00e8ve le Vatican.<\/p>\n<p style=\"text-align: justify;\">Et de poursuivre: \u201ccette visite apostolique est \u00e9galement plac\u00e9e sous le th\u00e8me de la n\u00e9cessaire solidarit\u00e9 avec les migrants, dans un pays ayant tr\u00e8s t\u00f4t opt\u00e9 pour une politique d\u2019accueil digne et courageuse\u201d.<\/p>\n<p style=\"text-align: justify;\">Il s\u2019agit ainsi d\u2019une occasion \u201cde r\u00e9affirmer le soutien du pape Fran\u00e7ois au Pacte mondial sur les migrations des Nations Unies adopt\u00e9 \u00e0 Marrakech en d\u00e9cembre dernier et d\u2019appeler \u00e0 nouveau la communaut\u00e9 internationale \u00e0 \u0153uvrer avec responsabilit\u00e9, solidarit\u00e9 et compassion vis-\u00e0-vis des migrants\u201d, rel\u00e8ve le Saint-Si\u00e8ge.<\/p>\n<p style=\"text-align: justify;\">Ce voyage apostolique sera aussi marqu\u00e9 par la rencontre du Souverain Pontife avec les chr\u00e9tiens vivant au Maroc, dans une parfaite harmonie et libert\u00e9 de culte, au service de la paix, de la tol\u00e9rance et de la fraternit\u00e9, souligne le communiqu\u00e9.<\/p>\n<p style=\"text-align: justify;\">En effet, SM le Roi Mohammed VI et Sa Saintet\u00e9 le Pape Fran\u00e7ois, qui jouissent d\u2019une immense aura religieuse et spirituelle \u00e0 l\u2019\u00e9chelle mondiale, sont anim\u00e9s par une grande volont\u00e9 de contribuer \u00e0 l\u2019ancrage des valeurs humanitaires fond\u00e9es sur la justice, la paix, la solidarit\u00e9 et la cohabitation harmonieuse dans monde.<\/p>\n<p style=\"text-align: justify;\">Sous le leadership du Souverain, le Maroc, un pays fort de sa diversit\u00e9, de son pluralisme et de sa mod\u00e9ration, jouit en effet d\u2019une notori\u00e9t\u00e9 internationale et sert de r\u00e9f\u00e9rence et de mod\u00e8le pour ses efforts en faveur de la paix, de l\u2019harmonie, du d\u00e9veloppement humain, et de la cohabitation entre les peuples et les religions.<\/p>\n<p style=\"text-align: justify;\">Dans un message de v\u0153ux et de f\u00e9licitations \u00e0 Sa Saintet\u00e9 le Pape Fran\u00e7ois \u00e0 l\u2019occasion du sixi\u00e8me anniversaire de son pontificat, SM le Roi Mohammed VI, Amir Al Mouminine s\u2019est f\u00e9licit\u00e9 \u201cdes relations privil\u00e9gi\u00e9es, d\u2019amiti\u00e9 solide et d\u2019estime mutuelle unissant le Royaume du Maroc et la Cit\u00e9 du Vatican\u201d, r\u00e9it\u00e9rant Sa ferme d\u00e9termination \u00e0 continuer \u00e0 \u0153uvrer de concert avec Sa Saintet\u00e9 le Pape Fran\u00e7ois pour la cons\u00e9cration des valeurs religieuses et spirituelles nobles partag\u00e9es par l\u2019Humanit\u00e9, des valeurs qui pr\u00f4nent la paix, la tol\u00e9rance et la coexistence et rejettent toutes les formes d\u2019ignorance, de haine et d\u2019extr\u00e9misme.<\/p>\n<p style=\"text-align: justify;\">A cet \u00e9gard, SM le Roi a soulign\u00e9 que la visite de Sa Saintet\u00e9 dans le Royaume du Maroc constituera une bonne occasion pour un \u00e9change de vues sur des questions d\u2019int\u00e9r\u00eat commun et permettra de promouvoir les efforts visant \u00e0 consolider la communication, le dialogue interculturel constructif et la compr\u00e9hension interconfessionnelle.<\/p>\n<p style=\"text-align: justify;\">Source : Siham Toufik (MAP)<\/p>\n","protected":false},"excerpt":{"rendered":"<p>La visite de Sa Saintet\u00e9 le Pape Fran\u00e7ois au Maroc, terre de paix, de tol\u00e9rance et du vivre-ensemble pr\u00e9vue les 30 et 31 mars courant, ouvre une nouvelle page dans l\u2019histoire du dialogue islamo-chr\u00e9tien, facteur indispensable \u00e0 la cons\u00e9cration des valeurs de tol\u00e9rance et de coexistence dans le monde. Cette premi\u00e8re visite du Pape Fran\u00e7ois [&hellip;]<\/p>\n","protected":false},"author":1,"featured_media":4241,"comment_status":"closed","ping_status":"closed","sticky":false,"template":"","format":"standard","meta":{"footnotes":""},"categories":[6,7],"tags":[],"class_list":["post-4240","post","type-post","status-publish","format-standard","has-post-thumbnail","hentry","category-maghreb","category-monde"],"_links":{"self":[{"href":"https:\/\/maroc-canada.ca\/index.php?rest_route=\/wp\/v2\/posts\/4240","targetHints":{"allow":["GET"]}}],"collection":[{"href":"https:\/\/maroc-canada.ca\/index.php?rest_route=\/wp\/v2\/posts"}],"about":[{"href":"https:\/\/maroc-canada.ca\/index.php?rest_route=\/wp\/v2\/types\/post"}],"author":[{"embeddable":true,"href":"https:\/\/maroc-canada.ca\/index.php?rest_route=\/wp\/v2\/users\/1"}],"replies":[{"embeddable":true,"href":"https:\/\/maroc-canada.ca\/index.php?rest_route=%2Fwp%2Fv2%2Fcomments&post=4240"}],"version-history":[{"count":4,"href":"https:\/\/maroc-canada.ca\/index.php?rest_route=\/wp\/v2\/posts\/4240\/revisions"}],"predecessor-version":[{"id":4249,"href":"https:\/\/maroc-canada.ca\/index.php?rest_route=\/wp\/v2\/posts\/4240\/revisions\/4249"}],"wp:featuredmedia":[{"embeddable":true,"href":"https:\/\/maroc-canada.ca\/index.php?rest_route=\/wp\/v2\/media\/4241"}],"wp:attachment":[{"href":"https:\/\/maroc-canada.ca\/index.php?rest_route=%2Fwp%2Fv2%2Fmedia&parent=4240"}],"wp:term":[{"taxonomy":"category","embeddable":true,"href":"https:\/\/maroc-canada.ca\/index.php?rest_route=%2Fwp%2Fv2%2Fcategories&post=4240"},{"taxonomy":"post_tag","embeddable":true,"href":"https:\/\/maroc-canada.ca\/index.php?rest_route=%2Fwp%2Fv2%2Ftags&post=4240"}],"curies":[{"name":"wp","href":"https:\/\/api.w.org\/{rel}","templated":true}]}}