{"id":4245,"date":"2019-03-28T13:10:25","date_gmt":"2019-03-28T17:10:25","guid":{"rendered":"http:\/\/maghreb-canada.ca\/?p=4245"},"modified":"2019-03-28T13:10:25","modified_gmt":"2019-03-28T17:10:25","slug":"loi-legault-sur-la-laicite-maintenant-la-chicane","status":"publish","type":"post","link":"https:\/\/maroc-canada.ca\/?p=4245","title":{"rendered":"Loi Legault sur la la\u00efcit\u00e9 : \u00ab\u00a0Maintenant\u00a0\u00bb la Chicane !"},"content":{"rendered":"<p style=\"text-align: justify;\"><a href=\"http:\/\/maroc-canada.ca\/wp-content\/uploads\/2018\/10\/IMG_0003-e1539807939590.jpg\"><img loading=\"lazy\" decoding=\"async\" class=\"alignleft  wp-image-4064\" src=\"http:\/\/maroc-canada.ca\/wp-content\/uploads\/2018\/10\/IMG_0003-e1539807939590.jpg\" alt=\"IMG_0003\" width=\"171\" height=\"199\" \/><\/a>Le gouvernement de la CAQ \u00e0 la t\u00eate du Qu\u00e9bec vient de d\u00e9poser son projet de loi sur la la\u00efcit\u00e9. qui exclut <i>de facto<\/i> chr\u00e9tiens, musulmans, juifs, sikh, etc. de la sc\u00e8ne publique, pour cause de leurs apparences. Aux uns on enl\u00e8ve crucifix et symboles, aux autres: kippa, foulard et turban, etc.<\/p>\n<p style=\"text-align: justify;\">De tous les enjeux pertinents du Qu\u00e9bec, Legault n&rsquo;a r\u00e9ussi que le contre sens: exclusion, chicane et frustrations, etc.<br \/>\nJuste pour rappel Legault, vos pr\u00e9d\u00e9cesseurs depuis 2007 tentaient de monter ce navire brillant pour finir dans une temp\u00eate, \u00e0 l&rsquo;origine de leurs naufrages: Mario Dumont (2007), Pauline Marois (2012-2014), Gilles Ducepes (2015) et Steven Harper (2015), et vous le suivant.<\/p>\n<p style=\"text-align: justify;\">\u00c0 part retarder les \u00e9ch\u00e9ances, faire vibrer la touche identitaire et camoufler vos \u00e9checs \u00e0 livrer la marchandise, et votre incapacit\u00e9 \u00e0 penser un projet de soci\u00e9t\u00e9 qui tient, je ne voie aucun gain dans votre projet.<\/p>\n<p style=\"text-align: justify;\">Vous foncez avec l&rsquo;\u00e9p\u00e9e de l&rsquo;exclusion: vous vous attaquez \u00e0 l&rsquo;immigration et \u00e0 la diversit\u00e9, au moment o\u00f9 l&rsquo;\u00e9conomie du Qu\u00e9bec peine \u00e0 trouver la main d&rsquo;oeuvre, pendant que le secteur de l&rsquo;\u00e9ducation crie le d\u00e9ficit en ressources, et au moment o\u00f9 le Qu\u00e9bec se rel\u00e8ve des logiques de chicanes et recherche les conditions du bien vivre-ensemble. Et, pendant tout ce temps, M. Legault nous arrive avec de l&rsquo;\u00e9chec, de la r\u00e9gression et rien que la chicane.<\/p>\n<p style=\"text-align: justify;\">M. Legault vous venez d&rsquo;amorcer une bataille vaincue d&rsquo;avance, oui mais payante, vous vous dites, car vous fait gagner du temps, pour camoufler vos \u00e9checs.<\/p>\n<p style=\"text-align: justify;\">\u00c7a ne fait que commencer, attendez-vous aux batailles judiciaires, et attendez-vous \u00e0 des d\u00e9parts massifs vers d&rsquo;autres provinces, l\u00e0 o\u00f9 les gens peuvent respirer l&rsquo;air de la libert\u00e9 et vivre l&rsquo;\u00e8re de la diversit\u00e9.<\/p>\n<p style=\"text-align: justify;\">Faites une retraite relaxante dans un spa, \u00e0 vous tout seul: essayez de vous parler, vous et vous-m\u00eames et interrogez votre conscience. La nuit porte conseil.<\/p>\n<p style=\"text-align: justify;\">Dr Brahim Benyoucef (le 27 mars 2019)<\/p>\n","protected":false},"excerpt":{"rendered":"<p>Le gouvernement de la CAQ \u00e0 la t\u00eate du Qu\u00e9bec vient de d\u00e9poser son projet de loi sur la la\u00efcit\u00e9. qui exclut de facto chr\u00e9tiens, musulmans, juifs, sikh, etc. de la sc\u00e8ne publique, pour cause de leurs apparences. Aux uns on enl\u00e8ve crucifix et symboles, aux autres: kippa, foulard et turban, etc. De tous les [&hellip;]<\/p>\n","protected":false},"author":1,"featured_media":4198,"comment_status":"closed","ping_status":"closed","sticky":false,"template":"","format":"standard","meta":{"footnotes":""},"categories":[4,5,7,8],"tags":[],"class_list":["post-4245","post","type-post","status-publish","format-standard","has-post-thumbnail","hentry","category-canada","category-immigration","category-monde","category-numero-du-mois"],"_links":{"self":[{"href":"https:\/\/maroc-canada.ca\/index.php?rest_route=\/wp\/v2\/posts\/4245","targetHints":{"allow":["GET"]}}],"collection":[{"href":"https:\/\/maroc-canada.ca\/index.php?rest_route=\/wp\/v2\/posts"}],"about":[{"href":"https:\/\/maroc-canada.ca\/index.php?rest_route=\/wp\/v2\/types\/post"}],"author":[{"embeddable":true,"href":"https:\/\/maroc-canada.ca\/index.php?rest_route=\/wp\/v2\/users\/1"}],"replies":[{"embeddable":true,"href":"https:\/\/maroc-canada.ca\/index.php?rest_route=%2Fwp%2Fv2%2Fcomments&post=4245"}],"version-history":[{"count":1,"href":"https:\/\/maroc-canada.ca\/index.php?rest_route=\/wp\/v2\/posts\/4245\/revisions"}],"predecessor-version":[{"id":4246,"href":"https:\/\/maroc-canada.ca\/index.php?rest_route=\/wp\/v2\/posts\/4245\/revisions\/4246"}],"wp:featuredmedia":[{"embeddable":true,"href":"https:\/\/maroc-canada.ca\/index.php?rest_route=\/wp\/v2\/media\/4198"}],"wp:attachment":[{"href":"https:\/\/maroc-canada.ca\/index.php?rest_route=%2Fwp%2Fv2%2Fmedia&parent=4245"}],"wp:term":[{"taxonomy":"category","embeddable":true,"href":"https:\/\/maroc-canada.ca\/index.php?rest_route=%2Fwp%2Fv2%2Fcategories&post=4245"},{"taxonomy":"post_tag","embeddable":true,"href":"https:\/\/maroc-canada.ca\/index.php?rest_route=%2Fwp%2Fv2%2Ftags&post=4245"}],"curies":[{"name":"wp","href":"https:\/\/api.w.org\/{rel}","templated":true}]}}