{"id":4251,"date":"2019-04-04T22:36:25","date_gmt":"2019-04-05T02:36:25","guid":{"rendered":"http:\/\/maghreb-canada.ca\/?p=4251"},"modified":"2019-04-04T22:36:25","modified_gmt":"2019-04-05T02:36:25","slug":"face-a-la-radicalisation-et-la-haine-lexemple-neo-zelandais-de-solidarite-et-de-compassion","status":"publish","type":"post","link":"https:\/\/maroc-canada.ca\/?p=4251","title":{"rendered":"Face \u00e0 la radicalisation et la haine: L\u2019exemple n\u00e9o-z\u00e9landais de solidarit\u00e9 et de compassion"},"content":{"rendered":"<p style=\"text-align: justify;\">Et dire que la th\u00e9orie du grand remplacement \u00e9tait n\u00e9e en France\u00a0; le pays qui a vu naitre la d\u00e9claration des droits de l\u2019homme. Grand paradoxe\u00a0! La France a jou\u00e9 un r\u00f4le important dans l&rsquo;\u00e9laboration du droit international des droits de l&rsquo;homme. Cependant, la France s&rsquo;est vue \u00e0 de nombreuses reprises condamn\u00e9e par les organisations internationales des droits de l&rsquo;homme.<\/p>\n<p style=\"text-align: justify;\">Il se trouve que\u00a0 le p\u00e8re de la th\u00e9orie du <i>grand remplacement <\/i>est fran\u00e7ais. \u00ab\u00a0<i>Le Grand Remplacement <\/i>est le choc le plus grave qu\u2019ait connu notre patrie depuis le d\u00e9but de son histoire puisque, si le changement de peuple et de civilisation, d\u00e9j\u00e0 tellement avanc\u00e9, est men\u00e9 jusqu\u2019\u00e0 son terme, l\u2019histoire qui continuera ne sera plus la sienne, ni la n\u00f4tre. \u00bb C\u2019est en ces termes alarmistes que l\u2019\u00e9crivain Renaud Camus, proche du Front national, a lanc\u00e9 en septembre 2013, un manifeste intitul\u00e9 : \u00ab <i>Non au changement de peuple et de civilisation <\/i>\u00bb.<\/p>\n<p style=\"text-align: justify;\">Depuis deux ans, cette \u00ab th\u00e9orie du remplacement \u00bb du peuple fran\u00e7ais \u00ab de souche \u00bb par d\u2019autres peuples, principalement venus du Maghreb et d\u2019Afrique, conna\u00eet une popularit\u00e9 grandissante dans les milieux d\u2019extr\u00eame droite, voire de droite. Cet \u00e9cho m\u00e9rite qu\u2019on s\u2019y arr\u00eate, car cette th\u00e9orie cristallise des peurs profondes et des discours de plus en plus radicaux.<\/p>\n<p style=\"text-align: justify;\"><b>L\u2019Attentat de Christchurch<\/b><\/p>\n<p style=\"text-align: justify;\">Le 15 mars 2019, un terroriste australien de type caucasien perp\u00e8tre un l\u00e2che et horrible attentat meurtrier contre deux mosqu\u00e9es de la ville de Christchurch, en Nouvelle-Z\u00e9lande. Cet attentat islamophobe est la pire tuerie de masse de l&rsquo;histoire de la Nouvelle-Z\u00e9lande\u00a0: Pas moins de cinquante et une personnes ont perdu la vie et autant de bless\u00e9s dont une dizaine entre la vie et la mort. Un effroyable massacre. Un acte barbare d&rsquo;une horreur absolue. Cet odieux attentat a imm\u00e9diatement suscit\u00e9 une tr\u00e8s forte r\u00e9probation dans le monde entier.<\/p>\n<p style=\"text-align: justify;\"><b>Un Adepte de la th\u00e9orie du \u00ab\u00a0<\/b><b><i>grand remplacement\u00a0<\/i><\/b><b>\u00bb<\/b><\/p>\n<p style=\"text-align: justify;\">L&rsquo;auteur du carnage y \u00e9voque Renaud Camus, le th\u00e9oricien du \u00ab\u00a0grand remplacement\u00bb, du titre du livre qu&rsquo;a publi\u00e9 l&rsquo;\u00e9crivain fran\u00e7ais en 2011. Dans les heures qui ont suivi le drame, Renaud Camus a d\u00e9nonc\u00e9 les deux attaques, les qualifiant de \u00ab\u00a0terroristes, \u00e9pouvantables, criminelles, d\u00e9sastreuses et imb\u00e9ciles\u00a0\u00bb.<\/p>\n<p style=\"text-align: justify;\">Dans son manifeste, le suspect motive ses attaques en estimant combattre ce qu&rsquo;il juge \u00eatre une submersion culturelle des peuples europ\u00e9ens blancs par l&rsquo;immigration, multipliant notamment les r\u00e9f\u00e9rences \u00e0 la France, \u00e9tape cl\u00e9 de son cheminement. Il se d\u00e9clare \u00ab\u00a0fasciste\u00a0\u00bb, d\u00e9non\u00e7ant un \u00ab\u00a0g\u00e9nocide blanc\u00a0\u00bb avec des r\u00e9f\u00e9rences aux th\u00e8ses supr\u00e9matistes.<\/p>\n<p style=\"text-align: justify;\">Il ajoute \u00e9galement s\u2019\u00eatre inspir\u00e9 d\u2019Anders Beiring Breivik, l\u2019extr\u00e9miste de droite norv\u00e9gien qui avait tu\u00e9 77 personnes en 2011 \u00e0 Oslo et sur l\u2019\u00eele d\u2019Utoya. \u00ab\u00a0<i>J&rsquo;ai eu seulement un bref contact avec le Chevalier Justicier Breivik, et re\u00e7u une b\u00e9n\u00e9diction pour ma mission apr\u00e8s avoir contact\u00e9 ses fr\u00e8res chevaliers<\/i>\u00ab\u00a0, \u00e9crivit-il.<\/p>\n<p style=\"text-align: justify;\">Comme Breivik avant lui, le tueur de Christchurch ose dans son texte faire la comparaison avec Nelson Mandela, disant m\u00eame s&rsquo;attendre \u00e0 recevoir un jour, comme lui, le prix Nobel de la paix. Le Norv\u00e9gien avait lui aussi publi\u00e9 un manifeste (de plus de 1.500 pages) avant de commettre son attentat.<\/p>\n<p style=\"text-align: justify;\"><b>De nombreuses r\u00e9f\u00e9rences \u00e0 la France<\/b><\/p>\n<p style=\"text-align: justify;\">Le tireur confie avoir pr\u00e9m\u00e9dit\u00e9 son geste il y a deux ans, lors d\u2019un voyage \u00ab\u00a0en tant que touriste en Europe de l&rsquo;Ouest, en France, en Espagne, au Portugal et ailleurs\u00a0\u00bb. L\u2019attaque au camion de Stockholm, en avril 2017, serait l\u2019un des d\u00e9clencheurs de sa radicalisation, tout comme la d\u00e9faite \u00e0 l\u2019\u00e9lection pr\u00e9sidentielle de Marine Le Pen face \u00e0 Emmanuel Macron, qu\u2019il qualifie de \u00ab\u00a0mondialiste anti-blanc\u00a0\u00bb. \u00ab\u00a0La situation politique en Europe m\u2019\u00e9tait impossible \u00e0 accepter. Ma foi dans une solution d\u00e9mocratique s\u2019est \u00e9vanouie\u00a0\u00bb, avance-t-il. Il se montre toutefois s\u00e9v\u00e8re avec le Front national (devenu Rassemblement national), qu&rsquo;il qualifie plus loin de \u00ab\u00a0<i>parti de chiffes molles nationalistes, totalement impuissants \u00e0 cr\u00e9er un r\u00e9el changement et sans plan viable pour sauver leur nation<\/i>\u00ab\u00a0.<\/p>\n<p style=\"text-align: justify;\"><b>Des N\u00e9o-Z\u00e9landais exemplaires<\/b><\/p>\n<p style=\"text-align: justify;\">Des centaines de N\u00e9o-Z\u00e9landais ont entam\u00e9 les d\u00e9marches pour rendre leurs armes, dans la foul\u00e9e de l&rsquo;interdiction de la vente des fusils d&rsquo;assaut et armes semi-automatiques en r\u00e9ponse \u00e0 la double tuerie des mosqu\u00e9es de Christchurch, a annonc\u00e9 la police.<\/p>\n<p style=\"text-align: justify;\">Imm\u00e9diatement apr\u00e8s le carnage, la Premi\u00e8re ministre Jacinda Ardern avait annonc\u00e9 un durcissement d&rsquo;une l\u00e9gislation qui avait permis au tueur d&rsquo;acheter en toute l\u00e9galit\u00e9 l&rsquo;arsenal ayant servi \u00e0 l&rsquo;attaque, y compris des armes semi-automatiques. L&rsquo;interdiction de vendre ces armes est entr\u00e9e en vigueur et une p\u00e9riode a \u00e9t\u00e9 d\u00e9cr\u00e9t\u00e9e pour la restitution des armes.<\/p>\n<p style=\"text-align: justify;\">Deux jours apr\u00e8s la tuerie, les \u00abkiwis\u00bb d\u00e9bordent de solidarit\u00e9 envers la communaut\u00e9 musulmane de Nouvelle-Z\u00e9lande, et rendent hommage aux victimes de l\u2019attentat.<\/p>\n<p style=\"text-align: justify;\">C\u2019est une r\u00e9action \u00e0 la mesure de l\u2019horreur. Depuis 48 heures, c\u2019est tout un pays qui se mobilise : des cagnottes en ligne, pour soutenir les proches des victimes, ont \u00e9t\u00e9 cr\u00e9\u00e9es dans les heures qui ont suivi l\u2019attentat, plus de cinq millions de dollars n\u00e9o-z\u00e9landais (3,5 M\u20ac) ont \u00e9t\u00e9 r\u00e9cup\u00e9r\u00e9s. Des dons massifs de nourriture halal ont \u00e9galement \u00e9t\u00e9 organis\u00e9s, \u00e0 tel point que les lieux de d\u00e9p\u00f4t ont d\u00fb adresser un message \u00e0 la population pour leur dire de ne plus rien ramener, pour \u00e9viter le gaspillage.<\/p>\n<p style=\"text-align: justify;\">Et sur les r\u00e9seaux sociaux, ont \u00e9galement fleuri des propositions spontan\u00e9es \u00e0 l&rsquo;intention de musulmans, qui auraient eu peur de se d\u00e9placer seuls, de les accompagner dans leurs trajets du quotidien.<\/p>\n<p style=\"text-align: justify;\">D&rsquo;autres offrent plus simplement du r\u00e9confort. C&rsquo;est le cas de ce groupe de femmes maories, qui, en apercevant un homme pleurer \u00e0 chaudes larmes devant le m\u00e9morial qui a \u00e9t\u00e9 \u00e9rig\u00e9 \u00e0 proximit\u00e9 de la mosqu\u00e9e Al-Noor, se mettent \u00e0 l&rsquo;entourer puis \u00e0 chanter en ch\u0153ur une oraison fun\u00e8bre, avant de le prendre dans leurs bras.<\/p>\n<p style=\"text-align: justify;\">Des fid\u00e8les de l\u2019\u00c9glise anglicane de Christchurch ont pri\u00e9 dans ce qui est surnomm\u00e9 leur \u00ab cath\u00e9drale en carton \u00bb, b\u00e2tie apr\u00e8s un terrible s\u00e9isme survenu en 2011. \u00ab Nous nous tenons solidaires de la communaut\u00e9 musulmane \u00bb, a d\u00e9clar\u00e9 le doyen Lawrence Kimberley.<\/p>\n<p style=\"text-align: justify;\"><b>A qui profite la haine\u00a0?<\/b><\/p>\n<p style=\"text-align: justify;\">Une chose me taraude\u00a0: ce terroriste abject, je n\u2019ai pas envie de le nommer dans cette article, tellement il m\u2019inspire du d\u00e9go\u00fbt, affirme s\u2019\u00eatre rendu dans des \u00ab\u00a0villes de taille moyenne de l\u2019Est de la France\u00a0\u00bb. \u00ab\u00a0<i>Dans toutes les villes fran\u00e7aises, dans tous les villages fran\u00e7ais, les envahisseurs \u00e9taient l\u00e0<\/i>\u00ab\u00a0. Ce qui est totalement faux\u00a0! Car s\u2019il y a un endroit o\u00f9 les musulmans sont rares c\u2019est dans l\u2019Est de la France. Je me souviens qu\u2019une fois, le FN a battu le record des voix dans une petite ville de l\u2019Est o\u00f9 il y a z\u00e9ro immigr\u00e9.<\/p>\n<p style=\"text-align: justify;\">Il faut dire aussi que des personnes comme \u00c9ric Zemmour, et Alain Finkielkraut, adeptes de la th\u00e9orie de remplacement, (on le voit bien dans leurs livres qui se vendent comme des petits pains), contribuent \u00e9norm\u00e9ment \u00e0 la mont\u00e9e de l\u2019extr\u00e9misme blanc en France et dans le reste du monde. Ce terroriste en est la preuve.<\/p>\n<p style=\"text-align: justify;\"><b>Attentat terroriste et danger international<\/b><\/p>\n<p style=\"text-align: justify;\">Un r\u00e9seau terroriste droitier secret, comprenant des centaines de membres, a \u00e9t\u00e9 d\u00e9masqu\u00e9 au sein des forces arm\u00e9es allemandes. Ce r\u00e9seau, dont les membres sont prot\u00e9g\u00e9s par le syst\u00e8me judiciaire, avait des plans d\u00e9taill\u00e9s pour assassiner des personnalit\u00e9s en vue du gouvernement et attaquer des organisations juives et musulmanes.<\/p>\n<p style=\"text-align: justify;\">Aux \u00c9tats-Unis, les d\u00e9mocrates et les r\u00e9publicains ont cherch\u00e9 \u00e0 faire des immigr\u00e9s les boucs \u00e9missaires de la crise sociale en Am\u00e9rique. Ils se servent tous deux de la politique de l\u2019ethnicit\u00e9 dans le but de diviser la classe ouvri\u00e8re.<\/p>\n<p style=\"text-align: justify;\">Le pr\u00e9sident Trump, que Tarrant a d\u00e9crit comme \u00abun symbole d&rsquo;identit\u00e9 blanche renouvel\u00e9e\u00bb, a cherch\u00e9 \u00e0 cultiver une base fasciste. Dans un message de solidarit\u00e9 adress\u00e9 \u00e0 sa base fasciste, Trump a d\u00e9clar\u00e9 aux journalistes, apr\u00e8s l&rsquo;attaque de Christchurch, qu&rsquo;il ne consid\u00e9rait pas le \u00ab nationalisme blanc \u00bb comme une menace.<\/p>\n<p style=\"text-align: justify;\">Malgr\u00e9 tout \u00e7a, j\u2019ai foi en la jeunesse, et je suis s\u00fbr que cette derni\u00e8re, va\u00a0 sauver ce monde, en \u00e9cartant ces vieux dinosaures fascistes \u00e0 l\u2019image de Trump.<\/p>\n<p style=\"text-align: justify;\">Je pense \u00e0 la jeune Su\u00e9doise Greta Thunberg, vedette de la lutte contre le changement climatique, qui se demande pourquoi elle va \u00e0 l\u2019\u00e9cole, alors que le monde va partir en \u00e9clat \u00e0 cause des industries qui mettent \u00e0 mal ce monde o\u00f9 nous vivons pour faire du profit \u00e0 n\u2019importe quel prix.<\/p>\n<p style=\"text-align: justify;\">Ni un chef d&rsquo;Etat tonitruant, ni un millionnaire flamboyant ou un patron innovant : la vraie vedette de l&rsquo;\u00e9dition 2019 du Forum de Davos,\u00a0 Greta Thunberg, 16 ans, deux longues nattes, et une d\u00e9termination \u00e0 sauver la plan\u00e8te qui a impressionn\u00e9 l&rsquo;\u00e9lite mondiale, et qui je l\u2019esp\u00e8re va entrainer avec elle, des millions de jeunes, voire des milliards \u00e0 travers le monde pour prendre soin de cette terre qui va \u00e0 la d\u00e9rive.<\/p>\n<p style=\"text-align: justify;\">\u00ab\u00a0Dans la haine nazie, il n&rsquo;y a rien de rationnel. Nous ne pouvons pas la comprendre ; mais nous pouvons et nous devons comprendre d&rsquo;o\u00f9 elle est issue, et nous tenir sur nos gardes. Si la comprendre est impossible, la conna\u00eetre est n\u00e9cessaire, parce que ce qui est arriv\u00e9 peut recommencer, les consciences peuvent \u00e0 nouveau \u00eatre d\u00e9vi\u00e9es et obscurcies : les n\u00f4tres aussi.\u00a0\u00bb (Primo Levi , Nous devons savoir &#8230;)<\/p>\n<p style=\"text-align: justify;\">Par Mustapha Bouhaddar <i>pour Maghreb Canada Express,, <\/i><em>pages 12 et 13, Vol. XVII, N\u00b04 , Avril 2019.<\/em><\/p>\n<h2 style=\"text-align: justify;\">Pour lire\u00a0 l\u2019\u00e9dition d&rsquo;avril 2019, cliquer sur l\u2019image:<\/h2>\n<h3 style=\"text-align: justify;\">\u00c9DITION AVRIL 2019<\/h3>\n<div class=\"textwidget\">\n<p style=\"text-align: justify;\"><a href=\"http:\/\/www.maghreb-canada.ca\/journal\/2019\/MCE188-04-2019.pdf\"> <img loading=\"lazy\" decoding=\"async\" class=\"style1\" src=\"http:\/\/www.maghreb-canada.ca\/journal\/2019\/n188.jpg\" alt=\"Maghreb Canada Express\" width=\"176\" height=\"239\" \/><\/a><\/p>\n<\/div>\n","protected":false},"excerpt":{"rendered":"<p>Et dire que la th\u00e9orie du grand remplacement \u00e9tait n\u00e9e en France\u00a0; le pays qui a vu naitre la d\u00e9claration des droits de l\u2019homme. Grand paradoxe\u00a0! La France a jou\u00e9 un r\u00f4le important dans l&rsquo;\u00e9laboration du droit international des droits de l&rsquo;homme. Cependant, la France s&rsquo;est vue \u00e0 de nombreuses reprises condamn\u00e9e par les organisations [&hellip;]<\/p>\n","protected":false},"author":1,"featured_media":4253,"comment_status":"closed","ping_status":"closed","sticky":false,"template":"","format":"standard","meta":{"footnotes":""},"categories":[5,7,8,1],"tags":[],"class_list":["post-4251","post","type-post","status-publish","format-standard","has-post-thumbnail","hentry","category-immigration","category-monde","category-numero-du-mois","category-uncategorized"],"_links":{"self":[{"href":"https:\/\/maroc-canada.ca\/index.php?rest_route=\/wp\/v2\/posts\/4251","targetHints":{"allow":["GET"]}}],"collection":[{"href":"https:\/\/maroc-canada.ca\/index.php?rest_route=\/wp\/v2\/posts"}],"about":[{"href":"https:\/\/maroc-canada.ca\/index.php?rest_route=\/wp\/v2\/types\/post"}],"author":[{"embeddable":true,"href":"https:\/\/maroc-canada.ca\/index.php?rest_route=\/wp\/v2\/users\/1"}],"replies":[{"embeddable":true,"href":"https:\/\/maroc-canada.ca\/index.php?rest_route=%2Fwp%2Fv2%2Fcomments&post=4251"}],"version-history":[{"count":1,"href":"https:\/\/maroc-canada.ca\/index.php?rest_route=\/wp\/v2\/posts\/4251\/revisions"}],"predecessor-version":[{"id":4254,"href":"https:\/\/maroc-canada.ca\/index.php?rest_route=\/wp\/v2\/posts\/4251\/revisions\/4254"}],"wp:featuredmedia":[{"embeddable":true,"href":"https:\/\/maroc-canada.ca\/index.php?rest_route=\/wp\/v2\/media\/4253"}],"wp:attachment":[{"href":"https:\/\/maroc-canada.ca\/index.php?rest_route=%2Fwp%2Fv2%2Fmedia&parent=4251"}],"wp:term":[{"taxonomy":"category","embeddable":true,"href":"https:\/\/maroc-canada.ca\/index.php?rest_route=%2Fwp%2Fv2%2Fcategories&post=4251"},{"taxonomy":"post_tag","embeddable":true,"href":"https:\/\/maroc-canada.ca\/index.php?rest_route=%2Fwp%2Fv2%2Ftags&post=4251"}],"curies":[{"name":"wp","href":"https:\/\/api.w.org\/{rel}","templated":true}]}}