{"id":4260,"date":"2019-04-04T22:48:21","date_gmt":"2019-04-05T02:48:21","guid":{"rendered":"http:\/\/maghreb-canada.ca\/?p=4260"},"modified":"2019-04-08T21:35:01","modified_gmt":"2019-04-09T01:35:01","slug":"quebec-le-projet-de-loi-sur-la-laicite-entre-exclusion-et-intolerance","status":"publish","type":"post","link":"https:\/\/maroc-canada.ca\/?p=4260","title":{"rendered":"Qu\u00e9bec : Le projet de loi sur la la\u00efcit\u00e9 entre exclusion et intol\u00e9rance"},"content":{"rendered":"<h3 style=\"text-align: justify;\">\u2018\u2019Quand l&rsquo;hypocrisie forme la ferraille d&rsquo;une structure, le b\u00e9ton de sa politique est de facto expos\u00e9 \u00e0 la s\u00e9gr\u00e9gation.\u2019\u2019\u2026 <i>Salahbk, po\u00e8te alg\u00e9rien<\/i>.<\/h3>\n<p style=\"text-align: justify;\">Mon amie Amel Bouazza, a \u00e9crit : \u2018\u2019Jadis au Qu\u00e9bec, on a s\u00e9par\u00e9 l\u2019\u00e9glise de l\u2019\u00c9tat, et le monde \u00e9tait content et aujourd\u2019hui on s\u2019appr\u00eate \u00e0 l\u00e9gif\u00e9rer sur le v\u00eatement, \u00e0 ing\u00e9rer l\u2019\u00c9tat dans les garde-robes des citoyens et certains sont fiers ! Le Qu\u00e9bec m\u2019inqui\u00e8te au plus haut degr\u00e9. M\u00eame si le projet de loi sur les signes religieux ne passera pas, \u00e7a va laisser une amertume et une tentative de l\u00e9gitimer la discrimination, et augmenter le sentiment chez certains d\u2019\u00eatre diff\u00e9rents, d\u2019\u00eatre REJET\u00c9S!\u2019\u2019<\/p>\n<p style=\"text-align: justify;\">La Coalition Avenir Qu\u00e9bec (CAQ), a d\u00e9pos\u00e9 ce jeudi 28 mars 2019, par le biais de son ministre de l&rsquo;Immigration, de la Diversit\u00e9 et de l&rsquo;Inclusion du Qu\u00e9bec, son projet de loi sur la la\u00efcit\u00e9 de l\u2019\u00c9tat Qu\u00e9b\u00e9cois.<\/p>\n<p style=\"text-align: justify;\">En scrutant le titre officiel du ministre Simon Jolin-Barrette, j\u2019ai constat\u00e9 une premi\u00e8re incoh\u00e9rence entre son titre et le projet qu\u2019il vient de d\u00e9poser.<\/p>\n<p style=\"text-align: justify;\">L\u2019un ne va pas avec l\u2019autre. Comment un ministre charg\u00e9 de l\u2019INCLUSION et de la DIVERSIT\u00c9, d\u00e9pose un projet qui EXCLURA une partie de cette DIVERSIT\u00c9, en se basant sur des crit\u00e8res religieux et ethniques ?.<\/p>\n<p style=\"text-align: justify;\">Le premier ministre Justin Trudeau a comment\u00e9 le projet de loi de la CAQ. \u00ab Il est impensable pour moi de l\u00e9gitimer, dans une soci\u00e9t\u00e9 libre, la discrimination de citoyens en se basant sur leur religion.<\/p>\n<p style=\"text-align: justify;\">Vous allez certainement me r\u00e9ponde que c\u2019est un projet sur la la\u00efcit\u00e9 de l\u2019\u00c9tat Qu\u00e9b\u00e9cois, et que vous voulez une soci\u00e9t\u00e9 la\u00efque, un \u00c9tat La\u00efc !!!<\/p>\n<p style=\"text-align: justify;\">Je n\u2019ai aucune allergie vis-\u00e0-vis des vrais principes la\u00efcs que nous devons int\u00e9grer dans notre soci\u00e9t\u00e9, mais parlons de la vraie la\u00efcit\u00e9\u2026<\/p>\n<p style=\"text-align: justify;\">Je vais commencer par la d\u00e9finition de base de la la\u00efcit\u00e9.<\/p>\n<p style=\"text-align: justify;\">La\u00a0la\u00efcit\u00e9 signifie que dans la soci\u00e9t\u00e9 nous sommes d\u00e9finis par notre citoyennet\u00e9, et en aucun cas par notre religion\u2026hein vraiment ???<\/p>\n<p style=\"text-align: justify;\">Si Ia critique de Ia religion en g\u00e9n\u00e9ral n&rsquo;est en rien condamnable, viser syst\u00e9matiquement l\u2019islam, d\u2019une mani\u00e8re \u00e0 la limite de l\u2019hypocrisie et de l\u2019immoralit\u00e9 politiques, devient pour le moins, troublant. Certes, cette d\u00e9marche rh\u00e9torique et id\u00e9ologique est cens\u00e9e frapper Ia religion en tant que telle, non les musulmans\u2026 Reste que derri\u00e8re cette argutie formelle, ou fiction juridique, nul ne saurait ignorer Ia cible r\u00e9elle de ce genre de postures.<\/p>\n<p style=\"text-align: justify;\">\u00ab\u00a0La la\u00efcit\u00e9 est une valeur essentielle, avec ce souci de la libert\u00e9 de conscience et de l\u2019\u00e9galit\u00e9 de tous les hommes, qu\u2019ils soient croyants, ath\u00e9es ou agnostiques. L\u2019id\u00e9al la\u00efc n\u2019est pas un id\u00e9al n\u00e9gatif de ressentiment contre la religion. C\u2019est le plus grand contresens que l\u2019on puisse faire sur la la\u00efcit\u00e9 que d\u2019y voir une sorte d\u2019hostilit\u00e9 de principe \u00e0 la religion. Mais c\u2019est un id\u00e9al positif d\u2019affirmation de la libert\u00e9 de conscience, de l\u2019\u00e9galit\u00e9 des croyants et des ath\u00e9es et de l\u2019id\u00e9e que la loi r\u00e9publicaine doit viser le bien commun et non pas l\u2019int\u00e9r\u00eat particulier. C\u2019est ce qu\u2019on appelle le principe de neutralit\u00e9 de la sph\u00e8re publique.\u00a0\u00bb \u00c9crivait le philosophe fran\u00e7ais Henri Pena-Ruiz, ma\u00eetre de conf\u00e9rences \u00e0 l&rsquo;Institut d&rsquo;\u00e9tudes politiques de Paris.<\/p>\n<p style=\"text-align: justify;\">La la\u00efcit\u00e9 repose sur trois principes et valeurs : la libert\u00e9 de conscience et celle de manifester ses convictions dans les limites du respect de l\u2019ordre public, la s\u00e9paration des institutions publiques et des organisations religieuses, et l\u2019\u00e9galit\u00e9 de tous devant la loi quelles que soient leurs croyances ou leurs convictions.<\/p>\n<p style=\"text-align: justify;\">La la\u00efcit\u00e9 garantit aux croyants et aux non-croyants le m\u00eame droit \u00e0 la libert\u00e9 d\u2019expression de leurs convictions. Elle assure aussi bien le droit d\u2019avoir ou de ne pas avoir de religion, d\u2019en changer ou de ne plus en avoir. Elle suppose la s\u00e9paration de l\u2019\u00c9tat et des organisations religieuses. L\u2019ordre politique est fond\u00e9 sur la seule souverainet\u00e9 du peuple des citoyens, et l\u2019\u00c9tat, qui ne reconna\u00eet et ne salarie aucun culte, ne r\u00e9git pas le fonctionnement interne des organisations religieuses.<\/p>\n<p style=\"text-align: justify;\">Neutralit\u00e9 et la\u00efcit\u00e9 ne sont pas identiques et donnent lieu \u00e0 des pratiques de gestion diff\u00e9rentes du religieux de la part de l\u2019\u00c9tat. La neutralit\u00e9 est donc l\u2019une des composantes de la la\u00efcit\u00e9. En dehors du champ de la la\u00efcit\u00e9, la neutralit\u00e9 religieuse est orpheline et sans grande port\u00e9e. L&rsquo;\u00c9tat qu\u00e9b\u00e9cois a choisi la voie de la neutralit\u00e9 religieuse et a mis la\u00a0la\u00efcit\u00e9 sur le banc des rempla\u00e7ants.<\/p>\n<p style=\"text-align: justify;\">La seule neutralit\u00e9 religieuse, en dehors de la la\u00efcit\u00e9, est faible et inutile, car il manque 3 ingr\u00e9dients essentiels \u00e0 la recette, et qui feront la force d&rsquo;un \u00e9tat la\u00efc, \u00e0 savoir :<\/p>\n<ul style=\"text-align: justify;\">\n<li>\u00c9galit\u00e9 des personnes (ex: le principe de l&rsquo;\u00e9galit\u00e9 homme\/femme)<\/li>\n<li>Libert\u00e9 de conscience;<\/li>\n<li>S\u00e9paration des religions et de l\u2019\u00c9tat.<\/li>\n<\/ul>\n<p style=\"text-align: justify;\">La libert\u00e9 de conscience est le droit d&rsquo;un individu d&rsquo;avoir le libre choix de son syst\u00e8me de valeurs et des principes qui guident son existence et de pouvoir y adh\u00e9rer publiquement et d&rsquo;y conformer ses actes. Elle inclut la libert\u00e9 de croyance, de religion ou de ne pas avoir de religion.<\/p>\n<p style=\"text-align: justify;\">Les signes religieux sont une partie int\u00e9grante de certaines religions, exemple\u00a0: la kippa pour les juifs, le turban pour les sikhs et l\u2019hidjab pour certaines femmes musulmanes.<\/p>\n<p style=\"text-align: justify;\">Donc, priver un croyant de ses signes religieux constitue un manquement flagrant du principe m\u00eame de la la\u00efcit\u00e9, qui stipule que les modes d\u2019organisation de la la\u00efcit\u00e9 portent principalement sur, et s\u2019appr\u00e9cient par, la notion de libert\u00e9 des cultes. \u00c7a sera d\u00e9raisonnable de pr\u00f4ner la libert\u00e9 de culte et en m\u00eame temps priver le croyant de ses signes religieux.<\/p>\n<p style=\"text-align: justify;\">Je continue \u00e0 me poser des questions qui restent sans r\u00e9ponses, quant \u00e0 l\u2019application r\u00e9elle d\u2019une vraie la\u00efcit\u00e9 au Qu\u00e9bec et au Canada, alors que :<\/p>\n<p style=\"text-align: justify;\">La reine \u00c9lizabeth II, est chef de l\u2019\u00c9tat Canadien, donc du Qu\u00e9bec, repr\u00e9sent\u00e9e par son gouverneur-g\u00e9n\u00e9ral et son lieutenant, et aussi \u00ab d\u00e9fenseur de la foi \u00bb et chef de l&rsquo;\u00e9glise anglicane.<\/p>\n<p style=\"text-align: justify;\">Le crucifix dans le salon bleu de l\u2019assembl\u00e9e nationale du Qu\u00e9bec, un symbole religieux, install\u00e9 par le premier ministre M. Maurice Duplessis en 1936 au-dessus du fauteuil de l&rsquo;orateur de l&rsquo;Assembl\u00e9e l\u00e9gislative et correspond au d\u00e9sir du gouvernement d\u2019effectuer un virage dans les relations entre l\u2019\u00c9glise et l\u2019\u00c9tat qu\u00e9b\u00e9cois.<\/p>\n<p style=\"text-align: justify;\">Au Qu\u00e9bec et au Canada, l\u2019\u00c9tat continue d\u2019accorder \u00e0 toutes les religions les m\u00eames exemptions fiscales, de financer \u00e0 m\u00eame les fonds publics toutes les \u00e9coles priv\u00e9es confessionnelles et d\u2019accorder aux religions le droit de remplir les registres civils de mariage.<\/p>\n<p style=\"text-align: justify;\">Qu&rsquo;advient-il des personnes en autorit\u00e9 qui portent des signes religieux dans les institutions de comp\u00e9tence f\u00e9d\u00e9rale\u00a0: ex. un juge \u00e0 la cour supr\u00eame qui porte une kippa ou une juge qui porte un hidjab ?, alors que la loi sur la la\u00efcit\u00e9 aura une juridiction provinciale.<\/p>\n<p style=\"text-align: justify;\">Ce sont quelques points qui constitueront certainement des contradictions et de la discordance avec l&rsquo;esprit m\u00eame de ce projet de loi sur la la\u00efcit\u00e9.<\/p>\n<p style=\"text-align: justify;\">Il s\u2019agit, \u00e0 mon humble avis, d\u2019un projet de loi de discrimination bas\u00e9e sur la religion.<\/p>\n<p style=\"text-align: justify;\">Vivre ensemble ne va pas de soi et il faut r\u00e9p\u00e9ter que cela s\u2019apprend. On pourrait d\u00e9cliner un certain nombre de d\u00e9finitions de ce vivre ensemble. C\u2019est\u00a0:<\/p>\n<ul style=\"text-align: justify;\">\n<li>Promouvoir des valeurs.<\/li>\n<li>D\u00e9velopper la solidarit\u00e9.<\/li>\n<li>R\u00e9organiser notre vie commune dans la soci\u00e9t\u00e9.<\/li>\n<li>Former \u00e0 la citoyennet\u00e9.<\/li>\n<li>Pr\u00e9venir les conflits.<\/li>\n<li>Respecter les cultures, les religions.<\/li>\n<li>Renforcer la volont\u00e9 des individus \u00e0 \u00eatre des acteurs.<\/li>\n<li>Apprendre \u00e0 chacun \u00e0 reconna\u00eetre en l\u2019Autre la m\u00eame libert\u00e9 qu\u2019en soi m\u00eame\u2026<\/li>\n<\/ul>\n<p style=\"text-align: justify;\">Qui dit tol\u00e9rance, dit aussi r\u00e9ciprocit\u00e9. La tol\u00e9rance n&rsquo;est pas juste une \u00ab\u00a0bienveillante indulgence\u00a0\u00bb, simple manifestation d&rsquo;une sup\u00e9riorit\u00e9 faite de condescendance. Pour se montrer tol\u00e9rant, il est n\u00e9cessaire de pouvoir croire sinc\u00e8rement \u00e0 un autrui qui a la m\u00eame valeur que soi (principe d\u2019\u00e9galit\u00e9), dans toute sa diff\u00e9rence. La tol\u00e9rance est le contraire de la m\u00e9fiance, de la suspicion, c&rsquo;est aussi le contraire de l&rsquo;indiff\u00e9rence.<\/p>\n<p style=\"text-align: justify;\">\u00catre tol\u00e9rant c&rsquo;est aussi un acte politique lorsqu&rsquo;une soci\u00e9t\u00e9 accepte de reconna\u00eetre la pluralit\u00e9 sous ses formes\u00a0: ethnique, religieuse, philosophique, politique, et sexu\u00e9e. Cette reconnaissance est fondamentale, elle est de l\u2019ordre du devoir \u00e9thique, le ciment de toute d\u00e9mocratie qui favorise l\u2019expression de toutes ses composantes.<\/p>\n<p style=\"text-align: justify;\"><strong>R\u00e9f\u00e9rences<\/strong> : Cet article est largement inspir\u00e9 de :<\/p>\n<div>\n<ul>\n<li>lapresse.ca<\/li>\n<li>gouvernement.fr\/qu-est-ce-que-la-laicite<\/li>\n<li>voir.ca<\/li>\n<li>2012un-nouveau-paradigme.com<\/li>\n<\/ul>\n<\/div>\n<p>Par Nasser Bensfia <i>pour Maghreb Canada Express,, <\/i><em>page 5, Vol. XVII, N\u00b04 , Avril 2019.<\/em><\/p>\n<h2>Pour lire\u00a0 l\u2019\u00e9dition d\u2019avril 2019, cliquer sur l\u2019image:<\/h2>\n<h3>\u00c9DITION AVRIL 2019<\/h3>\n<div class=\"textwidget\">\n<p><a href=\"http:\/\/www.maghreb-canada.ca\/journal\/2019\/MCE188-04-2019.pdf\"> <img loading=\"lazy\" decoding=\"async\" class=\"style1\" src=\"http:\/\/www.maghreb-canada.ca\/journal\/2019\/n188.jpg\" alt=\"Maghreb Canada Express\" width=\"176\" height=\"239\" \/><\/a><\/p>\n<\/div>\n<p>&nbsp;<\/p>\n","protected":false},"excerpt":{"rendered":"<p>\u2018\u2019Quand l&rsquo;hypocrisie forme la ferraille d&rsquo;une structure, le b\u00e9ton de sa politique est de facto expos\u00e9 \u00e0 la s\u00e9gr\u00e9gation.\u2019\u2019\u2026 Salahbk, po\u00e8te alg\u00e9rien. Mon amie Amel Bouazza, a \u00e9crit : \u2018\u2019Jadis au Qu\u00e9bec, on a s\u00e9par\u00e9 l\u2019\u00e9glise de l\u2019\u00c9tat, et le monde \u00e9tait content et aujourd\u2019hui on s\u2019appr\u00eate \u00e0 l\u00e9gif\u00e9rer sur le v\u00eatement, \u00e0 ing\u00e9rer l\u2019\u00c9tat [&hellip;]<\/p>\n","protected":false},"author":1,"featured_media":4099,"comment_status":"closed","ping_status":"closed","sticky":false,"template":"","format":"standard","meta":{"footnotes":""},"categories":[6,8,13],"tags":[],"class_list":["post-4260","post","type-post","status-publish","format-standard","has-post-thumbnail","hentry","category-maghreb","category-numero-du-mois","category-tribune-libre"],"_links":{"self":[{"href":"https:\/\/maroc-canada.ca\/index.php?rest_route=\/wp\/v2\/posts\/4260","targetHints":{"allow":["GET"]}}],"collection":[{"href":"https:\/\/maroc-canada.ca\/index.php?rest_route=\/wp\/v2\/posts"}],"about":[{"href":"https:\/\/maroc-canada.ca\/index.php?rest_route=\/wp\/v2\/types\/post"}],"author":[{"embeddable":true,"href":"https:\/\/maroc-canada.ca\/index.php?rest_route=\/wp\/v2\/users\/1"}],"replies":[{"embeddable":true,"href":"https:\/\/maroc-canada.ca\/index.php?rest_route=%2Fwp%2Fv2%2Fcomments&post=4260"}],"version-history":[{"count":3,"href":"https:\/\/maroc-canada.ca\/index.php?rest_route=\/wp\/v2\/posts\/4260\/revisions"}],"predecessor-version":[{"id":4274,"href":"https:\/\/maroc-canada.ca\/index.php?rest_route=\/wp\/v2\/posts\/4260\/revisions\/4274"}],"wp:featuredmedia":[{"embeddable":true,"href":"https:\/\/maroc-canada.ca\/index.php?rest_route=\/wp\/v2\/media\/4099"}],"wp:attachment":[{"href":"https:\/\/maroc-canada.ca\/index.php?rest_route=%2Fwp%2Fv2%2Fmedia&parent=4260"}],"wp:term":[{"taxonomy":"category","embeddable":true,"href":"https:\/\/maroc-canada.ca\/index.php?rest_route=%2Fwp%2Fv2%2Fcategories&post=4260"},{"taxonomy":"post_tag","embeddable":true,"href":"https:\/\/maroc-canada.ca\/index.php?rest_route=%2Fwp%2Fv2%2Ftags&post=4260"}],"curies":[{"name":"wp","href":"https:\/\/api.w.org\/{rel}","templated":true}]}}