{"id":4264,"date":"2019-04-04T22:56:11","date_gmt":"2019-04-05T02:56:11","guid":{"rendered":"http:\/\/maghreb-canada.ca\/?p=4264"},"modified":"2019-04-05T08:25:33","modified_gmt":"2019-04-05T12:25:33","slug":"quebec-projet-de-loi-21-sur-la-laicite-de-letat-la-chicane-maintenant","status":"publish","type":"post","link":"https:\/\/maroc-canada.ca\/?p=4264","title":{"rendered":"Qu\u00e9bec &#8211; Projet de loi 21 sur la la\u00efcit\u00e9 de l\u2019\u00c9tat : La chicane Maintenant !"},"content":{"rendered":"<p style=\"text-align: justify;\">Pas plus loin que deux semaines apr\u00e8s la tuerie des deux mosqu\u00e9es de Christchurch en Nouvelle Z\u00e9lande, tuerie qui souleva l\u2019indignation presque universelle, le gouvernement Legault ne trouva de mieux \u00e0 faire (le 28 mars dernier) que de d\u00e9poser son projet de loi sur la la\u00efcit\u00e9 visant d\u2019exclure, de certains espaces professionnels, les croyants de toutes les religions attach\u00e9s \u00e0 leurs symboles religieux.<\/p>\n<p style=\"text-align: justify;\">Et du coup c\u2019est mal parti (du moins pour les qu\u00e9b\u00e9cois et qu\u00e9b\u00e9coises de confession musulmane) car au moment o\u00f9 toute l\u2019attention est retenue par la Nouvelle Z\u00e9lande qui osa ouvrir, dans un \u00e9lan in\u00e9dit de tol\u00e9rance , de compassion, de solidarit\u00e9 et d\u2019ouverture, la session parlementaire du\u00a0 19 mars dernier par une lecture de versets du Coran (pour rendre hommage aux victimes tomb\u00e9es sous les balles de celui qui grava, entre autres, le nom du tueur de la mosqu\u00e9e de Qu\u00e9bec sur la crosse de son fusil), Qu\u00e9bec vient dire, \u00e0 travers sa loi sur la la\u00efcit\u00e9 ,qu\u2019une partie des musulmans est exclue de la fonction publique (notamment des femmes) pour attachement \u00e0 leurs signes religieux !<\/p>\n<p style=\"text-align: justify;\">L\u2019indignation est d\u2019autant plus grande que tous estiment qu\u2019on soit juge, policier(e) ou enseignant(e), on s\u2019acquitte de ses t\u00e2ches professionnelles, non pas en fonction des pr\u00e9ceptes de sa religion, mais dans le respect de la Loi mise en place par l\u2019\u00c9tat. Et m\u00eame si dans le cas (oh combien peu probable) o\u00f9 un illumin\u00e9 s\u2019avise de faire le contraire,\u00a0 l\u2019\u00c9tat est l\u00e0, avec son arsenal juridique et r\u00e9glementaire, pour lui taper sur les doigts et le rappeler \u00e0 l\u2019ordre; quitte \u00e0 le foutre \u00e0 la porte s\u2019il le faut !<\/p>\n<p style=\"text-align: justify;\">Par ailleurs, plusieurs m\u00e9dias canadiens ont d\u00e9j\u00e0 soulign\u00e9 que cette loi ne concerne qu\u2019une tr\u00e8s infime minorit\u00e9 de croyants portant des signes religieux dans leur travail dont le gros, une centaine de femmes, pour la plupart musulmanes, dans le secteur de l\u2019enseignement.<\/p>\n<p style=\"text-align: justify;\">Nous faisons partie de l\u2019extr\u00eame majorit\u00e9 de la communaut\u00e9 musulmane qui n\u2019est pas touch\u00e9e par les effets imm\u00e9diats de cette loi mais qui s\u2019inqui\u00e8te de ses impacts \u00e0 moyen et \u00e0 long terme\u00a0 car les portes de l\u2019abus viennent de s\u2019ouvrir grandes sur leurs battants.<\/p>\n<p style=\"text-align: justify;\">En effet, selon la gouvernement caquiste, la loi \u00ab\u00a0<i>vise \u00e0 affirmer et \u00e0 d\u00e9finir la la\u00efcit\u00e9 de l&rsquo;\u00c9tat dans le droit qu\u00e9b\u00e9cois selon quatre grands principes\u00a0:<\/i><\/p>\n<ol style=\"text-align: justify;\">\n<li><i>La s\u00e9paration de l&rsquo;\u00c9tat et de la religion;<\/i><\/li>\n<li><i>La neutralit\u00e9 religieuse de l&rsquo;\u00c9tat;<\/i><\/li>\n<li><i>L&rsquo;\u00e9galit\u00e9 des citoyennes et des citoyens;<\/i><\/li>\n<li><i>La libert\u00e9 de conscience et de religion.\u00a0<\/i>\u00bb fin de citation.<\/li>\n<\/ol>\n<p style=\"text-align: justify;\">Or rien n\u2019est moins s\u00fbr car, et concernant le premier point, quoique nous sommes tous d\u2019accord pour s\u00e9parer la religion de l\u2019\u00c9tat, cette loi viserait plut\u00f4t \u00e0 <b>s\u00e9parer l\u2019\u00c9tat d\u2019une partie des citoyens et de les exclure<\/b>; citoyens dont le seul \u2018\u2019crime\u2019\u2019 est de s\u2019attacher \u00e0 leurs signes religieux (qui ne sont pas un d\u00e9cors, n\u2019en d\u00e9plaise, mais une partie de la pratique de leur\u00a0 religion !<\/p>\n<p style=\"text-align: justify;\">\u00a0Et crime ne serait pas une exag\u00e9ration car\u00a0 voil\u00e0 que la ministre de la s\u00e9curit\u00e9 publique du Qu\u00e9bec qui avertit que la police s\u00e9vira contre ceux et celles qui d\u00e9sob\u00e9iraient \u00e0 cette loi.<\/p>\n<p style=\"text-align: justify;\">Nous sommes alors de plus en plus loin du second point car l\u2019\u00c9tat, loin d\u2019\u00eatre neutre, serait en train de se ranger du c\u00f4t\u00e9 de ceux et de celles qui n\u2019ont pas de religion pour \u2018\u2019<i>dilapider\u2019\u2019 <\/i>publiquement ceux et celles qui en ont une ! Certains rench\u00e9rissent en criant que tout se d\u00e9cide dans l\u2019enfance et qu\u2019il faut exclure les croyants de l\u2019espace des enfants ! Waw ! Les enfants ont le droit de subir tout bourrage de cr\u00e2ne dans leur enfance mais n\u2019ont pas le droit de voir dans leur espace des croyants ; ne serait-ce que pour leur montrer que le Monde est diversifi\u00e9 et pluriel ! Et du coup dans les yeux de ces enfants tout les porteurs et porteuses d\u2019un symbole religieux deviennent d\u00e9linquants; voir criminels !<\/p>\n<p style=\"text-align: justify;\">Et du coup, on est bien loin du 3\u00e8me point pr\u00e9tendant que cette loi d\u00e9fend l\u2019\u00e9galit\u00e9 entre les citoyens et les citoyennes ; n\u2019en d\u00e9plaise \u00e0 M. L\u00e9gault qui pour d\u00e9fendre l\u2019ind\u00e9fendable avance que\u00a0 <i>les qu\u00e9b\u00e9cois ont des valeurs <\/i>et que ce projet de loi \u2018<i>\u2019respecte les valeurs\u00a0qu\u00e9b\u00e9coises<\/i>\u2019\u2019 ! \u00c0 l\u2019entendre parler de la sorte, on a l\u2019impression qu\u2019il ne nous consid\u00e8re absolument pas comme citoyens mais juste comme des visiteurs qui ne doivent pas lever la voix devant leur h\u00f4te et qui n\u2019ont aucun droit dans la maison de cet h\u00f4te. D\u2019o\u00f9 les d\u00e9rapages verbaux garantis sur le sol, oh combien glissant des amalgames et de la culpabilit\u00e9 par association !<\/p>\n<p style=\"text-align: justify;\">Quant \u00e0 la libert\u00e9 de conscience (4\u00e8me point) la gouvernement <i>caquiste <\/i>semble nous dire: vous \u00eates libre de pratiquer votre religion . Mais assumez en les cons\u00e9quences&#8230; \u00c0 commencer par ne jamais r\u00eaver d\u2019acc\u00e9der \u00e0 un poste de responsabilit\u00e9 (en position d\u2019autorit\u00e9 qu\u2019ils disent !) . Et du coup, notre peur est grande de voir les autres employeurs embo\u00eeter le pas au gouvernement et refuser les plus qualifi\u00e9s parmi nous dans des postes de responsabilit\u00e9. &#8211; Le projet de loi ne vise pas \u00e7a; nous dira-t-on ? Il y a une dizaine d\u2019ann\u00e9e il \u00e9tait insens\u00e9 de penser qu\u2019un projet de loi, comme celui d\u2019aujourd\u2019hui, voit le jour au Qu\u00e9bec. Et pourtant !<\/p>\n<p style=\"text-align: justify;\">Et c\u2019est ainsi que nous avons tous int\u00e9r\u00eat \u00e0 r\u00e9agir \u00e0 ce projet de loi car <b>nous portons tous des signes religieux ostentatoires : Nos noms et pr\u00e9noms<\/b> \u00e0 connotation religieuse ! A quand va-t-on nous sommer de renoncer \u00e0 cette identit\u00e9 ultime ?<\/p>\n<p style=\"text-align: justify;\">Oh\u00e9 les ONG, les m\u00e9dias et m\u00eame les instances gouvernementales de nos pays d\u2019origine ! Nous avons besoin de votre soutien pour expliquer \u00e0 qui de droit que nous n\u2019avons pas besoin de cet affront ultime; nous qui r\u00eavions (et continuons de r\u00eaver) de devenir des ponts \u00e9conomiques et politiques entre nos pays d\u2019origine et ce pays d\u2019adoption!<\/p>\n<p style=\"text-align: justify;\">Par <i>Abderrahman El Fouladi pour Maghreb Canada Express,, <\/i><em>page 3, Vol. XVII, N\u00b04 , Avril 2019.<\/em><\/p>\n<h2 style=\"text-align: justify;\">Pour lire\u00a0 l\u2019\u00e9dition d\u2019avril 2019, cliquer sur l\u2019image:<\/h2>\n<h3 style=\"text-align: justify;\">\u00c9DITION AVRIL 2019<\/h3>\n<div class=\"textwidget\">\n<p style=\"text-align: justify;\"><a href=\"http:\/\/www.maghreb-canada.ca\/journal\/2019\/MCE188-04-2019.pdf\"> <img loading=\"lazy\" decoding=\"async\" class=\"style1\" src=\"http:\/\/www.maghreb-canada.ca\/journal\/2019\/n188.jpg\" alt=\"Maghreb Canada Express\" width=\"176\" height=\"239\" \/><\/a><\/p>\n<\/div>\n","protected":false},"excerpt":{"rendered":"<p>Pas plus loin que deux semaines apr\u00e8s la tuerie des deux mosqu\u00e9es de Christchurch en Nouvelle Z\u00e9lande, tuerie qui souleva l\u2019indignation presque universelle, le gouvernement Legault ne trouva de mieux \u00e0 faire (le 28 mars dernier) que de d\u00e9poser son projet de loi sur la la\u00efcit\u00e9 visant d\u2019exclure, de certains espaces professionnels, les croyants de [&hellip;]<\/p>\n","protected":false},"author":1,"featured_media":4265,"comment_status":"closed","ping_status":"closed","sticky":false,"template":"","format":"standard","meta":{"footnotes":""},"categories":[4,5,6,7,8,13],"tags":[],"class_list":["post-4264","post","type-post","status-publish","format-standard","has-post-thumbnail","hentry","category-canada","category-immigration","category-maghreb","category-monde","category-numero-du-mois","category-tribune-libre"],"_links":{"self":[{"href":"https:\/\/maroc-canada.ca\/index.php?rest_route=\/wp\/v2\/posts\/4264","targetHints":{"allow":["GET"]}}],"collection":[{"href":"https:\/\/maroc-canada.ca\/index.php?rest_route=\/wp\/v2\/posts"}],"about":[{"href":"https:\/\/maroc-canada.ca\/index.php?rest_route=\/wp\/v2\/types\/post"}],"author":[{"embeddable":true,"href":"https:\/\/maroc-canada.ca\/index.php?rest_route=\/wp\/v2\/users\/1"}],"replies":[{"embeddable":true,"href":"https:\/\/maroc-canada.ca\/index.php?rest_route=%2Fwp%2Fv2%2Fcomments&post=4264"}],"version-history":[{"count":5,"href":"https:\/\/maroc-canada.ca\/index.php?rest_route=\/wp\/v2\/posts\/4264\/revisions"}],"predecessor-version":[{"id":4270,"href":"https:\/\/maroc-canada.ca\/index.php?rest_route=\/wp\/v2\/posts\/4264\/revisions\/4270"}],"wp:featuredmedia":[{"embeddable":true,"href":"https:\/\/maroc-canada.ca\/index.php?rest_route=\/wp\/v2\/media\/4265"}],"wp:attachment":[{"href":"https:\/\/maroc-canada.ca\/index.php?rest_route=%2Fwp%2Fv2%2Fmedia&parent=4264"}],"wp:term":[{"taxonomy":"category","embeddable":true,"href":"https:\/\/maroc-canada.ca\/index.php?rest_route=%2Fwp%2Fv2%2Fcategories&post=4264"},{"taxonomy":"post_tag","embeddable":true,"href":"https:\/\/maroc-canada.ca\/index.php?rest_route=%2Fwp%2Fv2%2Ftags&post=4264"}],"curies":[{"name":"wp","href":"https:\/\/api.w.org\/{rel}","templated":true}]}}