{"id":4307,"date":"2019-06-05T14:21:28","date_gmt":"2019-06-05T18:21:28","guid":{"rendered":"http:\/\/maghreb-canada.ca\/?p=4307"},"modified":"2019-06-05T14:23:09","modified_gmt":"2019-06-05T18:23:09","slug":"les-marocains-de-christchurch-nouvelle-zelande-apportent-leur-soupe-a-la-mosquee-alnoor","status":"publish","type":"post","link":"https:\/\/maroc-canada.ca\/?p=4307","title":{"rendered":"MRE et Musulmans de Christchurch (Nouvelle Z\u00e9lande) : Un iftar avec ceux qui avaient eu un pied dans la tombe"},"content":{"rendered":"<p style=\"text-align: justify;\"><a href=\"http:\/\/maroc-canada.ca\/wp-content\/uploads\/2019\/05\/br6-e1558143650223.jpg\"><img loading=\"lazy\" decoding=\"async\" class=\"alignleft size-full wp-image-4308\" src=\"http:\/\/maroc-canada.ca\/wp-content\/uploads\/2019\/05\/br6-e1558143650223.jpg\" alt=\"br6\" width=\"223\" height=\"163\" \/><\/a>Quand j\u2019eus atterri \u00e0 Christchurch ce 11 mai 2019, en d\u00e9but d&rsquo;apr\u00e8s midi, je n&rsquo;\u00e9tais m\u00eame pas s\u00fbr de trouver ne serait-ce qu&rsquo;un seul marocain dans cette petite ville d&rsquo;apparence paisible , mais qui connut, le 15 mars dernier, le pire massacre jamais vu contre une minorit\u00e9 religieuse n\u00e9oz\u00e9landaise; massacre qui traumatisa la Nation toute enti\u00e8re mais qui montra a tel point le peuple n\u00e9oz\u00e9landais est soud\u00e9, inclusif et compatissant.<\/p>\n<p style=\"text-align: justify;\">Le soir m\u00eame je me rendis \u00e0 l&rsquo;une des 2 mosqu\u00e9es victimes de la folie meurtri\u00e8re du terroriste : La mosqu\u00e9e AlNoor o\u00f9 tomba une quarantaine de fid\u00e8les sous les balles de l&rsquo;assassin; Et&#8230; o\u00f9 les survivants, toujours en train de r\u00e9apprendre \u00e0 vivre et \u00e0 esp\u00e9rer, m&rsquo;invit\u00e8rent \u00e0 partager leur iftar.<\/p>\n<p style=\"text-align: justify;\">Le lendemain je pris donc la d\u00e9cision \u00ab\u00a0d&rsquo;apporter ma soupe\u00a0\u00bb\u00a0 \u00e0 mon tour pour am\u00e9liorer l&rsquo;ordinaire; une soupe \u00e0 la marocaine, fa\u00e7on pour moi de montrer et de faire sentir \u00e0 ces gens que d&rsquo;autres pays sont avec eux, comme eux et essaient d\u2019apaiser leurs souffrances dont les profondeurs sont insondables. Le cuisinier (un palestinien) accepta et promis de prendre la harira en main. \u00ab\u00a0<em>T&rsquo;en fais pas: je saurais appliquer la recette magique<\/em>\u00a0\u00bb me rassura-t-il en souriant.<\/p>\n<p style=\"text-align: justify;\">Mais voil\u00e0, qu&rsquo;avertis de ma pr\u00e9sence (suite \u00e0 des messages que j&rsquo;avais envoy\u00e9s avant mon d\u00e9part de Montr\u00e9al) pas seulement un, mais 6 marocains qui se manifestent ! Et sit\u00f4t que ce petit groupe eut vent de mes desseins culinaires, voil\u00e0 que l&rsquo;Op\u00e9ration \u00ab\u00a0Apportez votre soupe\u00a0\u00bb passa d&rsquo;affaire personnelle \u00e0 une affaire communautaire.<\/p>\n<p style=\"text-align: justify;\"><a href=\"http:\/\/maroc-canada.ca\/wp-content\/uploads\/2019\/05\/br7-e1558143876594.jpg\"><img loading=\"lazy\" decoding=\"async\" class=\"alignleft size-full wp-image-4309\" src=\"http:\/\/maroc-canada.ca\/wp-content\/uploads\/2019\/05\/br7-e1558143876594.jpg\" alt=\"br7\" width=\"300\" height=\"198\" \/><\/a>\u00ab\u00a0Une soupe marocaine doit se pr\u00e9parer par des expertes et des experts marocains\u00a0\u00bb me lan\u00e7a Driss Jamradi qui me recommanda \u00ab\u00a0<em>d&rsquo;entrer dans mon souk<\/em>\u00a0\u00bb (traduction mot \u00e0 mot d&rsquo;une expression marocaine signifiant \u00e0 quelqu&rsquo;un de <em>s&rsquo;occuper de ses oignons<\/em>). Et pour enfoncer d\u00e9finitivement le clou, il me lan\u00e7a : \u00ab\u00a0<em>Tu es un visiteur et les visiteurs ne pr\u00e9parent pas leurs repas: C&rsquo;est leurs h\u00f4tes qui s&rsquo;en occupent<\/em>\u00ab\u00a0.<\/p>\n<p style=\"text-align: justify;\">On m&rsquo;avait d\u00e9j\u00e0 fait le coup l&rsquo;ann\u00e9e derni\u00e8re \u00e0 Kuala Lumpur quand j&rsquo;avais propos\u00e9 de faire une soupe marocaine \u00e0 <span class=\"st\"><em>Ashakirin Mosque<\/em> situ\u00e9e derri\u00e8re les Tours Petronas de la ville malaisienne<\/span>. Pour la faire courte : Nos fr\u00e8res malaisiens me recommand\u00e8rent de \u00ab\u00a0<em>to stay calm and enjoy the malaisian hospitality<\/em>\u00a0\u00bb . (Rester tranquille et savourer l&rsquo;hospitalit\u00e9 malaisienne).<\/p>\n<p style=\"text-align: justify;\">Bref, depuis ma premi\u00e8re op\u00e9ration \u00ab\u00a0Apportez votre soupe\u00a0\u00bb que j&rsquo;ai r\u00e9ussi quand m\u00eame tout seul en Ha\u00eeti, plus personne ne me laisse mettre la main \u00e0 la poche. Et c&rsquo;est \u00e0 peine si on me laisse mettre la main \u00e0 la p\u00e2te.<\/p>\n<p style=\"text-align: justify;\"><a href=\"http:\/\/maroc-canada.ca\/wp-content\/uploads\/2019\/05\/br5-e1558144029534.jpg\"><img loading=\"lazy\" decoding=\"async\" class=\"alignleft size-full wp-image-4310\" src=\"http:\/\/maroc-canada.ca\/wp-content\/uploads\/2019\/05\/br5-e1558144029534.jpg\" alt=\"br5\" width=\"223\" height=\"297\" \/><\/a>Cette ann\u00e9e, j&rsquo;ai tenu quand m\u00eame \u00e0 manier la louche pour emp\u00eacher la soupe de touiller, de la tourner , d&rsquo;y ajouter les oeufs et de me br\u00fbler aussi les doigts en faisant tourner, sur la plaque chauffante, les galettes marocaines \u00ab\u00a0<em>lamsemmene\u00a0\u00bb<\/em> .<\/p>\n<p style=\"text-align: justify;\">Ce fut donc gr\u00e2ce \u00e0 cette mobilisation spontan\u00e9e de la petite communaut\u00e9 marocaine, que les fid\u00e8les de la mosqu\u00e9e AlNoor (de diff\u00e9rentes origines ethniques) ont pu d\u00e9couvrir, le 16 mai dernier, le go\u00fbt de notre fameuse Harira agr\u00e9\u00e9e de \u00ab\u00a0<em>lamsemmene<\/em>\u00a0\u00bb et de dattes . Et ce ne furent pas juste les fid\u00e8les mais aussi les quelques policiers n\u00e9oz\u00e9landais en faction devant la mosqu\u00e9e qui ont pu savourer cette potion magique marocaine.<\/p>\n<p style=\"text-align: justify;\"><span class=\"_3gl1 _5zz4\" data-offset-key=\"86gse-0-0\"><span class=\"_ncl\">Il serait pertinent de souligner, en effet, que depuis l&rsquo;attaque terroriste contre les 2 mosqu\u00e9es, la police locale monte la garde devant ces 2 lieux de culte aux heures des pri\u00e8res. Cette pr\u00e9sence polici\u00e8re se serait renforc\u00e9 durant le mois du ramadan et les policiers ne quittent les lieux qu\u2019apr\u00e8s les pri\u00e8res Tarawih (vers 21 heures).<\/span><\/span><\/p>\n<p style=\"text-align: justify;\">Un grand MERCI \u00e0 la famille Jamradi qui avait offert les ingr\u00e9dients , la logistique et la cuisine !<span class=\"text_exposed_show\"><br \/>\nMerci aux b\u00e9n\u00e9voles qui ont permis de servir avec sourire, efficacit\u00e9 et convivialit\u00e9 les cent et quelque fid\u00e8les .Nous pensons tout particuli\u00e8rement \u00e0 Moussa Bouray et Touhami Driss (Doctorants \u00e0 <span class=\"st\"><em>Canterbury Christ Church University<\/em><\/span>) , \u00e0 Amine Maaroufe et Noureddine; deux autres marocains r\u00e9sidant \u00e0 Christchurch ainsi qu&rsquo;\u00e0<\/span> Adil Bennani (un Marocain r\u00e9sidant \u00e0 Auckland qui nous a mis en contact avec l&rsquo;un des marocains r\u00e9sidant \u00e0 Christchurch).<\/p>\n<p style=\"text-align: justify;\">Notre reconnaissance va \u00e9galement \u00e0 M. Karim Medrek , Ambassadeur de SM le Roi en Australie ainsi qu&rsquo;\u00e0 M. Azzeddine Nafrak, ministre pl\u00e9nipotentiaire en charge des affaires consulaires, pour avoir donn\u00e9 suite \u00e0 notre demande d&rsquo;aide en vue d&rsquo;entrer en contact avec des marocains \u00e9tablis en Australie et en Nouvelle Z\u00e9lande.<\/p>\n<p><i>Par Abderrahman El Fouladi<\/i> <i>pour Maghreb Canada Express, <\/i><em>page 6, Vol. XVII, N\u00b06 , JUIN 2019<\/em><\/p>\n<h2>Pour lire\u00a0 l\u2019\u00e9dition de JUIN 2019, cliquer sur l\u2019image:<\/h2>\n<div class=\"textwidget\">\n<p><a href=\"http:\/\/www.maghreb-canada.ca\/journal\/2019\/MCE190-06-2019.pdf\"> <img loading=\"lazy\" decoding=\"async\" class=\"style1\" src=\"http:\/\/www.maghreb-canada.ca\/journal\/2019\/n190.jpg\" alt=\"Maghreb Canada Express\" width=\"176\" height=\"239\" \/><\/a><\/p>\n<\/div>\n","protected":false},"excerpt":{"rendered":"<p>Quand j\u2019eus atterri \u00e0 Christchurch ce 11 mai 2019, en d\u00e9but d&rsquo;apr\u00e8s midi, je n&rsquo;\u00e9tais m\u00eame pas s\u00fbr de trouver ne serait-ce qu&rsquo;un seul marocain dans cette petite ville d&rsquo;apparence paisible , mais qui connut, le 15 mars dernier, le pire massacre jamais vu contre une minorit\u00e9 religieuse n\u00e9oz\u00e9landaise; massacre qui traumatisa la Nation toute [&hellip;]<\/p>\n","protected":false},"author":1,"featured_media":4317,"comment_status":"closed","ping_status":"closed","sticky":false,"template":"","format":"standard","meta":{"footnotes":""},"categories":[5,7,8,13],"tags":[],"class_list":["post-4307","post","type-post","status-publish","format-standard","has-post-thumbnail","hentry","category-immigration","category-monde","category-numero-du-mois","category-tribune-libre"],"_links":{"self":[{"href":"https:\/\/maroc-canada.ca\/index.php?rest_route=\/wp\/v2\/posts\/4307","targetHints":{"allow":["GET"]}}],"collection":[{"href":"https:\/\/maroc-canada.ca\/index.php?rest_route=\/wp\/v2\/posts"}],"about":[{"href":"https:\/\/maroc-canada.ca\/index.php?rest_route=\/wp\/v2\/types\/post"}],"author":[{"embeddable":true,"href":"https:\/\/maroc-canada.ca\/index.php?rest_route=\/wp\/v2\/users\/1"}],"replies":[{"embeddable":true,"href":"https:\/\/maroc-canada.ca\/index.php?rest_route=%2Fwp%2Fv2%2Fcomments&post=4307"}],"version-history":[{"count":14,"href":"https:\/\/maroc-canada.ca\/index.php?rest_route=\/wp\/v2\/posts\/4307\/revisions"}],"predecessor-version":[{"id":4348,"href":"https:\/\/maroc-canada.ca\/index.php?rest_route=\/wp\/v2\/posts\/4307\/revisions\/4348"}],"wp:featuredmedia":[{"embeddable":true,"href":"https:\/\/maroc-canada.ca\/index.php?rest_route=\/wp\/v2\/media\/4317"}],"wp:attachment":[{"href":"https:\/\/maroc-canada.ca\/index.php?rest_route=%2Fwp%2Fv2%2Fmedia&parent=4307"}],"wp:term":[{"taxonomy":"category","embeddable":true,"href":"https:\/\/maroc-canada.ca\/index.php?rest_route=%2Fwp%2Fv2%2Fcategories&post=4307"},{"taxonomy":"post_tag","embeddable":true,"href":"https:\/\/maroc-canada.ca\/index.php?rest_route=%2Fwp%2Fv2%2Ftags&post=4307"}],"curies":[{"name":"wp","href":"https:\/\/api.w.org\/{rel}","templated":true}]}}