{"id":4373,"date":"2019-06-21T10:41:13","date_gmt":"2019-06-21T14:41:13","guid":{"rendered":"http:\/\/maghreb-canada.ca\/?p=4373"},"modified":"2019-06-21T10:41:26","modified_gmt":"2019-06-21T14:41:26","slug":"la-loi-sur-la-laicite-de-letat-ne-doit-pas-etre-vue-comme-un-permis-general-de-discriminer-philippe-andre-tessier","status":"publish","type":"post","link":"https:\/\/maroc-canada.ca\/?p=4373","title":{"rendered":"\u00ab\u00a0La Loi sur la la\u00efcit\u00e9 de l&rsquo;\u00c9tat ne doit pas \u00eatre vue comme un permis g\u00e9n\u00e9ral de discriminer\u00a0\u00bb (Philippe-Andr\u00e9 Tessier)"},"content":{"rendered":"<p style=\"text-align: justify;\">MONTR\u00c9AL, le 21 juin 2019 \/CNW Telbec \/COMMUNIQU\u00c9 (Texte int\u00e9gral)<\/p>\n<p style=\"text-align: justify;\">\u00a0\u00c0 la suite de l&rsquo;adoption de la Loi sur la la\u00efcit\u00e9 de l&rsquo;\u00c9tat<i>, <\/i>la Commission des droits de la personne et des droits la jeunesse tient \u00e0 souligner que la Charte qu\u00e9b\u00e9coise des droits et libert\u00e9s de la personne demeure le cadre qui s&rsquo;impose pour toutes situations de discrimination, incluant pour le motif religion, sauf pour les situations sp\u00e9cifiquement vis\u00e9es par la Loi.\u00a0La Commission rappelle du m\u00eame souffle que plusieurs dispositions de la loi sont contraires \u00e0 la Charte et enfreignent certaines obligations internationales liant le Qu\u00e9bec.<\/p>\n<p style=\"text-align: justify;\">\u00ab La Loi sur la la\u00efcit\u00e9 de l&rsquo;\u00c9tat ne doit pas \u00eatre vue comme un permis g\u00e9n\u00e9ral de discriminer et la Commission sera particuli\u00e8rement vigilante \u00e0 cet \u00e9gard. Nous continuerons de d\u00e9fendre les droits de chaque personne au Qu\u00e9bec, peu importe leur genre, leur \u00e2ge, leur orientation sexuelle, leurs croyances ou leur religion. Refuser un emploi ou une promotion \u00e0 une personne en raison de sa religion est une discrimination\u00a0\u00bb, a affirm\u00e9 Philippe-Andr\u00e9 <span class=\"xn-location\">Tessier<\/span>, pr\u00e9sident de la Commission. \u00ab\u00a0Maintenant que la Loi est en vigueur, qu&rsquo;adviendra-t-il des ambitions de toutes les personnes qui se sont investies et ont \u00e9tudi\u00e9 pendant plusieurs ann\u00e9es pour enseigner? Ou que dire encore de ceux et celles qui ont accumul\u00e9 des dizaines d&rsquo;ann\u00e9es d&rsquo;expertise pour devenir directeurs et directrices d&rsquo;\u00e9cole?\u00a0\u00bb, a ajout\u00e9 M. <span class=\"xn-location\">Tessier<\/span>.<\/p>\n<p style=\"text-align: justify;\">Le l\u00e9gislateur ayant fait le choix d&rsquo;utiliser la clause d\u00e9rogatoire, la Commission se voit dans l&rsquo;obligation de se conformer \u00e0 la Loi. Toutefois, la Commission continuera de recevoir les plaintes en mati\u00e8re de discrimination au travail, dont celles qui sont bas\u00e9es sur le motif religion. Dans les cas o\u00f9 la Loi sur la la\u00efcit\u00e9 de l&rsquo;\u00c9tat s&rsquo;applique, bien que la Commission ne puisse faire enqu\u00eate, elle pourra r\u00e9pertorier les situations qui lui seront rapport\u00e9es, lui permettant notamment de documenter et d&rsquo;analyser l&rsquo;impact de cette loi sur les personnes directement vis\u00e9es et, plus g\u00e9n\u00e9ralement, sur le climat social.<\/p>\n<p style=\"text-align: justify;\">\u00ab\u00a0Nous sommes pr\u00e9occup\u00e9s par la banalisation, perceptible dans certains commentaires, des atteintes aux droits et libert\u00e9s prot\u00e9g\u00e9s par la Charte qu\u00e9b\u00e9coise, ainsi que par le malaise exprim\u00e9 par certains par rapport \u00e0 l&rsquo;expression publique de la religion. Cela se traduit notamment par des commentaires stigmatisants et parfois discriminatoires sur les r\u00e9seaux sociaux et m\u00e9diatiques.\u00a0Il sera donc primordial de redoubler les efforts de sensibilisation et d&rsquo;\u00e9ducation pour att\u00e9nuer les effets de la loi sur la coh\u00e9sion sociale au sein de la soci\u00e9t\u00e9 qu\u00e9b\u00e9coise \u00bb, a compl\u00e9t\u00e9 Philippe-Andr\u00e9 <span class=\"xn-location\">Tessier<\/span>.<\/p>\n<p style=\"text-align: justify;\">De son c\u00f4t\u00e9, la Commission poursuivra ses activit\u00e9s d&rsquo;\u00e9ducation aux droits afin de promouvoir une culture respectueuse des droits et libert\u00e9s de la personne. Elle a d&rsquo;ailleurs cette ann\u00e9e choisi le th\u00e8me de la lutte aux pr\u00e9jug\u00e9s pour son <a href=\"https:\/\/c212.net\/c\/link\/?t=0&amp;l=fr&amp;o=2504941-1&amp;h=3901087273&amp;u=http%3A%2F%2Fwww.cdpdj.qc.ca%2Fpdl&amp;a=Prix+Droits+et+Libert%C3%A9s\" target=\"_blank\" rel=\"nofollow\">Prix Droits et Libert\u00e9s<\/a>, qui r\u00e9compensera une initiative qui propose un discours invitant \u00e0 changer de regard en mettant en avant l&rsquo;\u00eatre humain derri\u00e8re les \u00e9tiquettes. La p\u00e9riode de mise en candidature est actuellement en cours.<\/p>\n<p style=\"text-align: justify;\">Rappelons que la Commission avait recommand\u00e9 au gouvernement de ne pas adopter plusieurs dispositions de la loi jug\u00e9es discriminatoires envers une partie de la population qu\u00e9b\u00e9coise.<\/p>\n<p style=\"text-align: justify;\">Pour consulter nos recommandations: <a href=\"https:\/\/c212.net\/c\/link\/?t=0&amp;l=fr&amp;o=2504941-1&amp;h=2129867399&amp;u=http%3A%2F%2Fbit.ly%2F2V788zj&amp;a=http%3A%2F%2Fbit.ly%2F2V788zj\" target=\"_blank\" rel=\"nofollow\">http:\/\/bit.ly\/2V788zj<\/a><\/p>\n<p style=\"text-align: justify;\">Pour consulter notre trousse d&rsquo;information sur la la\u00efcit\u00e9 de l&rsquo;\u00c9tat: <a href=\"https:\/\/c212.net\/c\/link\/?t=0&amp;l=fr&amp;o=2504941-1&amp;h=2953604335&amp;u=http%3A%2F%2Fbit.ly%2F2MbRdMK&amp;a=http%3A%2F%2Fbit.ly%2F2MbRdMK\" target=\"_blank\" rel=\"nofollow\">http:\/\/bit.ly\/2MbRdMK<\/a><\/p>\n<p style=\"text-align: justify;\"><i>La Commission des droits de la personne et des droits de la jeunesse assure le respect et la promotion des principes \u00e9nonc\u00e9s dans la Charte des droits et libert\u00e9s de la personne du Qu\u00e9bec. Elle assure aussi la protection de l&rsquo;int\u00e9r\u00eat de l&rsquo;enfant, ainsi que le respect et la promotion des droits qui lui sont reconnus par la Loi sur la protection de la jeunesse. Elle veille \u00e9galement \u00e0 l&rsquo;application de la Loi sur l&rsquo;acc\u00e8s \u00e0 l&rsquo;\u00e9galit\u00e9 en emploi dans des organismes publics.<\/i><\/p>\n<p>&nbsp;<\/p>\n","protected":false},"excerpt":{"rendered":"<p>MONTR\u00c9AL, le 21 juin 2019 \/CNW Telbec \/COMMUNIQU\u00c9 (Texte int\u00e9gral) \u00a0\u00c0 la suite de l&rsquo;adoption de la Loi sur la la\u00efcit\u00e9 de l&rsquo;\u00c9tat, la Commission des droits de la personne et des droits la jeunesse tient \u00e0 souligner que la Charte qu\u00e9b\u00e9coise des droits et libert\u00e9s de la personne demeure le cadre qui s&rsquo;impose pour [&hellip;]<\/p>\n","protected":false},"author":1,"featured_media":4374,"comment_status":"closed","ping_status":"closed","sticky":false,"template":"","format":"standard","meta":{"footnotes":""},"categories":[4,5,8],"tags":[],"class_list":["post-4373","post","type-post","status-publish","format-standard","has-post-thumbnail","hentry","category-canada","category-immigration","category-numero-du-mois"],"_links":{"self":[{"href":"https:\/\/maroc-canada.ca\/index.php?rest_route=\/wp\/v2\/posts\/4373","targetHints":{"allow":["GET"]}}],"collection":[{"href":"https:\/\/maroc-canada.ca\/index.php?rest_route=\/wp\/v2\/posts"}],"about":[{"href":"https:\/\/maroc-canada.ca\/index.php?rest_route=\/wp\/v2\/types\/post"}],"author":[{"embeddable":true,"href":"https:\/\/maroc-canada.ca\/index.php?rest_route=\/wp\/v2\/users\/1"}],"replies":[{"embeddable":true,"href":"https:\/\/maroc-canada.ca\/index.php?rest_route=%2Fwp%2Fv2%2Fcomments&post=4373"}],"version-history":[{"count":2,"href":"https:\/\/maroc-canada.ca\/index.php?rest_route=\/wp\/v2\/posts\/4373\/revisions"}],"predecessor-version":[{"id":4376,"href":"https:\/\/maroc-canada.ca\/index.php?rest_route=\/wp\/v2\/posts\/4373\/revisions\/4376"}],"wp:featuredmedia":[{"embeddable":true,"href":"https:\/\/maroc-canada.ca\/index.php?rest_route=\/wp\/v2\/media\/4374"}],"wp:attachment":[{"href":"https:\/\/maroc-canada.ca\/index.php?rest_route=%2Fwp%2Fv2%2Fmedia&parent=4373"}],"wp:term":[{"taxonomy":"category","embeddable":true,"href":"https:\/\/maroc-canada.ca\/index.php?rest_route=%2Fwp%2Fv2%2Fcategories&post=4373"},{"taxonomy":"post_tag","embeddable":true,"href":"https:\/\/maroc-canada.ca\/index.php?rest_route=%2Fwp%2Fv2%2Ftags&post=4373"}],"curies":[{"name":"wp","href":"https:\/\/api.w.org\/{rel}","templated":true}]}}