{"id":4428,"date":"2019-08-14T12:36:59","date_gmt":"2019-08-14T16:36:59","guid":{"rendered":"http:\/\/maghreb-canada.ca\/?p=4428"},"modified":"2019-08-14T12:36:59","modified_gmt":"2019-08-14T16:36:59","slug":"marocains-du-monde-fin-du-mandat-de-mme-habiba-zemmouri-a-la-tete-du-consulat-general-du-maroc-a-montreal","status":"publish","type":"post","link":"https:\/\/maroc-canada.ca\/?p=4428","title":{"rendered":"Marocains du Monde : Fin du mandat de Mme Habiba Zemmouri \u00e0 la t\u00eate du Consulat g\u00e9n\u00e9ral du Maroc \u00e0 Montr\u00e9al"},"content":{"rendered":"<h6 style=\"text-align: center;\"><a href=\"http:\/\/maroc-canada.ca\/wp-content\/uploads\/2019\/08\/hz.jpg\"><img loading=\"lazy\" decoding=\"async\" class=\"size-full wp-image-4429 alignnone\" src=\"http:\/\/maroc-canada.ca\/wp-content\/uploads\/2019\/08\/hz.jpg\" alt=\"hz\" width=\"980\" height=\"538\" srcset=\"https:\/\/maroc-canada.ca\/wp-content\/uploads\/2019\/08\/hz.jpg 980w, https:\/\/maroc-canada.ca\/wp-content\/uploads\/2019\/08\/hz-300x165.jpg 300w, https:\/\/maroc-canada.ca\/wp-content\/uploads\/2019\/08\/hz-768x422.jpg 768w\" sizes=\"auto, (max-width: 980px) 100vw, 980px\" \/><\/a><em>Mme Zemmouri mettant en exergue les avanc\u00e9es qu\u2019a connues le Maroc ,sous les 20 ans de r\u00e8gne de SM le Roi Mohammed VI, devant\u00a0 des membres de la communaut\u00e9 marocaine du Qu\u00e9bec, des repr\u00e9sentants des gouvernements provincial et municipal ainsi que devant plusieurs repr\u00e9sentants du corps consulaire et des Organisations internationales gouvernementales.\u00a0 (Photo :MCE)<\/em><\/h6>\n<p style=\"text-align: justify;\">Ce fut Madame Habiba Zemmouri, consule g\u00e9n\u00e9rale du Maroc \u00e0 Montr\u00e9al, qui l\u2019annon\u00e7a elle-m\u00eame le 30 juillet dernier au terme d\u2019un discours riche en informations sur les grands changements qu\u2019a connus le Maroc ces 20 derni\u00e8res ann\u00e9es; discours qu\u2019elle pronon\u00e7a devant une salle comble, \u00e0 Montr\u00e9al (lors de la c\u00e9l\u00e9bration du 20<sup>\u00e8me <\/sup>anniversaire de l\u2019intronisation de SM le Roi Mohammed VI, Roi du Maroc) et o\u00f9 elle a \u00e9galement soulign\u00e9 la consolidation des relations r\u00e9gionales entre le Maroc et le Canada en g\u00e9n\u00e9ral, et entre le Qu\u00e9bec et le Maroc en particulier.<\/p>\n<p style=\"text-align: justify;\">Concernant ce dernier point Mme Zemmouri rappela la visite officielle, \u00e0 Rabat, de la Ministre des Relations Internationales et de la Francophonie, Mme Nadine GIRAULT , \u00e0 la t\u00eate d&rsquo;une importante mission \u00e9conomique. A l&rsquo;issue de cette visite, fit remarquer Mme Zemmouri, \u2018<i>\u2019une d\u00e9claration commune en mati\u00e8re d&rsquo;enseignement sup\u00e9rieur ainsi qu&rsquo;un premier accord de r\u00e9sidences crois\u00e9es pour les artistes entre le Qu\u00e9bec et le Maroc, ont \u00e9t\u00e9 ent\u00e9rin\u00e9s\u2019\u2019<\/i>.<\/p>\n<p style=\"text-align: justify;\">Mme Zemmouri rappela \u00e9galement la conclusion \u2018<i>\u2019pour la premi\u00e8re fois, d&rsquo;une entente\u00a0 entre les Offices Jeunesse internationaux du Qu\u00e9bec et le Minist\u00e8re marocain de la Jeunesse et des Sports. Cette\u00a0 entente sign\u00e9e au Maroc, vise \u00e0 favoriser un nouvel \u00e9lan pour\u00a0 la mobilit\u00e9 bilat\u00e9rale des jeunes Qu\u00e9b\u00e9cois et Marocains, \u00e2g\u00e9s de 18 \u00e0 35 ans<\/i>.\u2019\u2019<\/p>\n<p style=\"text-align: justify;\">Mme Zemmouri conclut en remerciant\u00a0 les coll\u00e8gues et les institutions qui l\u2019ont aid\u00e9, durant ses quatre ann\u00e9es de mandat, \u00e0 mener \u00e0 bien sa mission; dont, entre autres, Mme Nouzha Chekrouni, ex ambassadeur de SM le Roi au Canada, Mme Souriya Otmani, l\u2019actuelle Ambassadeur en poste \u00e0 Ottawa, le Directeur r\u00e9gional de la RAM ainsi que les repr\u00e9sentants des institutions financi\u00e8res marocaine en poste au Canada.<\/p>\n<p style=\"text-align: justify;\">Rappelons que M. Fouad Kadmiri succ\u00e9dera \u00e0 Mme Habiba Zemmouri en tant que Consul G\u00e9n\u00e9ral du Maroc \u00e0 Montr\u00e9al.<\/p>\n<p><i>Par A. El Fouladi<\/i>.p<i>our<\/i><i> Maghreb Canada Express, <\/i><em>page 6, Vol. XVII, N\u00b08 , AOUT 2019<\/em><\/p>\n<h2>Pour lire\u00a0 l\u2019\u00e9dition d&rsquo;AOUT 2019, cliquer sur l\u2019image:<\/h2>\n<div class=\"textwidget\">\n<p><a href=\"http:\/\/www.maghreb-canada.ca\/journal\/2019\/MCE192-08-2019.pdf\"> <img loading=\"lazy\" decoding=\"async\" class=\"style1\" src=\"http:\/\/www.maghreb-canada.ca\/journal\/2019\/n192.jpg\" alt=\"Maghreb Canada Express\" width=\"176\" height=\"239\" \/><\/a><\/p>\n<\/div>\n<p style=\"text-align: justify;\">\n<p>&nbsp;<\/p>\n","protected":false},"excerpt":{"rendered":"<p>Mme Zemmouri mettant en exergue les avanc\u00e9es qu\u2019a connues le Maroc ,sous les 20 ans de r\u00e8gne de SM le Roi Mohammed VI, devant\u00a0 des membres de la communaut\u00e9 marocaine du Qu\u00e9bec, des repr\u00e9sentants des gouvernements provincial et municipal ainsi que devant plusieurs repr\u00e9sentants du corps consulaire et des Organisations internationales gouvernementales.\u00a0 (Photo :MCE) Ce [&hellip;]<\/p>\n","protected":false},"author":1,"featured_media":4429,"comment_status":"closed","ping_status":"closed","sticky":false,"template":"","format":"standard","meta":{"footnotes":""},"categories":[4,5,6,8],"tags":[],"class_list":["post-4428","post","type-post","status-publish","format-standard","has-post-thumbnail","hentry","category-canada","category-immigration","category-maghreb","category-numero-du-mois"],"_links":{"self":[{"href":"https:\/\/maroc-canada.ca\/index.php?rest_route=\/wp\/v2\/posts\/4428","targetHints":{"allow":["GET"]}}],"collection":[{"href":"https:\/\/maroc-canada.ca\/index.php?rest_route=\/wp\/v2\/posts"}],"about":[{"href":"https:\/\/maroc-canada.ca\/index.php?rest_route=\/wp\/v2\/types\/post"}],"author":[{"embeddable":true,"href":"https:\/\/maroc-canada.ca\/index.php?rest_route=\/wp\/v2\/users\/1"}],"replies":[{"embeddable":true,"href":"https:\/\/maroc-canada.ca\/index.php?rest_route=%2Fwp%2Fv2%2Fcomments&post=4428"}],"version-history":[{"count":1,"href":"https:\/\/maroc-canada.ca\/index.php?rest_route=\/wp\/v2\/posts\/4428\/revisions"}],"predecessor-version":[{"id":4430,"href":"https:\/\/maroc-canada.ca\/index.php?rest_route=\/wp\/v2\/posts\/4428\/revisions\/4430"}],"wp:featuredmedia":[{"embeddable":true,"href":"https:\/\/maroc-canada.ca\/index.php?rest_route=\/wp\/v2\/media\/4429"}],"wp:attachment":[{"href":"https:\/\/maroc-canada.ca\/index.php?rest_route=%2Fwp%2Fv2%2Fmedia&parent=4428"}],"wp:term":[{"taxonomy":"category","embeddable":true,"href":"https:\/\/maroc-canada.ca\/index.php?rest_route=%2Fwp%2Fv2%2Fcategories&post=4428"},{"taxonomy":"post_tag","embeddable":true,"href":"https:\/\/maroc-canada.ca\/index.php?rest_route=%2Fwp%2Fv2%2Ftags&post=4428"}],"curies":[{"name":"wp","href":"https:\/\/api.w.org\/{rel}","templated":true}]}}