{"id":4434,"date":"2019-08-14T12:44:06","date_gmt":"2019-08-14T16:44:06","guid":{"rendered":"http:\/\/maghreb-canada.ca\/?p=4434"},"modified":"2019-08-22T11:48:09","modified_gmt":"2019-08-22T15:48:09","slug":"poussee-xenophobe-au-quebec-le-danger-dafficher-sa-difference","status":"publish","type":"post","link":"https:\/\/maroc-canada.ca\/?p=4434","title":{"rendered":"Pouss\u00e9e x\u00e9nophobe au Qu\u00e9bec : Le danger d\u2019afficher sa diff\u00e9rence"},"content":{"rendered":"<p style=\"text-align: justify;\">Je fus pris \u00e0 partie, fin juin\u00a0 dernier, par un inconnu. Cause : J\u2019\u00e9tais en train de prendre cong\u00e9 de mon neveu devant le m\u00e9tro tout en lui parlant en arabe.<\/p>\n<p style=\"text-align: justify;\">L\u2019individu s\u2019\u00e9cria en passant en coup de vent pr\u00e8s de nous : \u2018<i>\u2019C\u2019est vous qui faites la loi dans ce pays ? Retournez chez vous , faces de rats <\/i>!\u2019\u2019<\/p>\n<p style=\"text-align: justify;\">M\u2019effor\u00e7ant de rester dans la m\u00eame limite de \u2018\u2019politesse\u2019\u2019 disgracieuse affich\u00e9e par l\u2019individu, je lui lan\u00e7ai avec un sourire format \u2019\u2019tranche <i>de melon d\u2019eau\u2019<\/i>\u2019 : \u2018<i>\u2019Je <\/i>suis bien chez nous&#8230; t\u00eate de cochon!\u2019\u2019<\/p>\n<p style=\"text-align: justify;\">Mais sans s\u2019arr\u00eater, ni se retourner, l\u2019individu continua son tir en rafale d\u2019autres insultes du r\u00e9pertoire bien du \u2018\u2019chez nous\u2019\u2019 commun; le Qu\u00e9bec, qui faisaient tourner de surprise la t\u00eate aux passants.<\/p>\n<p style=\"text-align: justify;\">Bof ! Me dis-je, il ne sert \u00e0 rien de porter plainte chez la SPA. Je risquerais d\u2019\u00eatre accus\u00e9 d\u2019outrage, aussi bien au cochon qu\u2019au rat ! Faut consid\u00e9rer \u00e7a comme un cas isol\u00e9 ! Et puis \u00e7a fait 28 ans que je suis l\u00e0 sans jamais me faire insulter. Donc une toute petite insulte&#8230; ne fera de mal \u00e0 personne. Faut oublier.<\/p>\n<p style=\"text-align: justify;\">Et je me suis efforc\u00e9 d\u2019oublier&#8230; Jusqu\u2019au mois dernier o\u00f9 , vid\u00e9o \u00e0 l\u2019appui, la haine, le racisme et la x\u00e9nophobie se firent livrer avec une rare violence et une vulgarit\u00e9 sans bornes, qui d\u00e9shonorent ces valeurs qu\u00e9b\u00e9coises ch\u00e8res \u00e0 M. Legault. Les victimes cette fois-ci sont une m\u00e8re alg\u00e9rienne (qui ne porte m\u00eame pas le hijab) et sa fille de trois ans. Le crime ? Encore une discussion en arabe.<\/p>\n<p style=\"text-align: justify;\">La vid\u00e9o post\u00e9e sur facebook devint rapidement virale et bon nombre d\u2019internautes furent scandalis\u00e9s par les propos abjects adress\u00e9s par l\u2019individu \u00e0 la petite fille au sujet de sa m\u00e8re !<\/p>\n<p style=\"text-align: justify;\">Et croyez-le ou non : Il se trouva quand m\u00eame des individus qui d\u00e9fendirent le fou-furieux, pr\u00e9tendant que la vid\u00e9o ne montre pas ce qui s\u2019est pass\u00e9 au d\u00e9but de l\u2019incident et qui pourrait expliquer pourquoi l\u2019individu \u00e9tait si enrag\u00e9 au point de manquer de respect aussi bien \u00e0 la m\u00e8re qu\u2019\u00e0 sa petite fille qui pourrait se traumatiser pour la vie !<\/p>\n<p style=\"text-align: justify;\">Et du coup , une question s\u2019impose d\u2019elle-m\u00eame : <b>Combien de fous en furie mettons-nous sur le pieds de guerre \u00e0 chaque fois qu\u2019on affiche collectivement ou individuellement notre diff\u00e9rence sur la place publique ,ici au Qu\u00e9bec ?<\/b><\/p>\n<p style=\"text-align: justify;\">Combien de foyers de feux couvent-ils sous nos pieds leur menace et qui ne demandent qu\u2019une brise de provocation pour d\u00e9clencher des incendies risquant d\u2019\u00eatre ravageurs !<\/p>\n<p style=\"text-align: justify;\">Certains politiciens nous adorent et ne tarissent pas d\u2019\u00e9loges \u00e0 notre \u00e9gard quand nous c\u00e9l\u00e9brons notre diff\u00e9rence lors de f\u00eates nationales de nos pays d\u2019origine ou de f\u00eates religieuses universelles. Mais quelle emprise ces politiciens ont-ils sur les racistes et les supr\u00e9matistes qui ne dorment que d\u2019un \u0153il ?<\/p>\n<p style=\"text-align: justify;\">Loin d\u2019accuser quiconque de mauvaise foi. La bonne foi n\u2019est pas en cause. Mais ce serait peut-\u00eatre le discernement qui manquerait le plus .<\/p>\n<p style=\"text-align: justify;\">Il faut le dire, n\u2019avoir pas peur de le crier haut et fort s\u2019il faut et de le r\u00e9p\u00e9ter jusqu\u2019\u00e0 ce que chacun, chacune l\u2019entende : <i>Nous traversons actuellement une zone de turbulence sociale dangereuse et la vigilance doit \u00eatre de mise <\/i>!<\/p>\n<p style=\"text-align: justify;\"><b>La charrue devant les b\u0153ufs<\/b><\/p>\n<p style=\"text-align: justify;\">On nous avancera certes que les autres communaut\u00e9s s\u2019affichent partout. Pourquoi pas la notre ? (\u2018\u2019les n\u00f4tres\u2019\u2019 serait plus juste comme qualificatif) .<\/p>\n<p style=\"text-align: justify;\">Notre (nos) communaut\u00e9 (s) est (sont) tr\u00e8s jeune (s). Les autres communaut\u00e9s ont eu, elles aussi, des moments historiques sombres (exemple : la communaut\u00e9 italienne qui a vu certains de ses membres se faire enfermer dans des camps de concentration lors de la seconde guerre mondiale). Mais en g\u00e9n\u00e9ral,\u00a0 ces communaut\u00e9s ont commenc\u00e9 tout d\u2019abord par s\u2019int\u00e9grer totalement, par cr\u00e9er des emplois, par cr\u00e9er de la richesse et par le faire savoir autour d\u2019eux, \u00e0 tel point que ce sont les citoyens de souche qui, pouss\u00e9s par la curiosit\u00e9, ont pouss\u00e9 \u00e0 leur tour ces \u00e9tranges \u00e9trangers de se faire connaitre au point que, leurs quartiers se sont impos\u00e9s dans le d\u00e9cor et leurs eus et coutumes se sont agenc\u00e9s dans les m\u0153urs du pays d\u2019accueil.<\/p>\n<p style=\"text-align: justify;\"><b>Qu\u2019en est-il de nous ?<\/b><\/p>\n<p style=\"text-align: justify;\">Nous avions fui un malheur qui h\u00e9las \u00e0 pr\u00e9c\u00e9d\u00e9 bon nombre parmi nous ici. Nous sommes venus ici chercher un havre de paix pour nos enfants. Mais nous sommes les seuls \u00e0 le savoir et \u00e0 y croire. Pour bon nombre de nos autres concitoyens, nous incarnons l\u2019empire du mal. Et au lieu de montrer que c\u2019est faux, nous nous enfermons dans nos ghettos; laissant sur la sc\u00e8ne publique ceux parmi nous qui, faute d\u2019int\u00e9gration professionnelle, ont tout le loisir, et le temps, de faire peur \u00e0 l\u2019autre avec nos diff\u00e9rences; \u00e0 tel point que la double citoyennet\u00e9 emprunte d\u2019un zeste musulman laisse un arri\u00e8re-go\u00fbt chez certains irr\u00e9ductibles croyant dur comme fer, qu\u2019un musulman n\u2019est fid\u00e8le qu\u2019\u00e0 son pays d\u2019origine : <i>La Musulmanie <\/i>! Et qui va expliquer que la Musalmanie n\u2019existe pas et qu\u2019\u00eatre musulman n\u2019est pas une citoyennet\u00e9 ?<\/p>\n<p style=\"text-align: justify;\">Ajouter \u00e0 cela que certaines c\u00e9l\u00e9brations \u00e0 tue-t\u00eate tuent la patience chez certains concitoyens pure-laine&#8230; Il est temps de s\u2019asseoir ensemble, faire notre autocritique et corriger certains de nos comportements. Il est temps que nous nous d\u00e9cidions \u00e0 aider ceux qui veulent nous faire \u00e9viter l\u2019exclusion et la marginalisation.<\/p>\n<p style=\"text-align: justify;\"><i>Par A. El Fouladi<\/i>.p<i>our<\/i><i> Maghreb Canada Express, <\/i><em>page 3, Vol. XVII, N\u00b08 , AOUT 2019<\/em><\/p>\n<h2 style=\"text-align: justify;\">Pour lire\u00a0 l\u2019\u00e9dition d&rsquo;AOUT 2019, cliquer sur l\u2019image:<\/h2>\n<div class=\"textwidget\">\n<p style=\"text-align: justify;\"><a href=\"http:\/\/www.maghreb-canada.ca\/journal\/2019\/MCE192-08-2019.pdf\"> <img loading=\"lazy\" decoding=\"async\" class=\"style1\" src=\"http:\/\/www.maghreb-canada.ca\/journal\/2019\/n192.jpg\" alt=\"Maghreb Canada Express\" width=\"176\" height=\"239\" \/><\/a><\/p>\n<\/div>\n","protected":false},"excerpt":{"rendered":"<p>Je fus pris \u00e0 partie, fin juin\u00a0 dernier, par un inconnu. Cause : J\u2019\u00e9tais en train de prendre cong\u00e9 de mon neveu devant le m\u00e9tro tout en lui parlant en arabe. L\u2019individu s\u2019\u00e9cria en passant en coup de vent pr\u00e8s de nous : \u2018\u2019C\u2019est vous qui faites la loi dans ce pays ? Retournez chez [&hellip;]<\/p>\n","protected":false},"author":1,"featured_media":4401,"comment_status":"closed","ping_status":"closed","sticky":false,"template":"","format":"standard","meta":{"footnotes":""},"categories":[4,5,6,7,8,13],"tags":[],"class_list":["post-4434","post","type-post","status-publish","format-standard","has-post-thumbnail","hentry","category-canada","category-immigration","category-maghreb","category-monde","category-numero-du-mois","category-tribune-libre"],"_links":{"self":[{"href":"https:\/\/maroc-canada.ca\/index.php?rest_route=\/wp\/v2\/posts\/4434","targetHints":{"allow":["GET"]}}],"collection":[{"href":"https:\/\/maroc-canada.ca\/index.php?rest_route=\/wp\/v2\/posts"}],"about":[{"href":"https:\/\/maroc-canada.ca\/index.php?rest_route=\/wp\/v2\/types\/post"}],"author":[{"embeddable":true,"href":"https:\/\/maroc-canada.ca\/index.php?rest_route=\/wp\/v2\/users\/1"}],"replies":[{"embeddable":true,"href":"https:\/\/maroc-canada.ca\/index.php?rest_route=%2Fwp%2Fv2%2Fcomments&post=4434"}],"version-history":[{"count":3,"href":"https:\/\/maroc-canada.ca\/index.php?rest_route=\/wp\/v2\/posts\/4434\/revisions"}],"predecessor-version":[{"id":4442,"href":"https:\/\/maroc-canada.ca\/index.php?rest_route=\/wp\/v2\/posts\/4434\/revisions\/4442"}],"wp:featuredmedia":[{"embeddable":true,"href":"https:\/\/maroc-canada.ca\/index.php?rest_route=\/wp\/v2\/media\/4401"}],"wp:attachment":[{"href":"https:\/\/maroc-canada.ca\/index.php?rest_route=%2Fwp%2Fv2%2Fmedia&parent=4434"}],"wp:term":[{"taxonomy":"category","embeddable":true,"href":"https:\/\/maroc-canada.ca\/index.php?rest_route=%2Fwp%2Fv2%2Fcategories&post=4434"},{"taxonomy":"post_tag","embeddable":true,"href":"https:\/\/maroc-canada.ca\/index.php?rest_route=%2Fwp%2Fv2%2Ftags&post=4434"}],"curies":[{"name":"wp","href":"https:\/\/api.w.org\/{rel}","templated":true}]}}