{"id":4438,"date":"2019-08-16T11:13:48","date_gmt":"2019-08-16T15:13:48","guid":{"rendered":"http:\/\/maghreb-canada.ca\/?p=4438"},"modified":"2019-08-16T11:13:48","modified_gmt":"2019-08-16T15:13:48","slug":"francois-legault-freine-leconomie-du-quebec-monsef-derraji","status":"publish","type":"post","link":"https:\/\/maroc-canada.ca\/?p=4438","title":{"rendered":"Fran\u00e7ois Legault freine l&rsquo;\u00e9conomie du Qu\u00e9bec (Monsef Derraji)"},"content":{"rendered":"<p style=\"text-align: justify;\"><em>(Photo : Monsef Derraji, d\u00e9put\u00e9 de Nelligan et porte-parole lib\u00e9ral en mati\u00e8re d&rsquo;immigration)<\/em><\/p>\n<p style=\"text-align: justify;\"><a href=\"http:\/\/maroc-canada.ca\/wp-content\/uploads\/2019\/08\/monsef.jpg\"><img loading=\"lazy\" decoding=\"async\" class=\"alignleft size-full wp-image-4439\" src=\"http:\/\/maroc-canada.ca\/wp-content\/uploads\/2019\/08\/monsef.jpg\" alt=\"monsef\" width=\"306\" height=\"357\" srcset=\"https:\/\/maroc-canada.ca\/wp-content\/uploads\/2019\/08\/monsef.jpg 306w, https:\/\/maroc-canada.ca\/wp-content\/uploads\/2019\/08\/monsef-257x300.jpg 257w\" sizes=\"auto, (max-width: 306px) 100vw, 306px\" \/><\/a>La p\u00e9riode estivale n&rsquo;aura pas permis au premier ministre Fran\u00e7ois <span class=\"xn-person\">Legault de<\/span> se d\u00e9partir de son arrogance. Le chef de la CAQ s&rsquo;ent\u00eate \u00e0 maintenir \u00e0 40\u00a0000 le seuil d&rsquo;immigrants accueillis cette ann\u00e9e au Qu\u00e9bec alors que les entreprises sont confront\u00e9es \u00e0 une crise de la main-d&rsquo;\u0153uvre sans pr\u00e9c\u00e9dent.<\/p>\n<p style=\"text-align: justify;\">Alors que des entreprises refusent des commandes, abolissent des quarts de travail ou ferment leurs portes en raison d&rsquo;un manque de main-d&rsquo;\u0153uvre, le premier ministre persiste \u00e0 vouloir r\u00e9duire les seuils en immigration. Le milieu \u00e9conomique a d\u00e9montr\u00e9 que c&rsquo;est une grave erreur pour l&rsquo;\u00e9conomie du Qu\u00e9bec.<\/p>\n<p style=\"text-align: justify;\">Tout au long de la semaine, des repr\u00e9sentants du milieu \u00e9conomique ont d\u00e9fil\u00e9 en commission parlementaire pour d\u00e9crier la d\u00e9cision du gouvernement de r\u00e9duire les seuils en immigration. Les entreprises du Qu\u00e9bec crient \u00e0 l&rsquo;aide et Fran\u00e7ois Legault fait la sourde oreille face \u00e0 leurs demandes.<\/p>\n<p style=\"text-align: justify;\">\u00ab Fran\u00e7ois Legault se ferme les yeux devant la r\u00e9alit\u00e9 du terrain. Il y a plus de 116 000 postes \u00e0 pourvoir au Qu\u00e9bec actuellement. Les entreprises se voient oblig\u00e9es de r\u00e9duire leurs heures d&rsquo;ouverture ou m\u00eame de fermer tout simplement. Fran\u00e7ois Legault doit \u00e9couter le milieu \u00e9conomique qui consid\u00e8re comme une grave erreur la r\u00e9duction du seuil d&rsquo;immigration \u00e0 40\u00a0000 pour 2019.\u00a0\u00bb<\/p>\n<p style=\"text-align: justify;\"><i>Monsef Derraji, d\u00e9put\u00e9 de Nelligan et porte-parole lib\u00e9ral en mati\u00e8re d&rsquo;immigration, de PME et d&rsquo;innovation (Source : <span lang=\"fr\">CNW Telbec<\/span>)<br \/>\n<\/i><\/p>\n<p>&nbsp;<\/p>\n","protected":false},"excerpt":{"rendered":"<p>(Photo : Monsef Derraji, d\u00e9put\u00e9 de Nelligan et porte-parole lib\u00e9ral en mati\u00e8re d&rsquo;immigration) La p\u00e9riode estivale n&rsquo;aura pas permis au premier ministre Fran\u00e7ois Legault de se d\u00e9partir de son arrogance. Le chef de la CAQ s&rsquo;ent\u00eate \u00e0 maintenir \u00e0 40\u00a0000 le seuil d&rsquo;immigrants accueillis cette ann\u00e9e au Qu\u00e9bec alors que les entreprises sont confront\u00e9es \u00e0 [&hellip;]<\/p>\n","protected":false},"author":1,"featured_media":4439,"comment_status":"closed","ping_status":"closed","sticky":false,"template":"","format":"standard","meta":{"footnotes":""},"categories":[4,5,8],"tags":[],"class_list":["post-4438","post","type-post","status-publish","format-standard","has-post-thumbnail","hentry","category-canada","category-immigration","category-numero-du-mois"],"_links":{"self":[{"href":"https:\/\/maroc-canada.ca\/index.php?rest_route=\/wp\/v2\/posts\/4438","targetHints":{"allow":["GET"]}}],"collection":[{"href":"https:\/\/maroc-canada.ca\/index.php?rest_route=\/wp\/v2\/posts"}],"about":[{"href":"https:\/\/maroc-canada.ca\/index.php?rest_route=\/wp\/v2\/types\/post"}],"author":[{"embeddable":true,"href":"https:\/\/maroc-canada.ca\/index.php?rest_route=\/wp\/v2\/users\/1"}],"replies":[{"embeddable":true,"href":"https:\/\/maroc-canada.ca\/index.php?rest_route=%2Fwp%2Fv2%2Fcomments&post=4438"}],"version-history":[{"count":1,"href":"https:\/\/maroc-canada.ca\/index.php?rest_route=\/wp\/v2\/posts\/4438\/revisions"}],"predecessor-version":[{"id":4440,"href":"https:\/\/maroc-canada.ca\/index.php?rest_route=\/wp\/v2\/posts\/4438\/revisions\/4440"}],"wp:featuredmedia":[{"embeddable":true,"href":"https:\/\/maroc-canada.ca\/index.php?rest_route=\/wp\/v2\/media\/4439"}],"wp:attachment":[{"href":"https:\/\/maroc-canada.ca\/index.php?rest_route=%2Fwp%2Fv2%2Fmedia&parent=4438"}],"wp:term":[{"taxonomy":"category","embeddable":true,"href":"https:\/\/maroc-canada.ca\/index.php?rest_route=%2Fwp%2Fv2%2Fcategories&post=4438"},{"taxonomy":"post_tag","embeddable":true,"href":"https:\/\/maroc-canada.ca\/index.php?rest_route=%2Fwp%2Fv2%2Ftags&post=4438"}],"curies":[{"name":"wp","href":"https:\/\/api.w.org\/{rel}","templated":true}]}}