{"id":4597,"date":"2019-12-18T13:06:53","date_gmt":"2019-12-18T18:06:53","guid":{"rendered":"http:\/\/maghreb-canada.ca\/?p=4597"},"modified":"2019-12-18T13:06:53","modified_gmt":"2019-12-18T18:06:53","slug":"maroc-cas-de-deforestation-abusive-dans-la-region-beni-mellal-khenifra","status":"publish","type":"post","link":"https:\/\/maroc-canada.ca\/?p=4597","title":{"rendered":"Maroc : Cas de d\u00e9forestation abusive dans la R\u00e9gion \u2018\u2019B\u00e9ni Mellal-Kh\u00e9nifra\u2019\u2019"},"content":{"rendered":"<p style=\"text-align: justify;\"><a href=\"http:\/\/maroc-canada.ca\/wp-content\/uploads\/2019\/12\/deroua-foret.jpg\"><img loading=\"lazy\" decoding=\"async\" class=\"alignleft size-full wp-image-4598\" src=\"http:\/\/maroc-canada.ca\/wp-content\/uploads\/2019\/12\/deroua-foret.jpg\" alt=\"deroua-foret\" width=\"800\" height=\"450\" srcset=\"https:\/\/maroc-canada.ca\/wp-content\/uploads\/2019\/12\/deroua-foret.jpg 800w, https:\/\/maroc-canada.ca\/wp-content\/uploads\/2019\/12\/deroua-foret-300x169.jpg 300w, https:\/\/maroc-canada.ca\/wp-content\/uploads\/2019\/12\/deroua-foret-768x432.jpg 768w\" sizes=\"auto, (max-width: 800px) 100vw, 800px\" \/><\/a>La famille Hammou Ben Brahim, de Larb\u2019a N\u2019Oukabli; village enclav\u00e9 dans le Haut-Atlas, est en f\u00eate : Le p\u00e8re vient d\u2019\u00eatre lib\u00e9r\u00e9 de la prison. Il avait \u00e9cop\u00e9 d\u2019une peine de 6 mois de prison et d\u2019une amende de 5000 DH pour \u2018<i>\u2019pr\u00e9judice \u00e0 la for\u00eat <\/i>.<\/p>\n<p style=\"text-align: justify;\">A 60 Km de l\u00e0, et plus exactement dans le territoire des BENI MOUSSA c\u2019est une sc\u00e8ne diff\u00e9rente d\u2019horreur qui se dessine \u00e0 l\u2019horizon \u00e0 cause d\u2019un <i>tsunami <\/i>en gestation.<\/p>\n<p style=\"text-align: justify;\">En effet les d\u00e9fenseurs de l\u2019environnement sont abasourdis, \u00e9c\u0153ur\u00e9s et endeuill\u00e9s par les rumeurs, h\u00e9las concordantes, qui circulent\u00a0: il semble que la FOR\u00caT DEROUA va compl\u00e8tement disparaitre :\u00a0 Les arbres seront arrach\u00e9s et la for\u00eat serait ras\u00e9e et transform\u00e9e en ferme agricole priv\u00e9e\u00a0!<\/p>\n<h2 style=\"text-align: justify;\"><b>Deux poids deux mesures<\/b><\/h2>\n<p style=\"text-align: justify;\">Serait-ce la loi de la jungle ? D\u2019une part le gouvernement Marocain punit s\u00e9v\u00e8rement\u00a0les pauvres gens quand ils touchent \u00e0 la for\u00eat ; mais d\u2019autre part, il fermerait les yeux quand des intouchables la d\u00e9truisent en l\u2019exploitant injustement et en la transforment en fermes priv\u00e9es !<\/p>\n<p style=\"text-align: justify;\">Pour saisir l\u2019\u00e9normit\u00e9 de l\u2019affaire il faudrait savoir que\u00a0la foret DEROUA est une for\u00eat originale. C\u2019est le poumon de la r\u00e9gion de Tadla en g\u00e9n\u00e9ral et de la ville de Souk Sebt, du territoire de la tribu\u00a0Beni Moussa et de la Province de Fquih Ben Salah en particulier.<\/p>\n<p style=\"text-align: justify;\">En effet le texte officiel relatif \u00e0 cette for\u00eat stipule\u00a0clairement que\u00a0: la SIBE DEROUA est un\u00a0\u00ab\u00a0<i>\u00c9cosyst\u00e8me original et unique t\u00e9moin climacique de la plaine de Tadla<\/i>, (plaine enti\u00e8rement am\u00e9nag\u00e9 pour l\u2019agriculture aujourd&rsquo;hui)\u00a0\u00bb (1)<\/p>\n<p style=\"text-align: justify;\">\u00a0C&rsquo;est une for\u00eat centenaire qui s&rsquo;\u00e9tend sur 930 Hectares environ et qui fut d\u00e9limit\u00e9e pour la premi\u00e8re fois par la colonisation Fran\u00e7aise en 1935\u00a0! (2)<\/p>\n<p style=\"text-align: justify;\">Et c&rsquo;est la seule for\u00eat digne de ce nom qui existe encore dans cette r\u00e9gion : lieu pr\u00e9f\u00e9r\u00e9 de sorties et de distraction pour les familles et les \u00e9coliers\u00a0; lieu de p\u00e2turage, de pisciculture, d\u2019apiculture\u2026.<\/p>\n<p style=\"text-align: justify;\">D\u00e9j\u00e0 163 Hectares ont \u00e9t\u00e9 d\u00e9truits et transform\u00e9s en ferme agricole priv\u00e9e par des \u00e9miratis sous couvert de l\u2019\u00ab\u00a0investissement\u00a0\u00bb\u00a0 et 5 Hectares ont \u00e9t\u00e9 occup\u00e9s par des habitations.<\/p>\n<p style=\"text-align: justify;\">\u00a0Le projet en pr\u00e9paration &#8211; s\u2019il se r\u00e9alise- va enti\u00e8rement d\u00e9cimer la flore et la faune. La foret (d\u2019environ 800 H) serait an\u00e9antie et transform\u00e9e en ferme agricole priv\u00e9e m\u00e9canis\u00e9e.<\/p>\n<p style=\"text-align: justify;\">\u00a0Ce qui constituera une catastrophe \u00e9cologique et humaine d\u2019envergure\u00a0aussi bien pour les g\u00e9n\u00e9rations actuelles que celles \u00e0 venir .<\/p>\n<h2 style=\"text-align: justify;\"><b>Qu\u2019en est-il de la l\u00e9gislation ? <\/b><\/h2>\n<p style=\"text-align: justify;\">En th\u00e9orie la l\u00e9gislation Marocaine concernant le domaine forestier est tr\u00e8s stricte et tr\u00e8s s\u00e9v\u00e8re\u00a0: (En vue d\u2019assurer la pr\u00e9servation, la protection et le d\u00e9veloppement de ce patrimoine national, le l\u00e9gislateur a consacr\u00e9 le principe de la domanialit\u00e9 des for\u00eats et des formations assimil\u00e9es, en se basant sur le principe de la pr\u00e9somption, et de leur inali\u00e9nabilit\u00e9 \u00e0 l\u2019exception des trois formes de transactions fonci\u00e8res (Distraction du r\u00e9gime forestier\u00a0&#8211;\u00a0\u00c9change immobilier\u00a0&#8211;\u00a0Occupation temporaire) pr\u00e9vues par le Dahir du 10\/10\/1917.<\/p>\n<p style=\"text-align: justify;\">En effet, \u00ab les for\u00eats font parties du domaine priv\u00e9 de l\u2019\u00c9tat et, de tout temps les tribus et les particuliers n\u2019y ont exerc\u00e9, \u00e0 l\u2019exclusion de tout droit privatif, que des droits \u00e0 l\u2019usage de tous, notamment ceux d\u2019affouage ou de pacage \u00bb.) (3)<\/p>\n<p style=\"text-align: justify;\"><b>L\u00e0 o\u00f9 le b\u00e2t blesse c\u2019est que le projet a \u00e9t\u00e9 rejet\u00e9 \u00e0 l\u2019unanimit\u00e9\u00a0par une commission officielle constitu\u00e9e pour juger son opportunit\u00e9\u00a0!<\/b><\/p>\n<p style=\"text-align: justify;\">N&rsquo;oublions pas que le gouvernement Marocain \u00e9tait l&rsquo;organisateur de la COP22 qui visait le d\u00e9veloppement durable\u00a0!<\/p>\n<p style=\"text-align: justify;\">Ajoutons \u00e0 cela le d\u00e9s\u00e9quilibre \u00e9cologique provoqu\u00e9 par l\u2019an\u00e9antissement d\u2019une for\u00eat toute enti\u00e8re et ses cons\u00e9quences d\u00e9sastreuses sur la station de pisciculture de DEROUA (l\u2019une des plus importantes au MAROC) et sur la biodiversit\u00e9 en g\u00e9n\u00e9ral. En effet la foret DEROUA est une for\u00eat riche et diversifi\u00e9e g\u00e9n\u00e9tiquement en flore et faune\u00a0: avec un arboretum de 74 esp\u00e8ces, 3 esp\u00e8ces de mammif\u00e8res, 12 esp\u00e8ces d\u2019oiseaux nicheurs, 2 esp\u00e8ces de reptiles\u2026.(1) et (4)<\/p>\n<p style=\"text-align: justify;\"><b>LE malheur c\u2019est que la foret DEROUA EST INSCRITE par les NATIONS UNIES comme site prot\u00e9g\u00e9 et sauvegard\u00e9\u00a0! <\/b>(5)<\/p>\n<p style=\"text-align: justify;\">ALORS qui va l\u2019emporter ?<\/p>\n<p style=\"text-align: justify;\">Le respect de la constitution, l\u2019application de l\u2019arsenal juridique, l\u2019\u00e9tat de droit, la justice sociale, les discours officiels sur le d\u00e9veloppement durable, la COP22, l\u2019int\u00e9r\u00eat g\u00e9n\u00e9ral, la raison\u2026..OU la raison d\u2019\u00e9tat, le b\u00e2ton de l\u2019autorit\u00e9, la loi de l\u2019argent et du plus fort, l\u2019int\u00e9r\u00eat personnel, l\u2019injustice sociale, le bafouement de la loi\u2026..<\/p>\n<p style=\"text-align: justify;\">\n<blockquote>\n<p style=\"text-align: justify;\"><b>BIBLIOGRAPHIE SOMMAIRE <\/b><\/p>\n<p style=\"text-align: justify;\"><b>(1 ) <\/b>:\u00a0 Descriptif officiel du SIBE DEROUA par le Centre d&rsquo;Echange d&rsquo;Information sur la Biodiversit\u00e9 du MAROC<\/p>\n<p style=\"text-align: justify;\"><i>http:\/\/ma.chm-cbd.net\/manag_cons\/esp_prot\/sibe_ma\/sibe_cont_ter\/deroua-42\/sibe_42<\/i><\/p>\n<p style=\"text-align: justify;\"><i>Deroua (42)<\/i><\/p>\n<p style=\"text-align: justify;\"><i>C\u2019est la plaine du Tadla avec un sol argileux de type marron. \u00a0Ce site est un \u00e9cosyst\u00e8me original de la plaine de Tadla, unique t\u00e9moin climacique (plaine enti\u00e8rement mise en culture aujourd&rsquo;hui). Pour la flore on trouve une formation \u00e0 ol\u00e9astre, lentisque laiss\u00e9e en r\u00e9serve. La faune est compos\u00e9 essentiellement de 3 esp\u00e8ces de mammif\u00e8res, 18 esp\u00e8ces d&rsquo;oiseaux nicheurs et 2 esp\u00e8ces de reptiles.<\/i><\/p>\n<p style=\"text-align: justify;\"><i>\u00a0Fiche technique du SIBE \u00ab\u00a0Deroua (42)\u00a0\u00bb. Date de publication : 24\/11\/2006<\/i><\/p>\n<p style=\"text-align: justify;\"><i>Couverture g\u00e9ographique. Maroc,. Mots-clefs : Aire prot\u00e9g\u00e9e, SIBE,<\/i><\/p>\n<p style=\"text-align: justify;\"><i>Coordonn\u00e9es: 32\u00b018&rsquo;N &#8211; 6\u00b036&rsquo;W<\/i><\/p>\n<p style=\"text-align: justify;\"><i>R\u00e9f\u00e9rences des cartes : 1\/50.000 &#8211; SEBT OULAD &#8211; NEMMA<\/i><\/p>\n<p style=\"text-align: justify;\"><i>Province administrative : BENI MELLAL<\/i><\/p>\n<p style=\"text-align: justify;\"><i>Centre administratif proche : Souq Sebt Oulad Nemma<\/i><\/p>\n<p style=\"text-align: justify;\"><i>District forestier : Beni Mellal<\/i><\/p>\n<p style=\"text-align: justify;\"><i>R\u00e9gion biog\u00e9ographique : n\u00b010 &#8211; TADLA<\/i><\/p>\n<p style=\"text-align: justify;\"><i>Superficie propos\u00e9e : 700 ha<\/i><\/p>\n<p style=\"text-align: justify;\"><i>Syst\u00e8me foncier : Domaine forestier d\u00e9limit\u00e9<\/i><\/p>\n<p style=\"text-align: justify;\"><i>Usages : n\u00e9ant<\/i><\/p>\n<p style=\"text-align: justify;\"><i>Caract\u00e9ristiques bioclimatiques : Thermom\u00e9diterran\u00e9en semi-aride temp\u00e9r\u00e9.<\/i><\/p>\n<p style=\"text-align: justify;\"><i>Caract\u00e9ristiques physiques: Plaine du Tadla &#8211; sol argileux de type marron.<br \/>\nFlore: Formation \u00e0 ol\u00e9astre, lentisque laiss\u00e9e en r\u00e9serve: parcelle phytosociologique t\u00e9moin de la v\u00e9g\u00e9tation naturelle paraclimacique de la plaine du Tadla<\/i><\/p>\n<p style=\"text-align: justify;\"><i>Faune: 3 esp\u00e8ces de mammif\u00e8res y sont pr\u00e9sentes, 18 esp\u00e8ces d&rsquo;oiseaux nicheurs y sont pr\u00e9sentes, 2 esp\u00e8ces de reptiles y sont pr\u00e9sentes.<\/i><\/p>\n<p style=\"text-align: justify;\"><i>\u00c9cosyst\u00e8mes et milieux :\u00a0\u00a0\u00a0\u00a0<\/i><\/p>\n<p style=\"text-align: justify;\"><i>Ecosyst\u00e8me original de la plaine de Tadla, unique t\u00e9moin climacique (plaineentir\u00e8rement mise en culture aujourd&rsquo;hui). Parcelle bien conserv\u00e9e assez dynamique<\/i>.<\/p>\n<p style=\"text-align: justify;\"><b>(2)\u00a0<\/b>: Bulletin Officiel Marocain n\u00b0 1182 11\/6\/1935<\/p>\n<p style=\"text-align: justify;\"><b>(3) <\/b>: Haut-commissariat des eaux et des for\u00eats au Maroc\u00a0 http:\/\/www.eauxetforets.gov.ma\/Legislation\/RegimeFoncier\/Pages\/Regime-Foncier.aspx<\/p>\n<p style=\"text-align: justify;\"><b>(4)\u00a0<\/b>: FAO, Etat des Ressources G\u00e9n\u00e9tiques Foresti\u00e8res mondiales, rapport national royaume du Maroc janvier 2013, annexes page 10.<\/p>\n<p style=\"text-align: justify;\"><b>(5)\u00a0<\/b>: http:\/\/www.protectedplanet.net\/ et https:\/\/www.unep-wcmc.org\/<\/p>\n<\/blockquote>\n<p><i>Par Abdelkrim Nemmaoui, pour Maghreb Canada Express (MCE)<\/i>,<i> <\/i><em>page 10, Vol. XVII, N\u00b012 , D\u00e9cembre 2019.<\/em><\/p>\n<h2>Pour lire\u00a0 l\u2019\u00e9dition de D\u00c9CEMBRE 2019, cliquer sur l\u2019image :<\/h2>\n<div class=\"textwidget\">\n<p><a href=\"http:\/\/www.maghreb-canada.ca\/journal\/2019\/MCE196-12-2019.pdf\"> <img loading=\"lazy\" decoding=\"async\" class=\"style1\" src=\"http:\/\/www.maghreb-canada.ca\/journal\/2019\/n196.jpg\" alt=\"Maghreb Canada Express\" width=\"176\" height=\"239\" \/><\/a><\/p>\n<\/div>\n","protected":false},"excerpt":{"rendered":"<p>La famille Hammou Ben Brahim, de Larb\u2019a N\u2019Oukabli; village enclav\u00e9 dans le Haut-Atlas, est en f\u00eate : Le p\u00e8re vient d\u2019\u00eatre lib\u00e9r\u00e9 de la prison. Il avait \u00e9cop\u00e9 d\u2019une peine de 6 mois de prison et d\u2019une amende de 5000 DH pour \u2018\u2019pr\u00e9judice \u00e0 la for\u00eat . A 60 Km de l\u00e0, et plus exactement [&hellip;]<\/p>\n","protected":false},"author":1,"featured_media":4598,"comment_status":"closed","ping_status":"closed","sticky":false,"template":"","format":"standard","meta":{"footnotes":""},"categories":[6,8,13],"tags":[],"class_list":["post-4597","post","type-post","status-publish","format-standard","has-post-thumbnail","hentry","category-maghreb","category-numero-du-mois","category-tribune-libre"],"_links":{"self":[{"href":"https:\/\/maroc-canada.ca\/index.php?rest_route=\/wp\/v2\/posts\/4597","targetHints":{"allow":["GET"]}}],"collection":[{"href":"https:\/\/maroc-canada.ca\/index.php?rest_route=\/wp\/v2\/posts"}],"about":[{"href":"https:\/\/maroc-canada.ca\/index.php?rest_route=\/wp\/v2\/types\/post"}],"author":[{"embeddable":true,"href":"https:\/\/maroc-canada.ca\/index.php?rest_route=\/wp\/v2\/users\/1"}],"replies":[{"embeddable":true,"href":"https:\/\/maroc-canada.ca\/index.php?rest_route=%2Fwp%2Fv2%2Fcomments&post=4597"}],"version-history":[{"count":1,"href":"https:\/\/maroc-canada.ca\/index.php?rest_route=\/wp\/v2\/posts\/4597\/revisions"}],"predecessor-version":[{"id":4599,"href":"https:\/\/maroc-canada.ca\/index.php?rest_route=\/wp\/v2\/posts\/4597\/revisions\/4599"}],"wp:featuredmedia":[{"embeddable":true,"href":"https:\/\/maroc-canada.ca\/index.php?rest_route=\/wp\/v2\/media\/4598"}],"wp:attachment":[{"href":"https:\/\/maroc-canada.ca\/index.php?rest_route=%2Fwp%2Fv2%2Fmedia&parent=4597"}],"wp:term":[{"taxonomy":"category","embeddable":true,"href":"https:\/\/maroc-canada.ca\/index.php?rest_route=%2Fwp%2Fv2%2Fcategories&post=4597"},{"taxonomy":"post_tag","embeddable":true,"href":"https:\/\/maroc-canada.ca\/index.php?rest_route=%2Fwp%2Fv2%2Ftags&post=4597"}],"curies":[{"name":"wp","href":"https:\/\/api.w.org\/{rel}","templated":true}]}}