{"id":4970,"date":"2020-11-04T15:26:20","date_gmt":"2020-11-04T20:26:20","guid":{"rendered":"http:\/\/maghreb-canada.ca\/?p=4970"},"modified":"2020-11-04T15:26:20","modified_gmt":"2020-11-04T20:26:20","slug":"marocains-du-monde-la-fuite-des-cerveaux-et-son-impact-sur-le-developpement-de-leconomie-marocaine","status":"publish","type":"post","link":"https:\/\/maroc-canada.ca\/?p=4970","title":{"rendered":"Marocains du Monde : La \u2018\u2019fuite des cerveaux\u2019\u2019 et son impact sur le d\u00e9veloppement de l\u2019\u00e9conomie marocaine"},"content":{"rendered":"<p style=\"text-align: justify;\"><a href=\"http:\/\/maroc-canada.ca\/wp-content\/uploads\/2013\/01\/mre-marahba.jpg\"><img loading=\"lazy\" decoding=\"async\" class=\"alignleft  wp-image-178\" src=\"http:\/\/maroc-canada.ca\/wp-content\/uploads\/2013\/01\/mre-marahba.jpg\" alt=\"mre-marahba\" width=\"247\" height=\"176\" srcset=\"https:\/\/maroc-canada.ca\/wp-content\/uploads\/2013\/01\/mre-marahba.jpg 372w, https:\/\/maroc-canada.ca\/wp-content\/uploads\/2013\/01\/mre-marahba-300x213.jpg 300w\" sizes=\"auto, (max-width: 247px) 100vw, 247px\" \/><\/a>Depuis les ann\u00e9es soixante les sociologues utilisent le concept de \u2018\u2019 <i>fuite des cerveaux\u2019<\/i>\u2019 (1) pour d\u00e9signer un ph\u00e9nom\u00e8ne qui a touch\u00e9 de nombreux pays et dont les effets sur leur structure sociale, leur d\u00e9veloppement \u00e9conomique et humain et la construction de l\u2019\u00c9tat de droit, sont consid\u00e9rables (2). Les nombreuses \u00e9tudes qui se sont int\u00e9ress\u00e9es \u00e0 ce sujet distinguent entre deux cat\u00e9gories de pays\u00a0: d\u2019un c\u00f4t\u00e9 ceux qui disposent d\u2019une attractivit\u00e9 suffisamment forte pour s\u00e9duire et attirer vers leurs universit\u00e9s ou leurs laboratoires et entreprises des personnes \u00e0 haut niveau de qualification \u00e0 la recherche de meilleures conditions de vie, de formation et de salaire et de l\u2019autre, des pays moins riches, africains et asiatiques, qui souffrent de ce ph\u00e9nom\u00e8ne qui \u00e9puise leurs ressources humaines et augmente leur retard en termes d\u2019essor \u00e9conomique et sociopolitique.<\/p>\n<p style=\"text-align: justify;\">Selon certaines sources (3) , pr\u00e8s d\u2019un million de personnes ont quitt\u00e9 (en 2004) leur pays d\u2019origine vers des pays plus riches; soit 15\u00a0% des dipl\u00f4m\u00e9s de l&rsquo;enseignement sup\u00e9rieur de ces pays. Les \u00c9tats-Unis (4) et les pays anglo-saxons en g\u00e9n\u00e9ral (Canada, Royaume-Uni), ainsi que certains pays europ\u00e9ens (France-Allemagne) continuent \u00e0 exercer une forte attraction sur les \u00e9lites et les comp\u00e9tences originaires du Sud.<\/p>\n<p style=\"text-align: justify;\">Mais il est vrai aussi que le mouvement des d\u00e9parts ou d\u2019expatriation va aussi du Nord vers le Nord (5). Toutefois, les motivations et les raisons qui poussent un citoyen europ\u00e9en \u00e0 s\u2019expatrier dans un autre pays occidental diff\u00e8rent de ceux d\u2019une personne du Sud vers ce m\u00eame pays et l\u2019accueil n\u2019est pas le m\u00eame\u00a0: \u2018\u2019un immigr\u00e9 entrera dans un pays \u00e9tranger plus pour des motivations sociales et politiques alors qu\u2019un expatri\u00e9 sera plus motiv\u00e9 par des raisons professionnelles et \u00e9conomiques\u2019\u2019.<\/p>\n<p style=\"text-align: justify;\">En effet, parmi les principales motivations qui poussent, par exemple, les fran\u00e7ais \u00e0 l\u2019expatriation, on retrouve les opportunit\u00e9s professionnelles, la valorisation d\u2019une \u00ab\u00a0exp\u00e9rience professionnelle \u00e0 l\u2019\u00e9tranger\u00a0\u00bb suivie g\u00e9n\u00e9ralement de celles du salaire et de l\u2019\u00e9volution de carri\u00e8re, voire m\u00eame le b\u00e9n\u00e9fice d\u2019un r\u00e9gime fiscal plus avantageux.<\/p>\n<p style=\"text-align: justify;\">Mais, si l\u2019impact de la fuite des comp\u00e9tences qualifi\u00e9es du Nord vers le Nord reste moins handicapant, car les retours sont fr\u00e9quents, celle du Sud vers le Nord rev\u00eat un caract\u00e8re plus d\u00e9stabilisant (6). Le nombre des d\u00e9parts reste nettement sup\u00e9rieur \u00e0 celui des retours.<\/p>\n<p style=\"text-align: justify;\">Pour juguler les effets de ce ph\u00e9nom\u00e8ne dommageable \u00e0 leur \u00e9conomique et pr\u00e9judiciables \u00e0 leur organisation sociale, les pays concern\u00e9s ont r\u00e9agi en mettant en \u0153uvre des politiques multisectorielles confi\u00e9es \u00e0 des institutions publiques et soutenues par diff\u00e9rents dispositifs juridiques, financiers et \u00e9conomiques.<\/p>\n<p style=\"text-align: justify;\">Le Maroc n\u2019a pas failli \u00e0 cette r\u00e8gle. Le nombre des jeunes dipl\u00f4m\u00e9s qui quittent le pays \u00e0 la recherche de situations professionnelles et sociales plus avantageuses n\u2019a cess\u00e9 de progresser. Aujourd\u2019hui la diaspora marocaine est l\u2019une des plus nombreuses\u00a0; pr\u00e8s de cinq millions d\u2019individus r\u00e9partis sur plusieurs dizaines de pays. Lorsqu\u2019on observe l\u2019apport en devise de cette diaspora \u00e0 l\u2019\u00e9conomie marocaine, il est heureux de constater que celui-ci est essentiel (7). Rien qu\u2019en 2017, les transferts de fonds ont atteint (source OCDE) 6,2 milliards d\u2019euros contre environ 5,9 milliards d\u2019euros en 2016.\u00a0 Et comme le souligne \u00e0 juste titre l\u2019ex-ministre charg\u00e9 des Marocains r\u00e9sidant \u00e0 l\u2019\u00e9tranger et des Affaires de la Migration, Abdelkrim Benatiq (8), il est <i>\u00ab impossible de concevoir une dynamique \u00e9conomique sans la contribution des MRE <\/i>\u00bb.<\/p>\n<p style=\"text-align: justify;\">En effet, les transferts de devises ont permis de couvrir 64% du d\u00e9ficit commercial du Maroc. Plus de deux millions de personnes sont soutenues par un membre de la famille install\u00e9 dans les diff\u00e9rents pays de r\u00e9sidence. La valorisation et l\u2019optimisation des transferts de fonds de la diaspora marocaine\u00a0doivent par cons\u00e9quent faire l\u2019objet d\u2019une politique nouvelle destin\u00e9e en priorit\u00e9 \u00e0 att\u00e9nuer les effets des contraintes techniques et juridiques qui agissent comme un frein \u00e0 l\u2019investissement et \u00e0 l\u2019entreprenariat des membres de la diaspora marocaine.<\/p>\n<p style=\"text-align: justify;\"><b>Valorisation du capital humain<\/b><\/p>\n<p style=\"text-align: justify;\">Au-del\u00e0 de cette donn\u00e9e \u00e9conomique et financi\u00e8re les questions qui m\u00e9ritent d\u2019\u00eatre \u00e9galement pos\u00e9es ici sont directement li\u00e9es au probl\u00e8me de la valorisation du capital humain:<\/p>\n<ul style=\"text-align: justify;\">\n<li>Quelles sont les dispositifs et les strat\u00e9gies d\u00e9ploy\u00e9s par le Maroc pour favoriser le retour au pays de comp\u00e9tences marocaines qui souhaitent revenir ?<\/li>\n<li>Quelles mesures sont prises pour contrer le d\u00e9part vers l\u2019\u00e9tranger des comp\u00e9tences marocaines jeunes et qualifi\u00e9es\u00a0?<\/li>\n<\/ul>\n<p style=\"text-align: justify;\">Il n\u2019est plus \u00e0 d\u00e9montrer aujourd\u2019hui que les effets de la fuite de ces comp\u00e9tences et le non-retour au pays des membres de la diaspora sur l\u2019\u00e9conomie marocaine, et en mati\u00e8re d\u2019innovation et de recherche, sont consid\u00e9rables.<\/p>\n<p style=\"text-align: justify;\">Si la philosophie g\u00e9n\u00e9rale concernant l\u2019importance de la migration en tant que levier de croissance a \u00e9t\u00e9 bien comprise par les responsables marocains, on ne peut pas en dire autant des moyens mis en \u0153uvre ni des strat\u00e9gies mobilis\u00e9es pour impliquer les comp\u00e9tences de la diaspora dans le processus de d\u00e9veloppement. De nombreux freins restent actionn\u00e9s et la confiance a du mal \u00e0 s\u2019instaurer en mati\u00e8re notamment d\u2019investissement.<\/p>\n<p style=\"text-align: justify;\">Et pourtant, la vision royale (9) est limpide \u00e0 ce sujet. La feuille de route visant \u00e0 inverser la tendance a \u00e9t\u00e9 en effet clairement d\u00e9finie dans de nombreux discours du Roi. C\u2019est le cas, \u00e0 titre d\u2019exemple, lors du discours royal du 13 octobre 2017 o\u00f9 il \u00e9tait question d\u2019un mod\u00e8le de d\u00e9veloppement national con\u00e7u selon une approche participative, incluant toutes les composantes de la soci\u00e9t\u00e9, y compris les partis politiques, la soci\u00e9t\u00e9 civile, l\u2019administration publique et l\u2019entreprise. L\u2019objectif de ce mod\u00e8le \u00e9tant de mettre en place une soci\u00e9t\u00e9 attractive qui offrent les meilleures et les plus s\u00e9rieuses opportunit\u00e9s aux comp\u00e9tences de sa diaspora, une soci\u00e9t\u00e9 capable de retenir ses comp\u00e9tences et ses jeunes \u00e9lites en leur offrant les meilleures chances d\u2019\u00e9panouissement.<\/p>\n<p style=\"text-align: justify;\">\u00c0 diff\u00e9rentes reprises, \u00e0 l\u2019occasion du discours du 29 juillet 2018 et de celui du 12 octobre 2018 prononc\u00e9 \u00e0 l\u2019occasion de la rentr\u00e9e parlementaire, le Roi est revenu sur le sujet, signalant la n\u00e9cessit\u00e9 de la mise en \u0153uvre de r\u00e9formes \u00e9conomiques et sociales ambitieuses. Malheureusement, les partis de la coalition gouvernementale n\u2019ont pas pu se mettre d\u2019accord sur un m\u00e9morandum commun relatif \u00e0 la vision sur le nouveau mod\u00e8le de d\u00e9veloppement. Ce qui explique que jusqu\u2019\u00e0 ce jour, on n\u2019a pas de document qui donne les directions et les orientations essentielles qui constitueront l\u2019armature ou le socle du nouveau mod\u00e8le de d\u00e9veloppement national.<\/p>\n<p style=\"text-align: justify;\">La crise sanitaire a certes impos\u00e9 \u00e0 tous les d\u00e9cideurs et les acteurs sociaux \u00e9conomiques un contexte particulier et de r\u00e9elles contraintes. Cette crise, qui a renvers\u00e9 les donnes, impose au gouvernement de revoir les priorit\u00e9s nationales. Ainsi, et compte tenu des cons\u00e9quences et des incidences de cette crise sur l\u2019\u00e9conomie et les rapports sociaux, et des incertitudes de l\u2019apr\u00e8s COVID-19, le Maroc a besoin plus que jamais de sa diaspora pour relever le d\u00e9fi de d\u00e9veloppement \u00e9conomique et humain.<\/p>\n<p style=\"text-align: justify;\">Le Maroc peut certes profiter des moyens technologiques pour faire participer \u00e0 distance sa diaspora \u00e0 ses diff\u00e9rents chantiers de d\u00e9veloppement. Mais il a surtout int\u00e9r\u00eat \u00e0 favoriser, par une politique forte d\u2019encouragement, l\u2019int\u00e9gration effective de cette diaspora dans le processus \u00e9conomique et politique. La diaspora est un capital humain riche en savoir, en savoir-faire et en exp\u00e9riences acquises au contact des soci\u00e9t\u00e9s d\u2019accueil.<\/p>\n<p style=\"text-align: justify;\">Mais le d\u00e9veloppement du capital humain passe non seulement par des r\u00e9formes institutionnelles profondes aux niveaux de la formation et de l\u2019\u00e9ducation, des droits et des libert\u00e9s publiques, de la justice \u00e9conomique et sociale, mais \u00e9galement par une remise en cause des facteurs de r\u00e9pulsion qui incitent et poussent les dipl\u00f4m\u00e9s et les personnes qualifi\u00e9es \u00e0 s\u2019expatrier. Le Maroc doit donc favoriser la mise en place de m\u00e9canismes (politiques, juridiques, financiers) \u00e0 m\u00eame d\u2019encourager le retour des comp\u00e9tences au pays et de permettre \u00e0 des sp\u00e9cialistes marocains d\u2019exercer leurs capacit\u00e9s et savoirs techniques dans les secteurs et institutions cl\u00e9s du pays.<\/p>\n<p style=\"text-align: justify;\">Il doit aussi veiller au transfert vers ses propres entreprises et laboratoires des nouvelles technologies num\u00e9riques et les connaissances scientifiques par le biais des marocains expatri\u00e9s. Il doit aussi diffuser la production scientifique au sein de ses universit\u00e9s, participer de mani\u00e8re active \u00e0 la recherche scientifique et multiplier les activit\u00e9s d\u2019expertise au profit du Maroc.<\/p>\n<p style=\"text-align: justify;\">En somme, il existe des solutions susceptibles de cr\u00e9er une connexion entre le Maroc et les membres de sa diaspora les plus hautement qualifi\u00e9e pour que le \u00ab<i>brain drain<\/i>\u00bb (fuite des cerveaux) devienne \u00ab<i>Brain gain<\/i>\u00bb (acquisition de comp\u00e9tences). Globalement, il y a deux fa\u00e7ons de r\u00e9aliser le <i>Brain gain <\/i>: soit par le retour des expatri\u00e9s dans leur pays d\u2019origine (option \u201cretour\u201d), soit par leur mobilisation en les associant \u00e0 distance au d\u00e9veloppement de leur pays d\u2019origine (option \u201cdiaspora\u201d).<\/p>\n<p style=\"text-align: justify;\">L\u2019option \u201cretour\u201d a \u00e9t\u00e9 r\u00e9alis\u00e9e avec succ\u00e8s dans divers pays nouvellement industrialis\u00e9s tels que Singapour, Taiwan, Hong Kong et la Cor\u00e9e du Sud. Le bilan global de ce type d\u2019initiatives et de programmes, a donn\u00e9 des r\u00e9sultats encourageants. Le Maroc peut s\u2019en inspirer.<\/p>\n<p style=\"text-align: justify;\">L\u2019exemple de la Chine et de l\u2019Inde sont \u00e0 ce propos \u00e9loquents (10) .<\/p>\n<p style=\"text-align: justify;\">La Chine a r\u00e9ussi \u00e0 renverser la tendance en cr\u00e9ant un \u00e9cosyst\u00e8me technologique dynamique et en s\u2019appuyant sur le succ\u00e8s de g\u00e9ants locaux tels que Alibaba et Huawei.<\/p>\n<p style=\"text-align: justify;\">Le cas de l\u2019Inde (11) est \u00e9galement significatif. Actuellement, plusieurs indiens ont pris les r\u00e8gnes des g\u00e9ants am\u00e9ricains entre autres, Google ou Microsoft. En quelques ann\u00e9es, l\u2019inde est devenue l\u2019une des principales destinations en termes d\u2019offshoring. Pour endiguer la fuite des cerveaux le gouvernement indien, exige des \u00e9tudiants en m\u00e9decine qui partent \u00e0 l\u2019\u00e9tranger de signer un contrat promettant de revenir en Inde apr\u00e8s avoir termin\u00e9 leurs \u00e9tudes.<\/p>\n<p style=\"text-align: justify;\"><b>Les atouts du Maroc<\/b><\/p>\n<p style=\"text-align: justify;\">Le Maroc a sans doute des atouts \u00e0 faire valoir. Mais, pour renverser la tendance en sa faveur et garder ses \u00e9lites, plusieurs mesures s\u2019imposent\u00a0:<\/p>\n<p style=\"text-align: justify;\">&#8211; La mise en place de r\u00e9formes institutionnelles pour inciter l\u2019investissement et l\u2019entrepreneuriat pour encourager le partenariat public-priv\u00e9\u00a0;<\/p>\n<p style=\"text-align: justify;\">&#8211; Valorisation du m\u00e9rite et de la comp\u00e9tence\u00a0;<\/p>\n<p style=\"text-align: justify;\">&#8211; Am\u00e9lioration de la qualit\u00e9 de la formation, particuli\u00e8rement en entrepreneuriat au profit des jeunes marocains tent\u00e9s de quitter le pays faute d\u2019emploi\u00a0;<\/p>\n<p style=\"text-align: justify;\">&#8211; Cr\u00e9ation d\u2019un socle d\u2019interconnexion propice \u00e0 la mobilit\u00e9 et aux \u00e9changes de savoirs.<\/p>\n<p style=\"text-align: justify;\">&#8211; Favoriser la circulation du savoir entre les comp\u00e9tences de la diaspora marocaine et les structures locales en vue de relancer ou de cr\u00e9er des dynamiques de d\u00e9veloppement au niveau du territoire, de la commune ou de la religion\u00a0;<\/p>\n<p style=\"text-align: justify;\">&#8211; Inciter les repr\u00e9sentations diplomatiques du Maroc \u00e0 l\u2019\u00e9tranger \u00e0 intensifier la diplomatie culturelle et favoriser la politique de proximit\u00e9 avec les jeunes g\u00e9n\u00e9rations des marocains afin de renforcer leurs liens avec le pays d\u2019origine\u00a0;<\/p>\n<p style=\"text-align: justify;\">&#8211; Offrir un environnement attractif, juridiquement s\u00e9curis\u00e9, aussi bien aux marocains de l\u2019\u00e9tranger d\u00e9sireux de revenir au pays qu\u2019aux locaux d\u00e9cid\u00e9s d\u2019y rester\u00a0;<\/p>\n<p style=\"text-align: justify;\">&#8211; Encourager les partenariats avec des centres de recherche \u00e9trangers et permettre aux chercheurs marocains d\u2019y trouver leur place. C\u2019est une possibilit\u00e9 s\u00e9rieuse de nature \u00e0 valoriser le capital humain existant.<\/p>\n<p style=\"text-align: justify;\">En tout \u00e9tat de cause, il faut \u00e9tablir\/r\u00e9tablir la confiance entre les hommes politiques marocains et les op\u00e9rateurs \u00e9conomiques mais aussi les membres de la diaspora marocaine. Abdellatif Jouahri, Gouverneur Wali de Bank Al-Maghrib, n\u2019a pas h\u00e9sit\u00e9 \u00e0 souligner que le contexte politique actuel inspire peu de confiance. Il va sans dire que ce type de climat anxiog\u00e8ne am\u00e8ne les op\u00e9rateurs \u00e9conomiques \u00e0 prendre moins de risques et pousse les comp\u00e9tences \u00e0 quitter le pays \u00e0 la recherche d\u2019un environnement plus favorable et o\u00f9 ils puissent s\u2019\u00e9panouir.<\/p>\n<p style=\"text-align: justify;\">L\u2019APEBI (la F\u00e9d\u00e9ration marocaine des Technologies de l&rsquo;Information, des T\u00e9l\u00e9communications et de l&rsquo;Offshoring) qui a lanc\u00e9 un institut pour permettre la reconversion d\u2019un nombre d\u2019ing\u00e9nieurs vers les m\u00e9tiers d\u2019avenir, sugg\u00e8re la r\u00e9alisation d\u2019un diagnostic, afin de d\u00e9celer les vrais probl\u00e8mes qui font mal \u00e0 notre \u00e9conomie. C\u2019est un fait, la fuite des cerveaux et des comp\u00e9tences qualifi\u00e9es constitue ind\u00e9niablement l\u2019un de ces probl\u00e8mes majeurs qui contrarient l\u2019essor \u00e9conomique du pays.<\/p>\n<p style=\"text-align: justify;\">On parle souvent de ceux qui quittent le Maroc, mais on ne parle que rarement des marocains qui ont d\u00e9cid\u00e9 de retourner au Maroc et qui y enregistrent de r\u00e9elles r\u00e9ussites. Il y a aussi le cas des \u00e9trangers, hautement qualifi\u00e9s, qui s\u2019installent au Maroc pour des raisons \u00e9conomiques. Entre 2004 et 2014, leur nombre est pass\u00e9 de 30\u00a0000 \u00e0 80\u00a0000. Ce ph\u00e9nom\u00e8ne est li\u00e9 principalement au d\u00e9veloppement au Maroc de l\u2019offshoring qui repr\u00e9sente le deuxi\u00e8me plus grand cr\u00e9ateur d\u2019emploi au Maroc. C\u2019est m\u00eame, selon les sp\u00e9cialistes, le champion du plan d\u2019acc\u00e9l\u00e9ration industriel avec un chiffre d\u2019affaire qui progresse de plus de 25% chaque ann\u00e9e.<\/p>\n<p style=\"text-align: justify;\">Enfin, le Maroc est appel\u00e9 \u00e0 d\u00e9velopper son propre capital humain, non seulement en mettant en \u0153uvre des r\u00e9formes audacieuses dans les domaines de la formation et de l\u2019\u00e9ducation, mais \u00e9galement en proc\u00e9dant \u00e0 une remise en cause totale des facteurs de r\u00e9pulsion (corruption, lenteur administrative, libert\u00e9 d\u2019action et d\u2019innovation) qui emp\u00eachent les investisseurs \u00e9trangers et les porteurs de projets de franchir le pas de l\u2019installation d\u00e9finitive au Maroc. L\u2019incitation des dipl\u00f4m\u00e9s et des personnes qualifi\u00e9es \u00e0 rester dans le pays pour contribuer \u00e0 son d\u00e9veloppement passe par tous ces efforts et a besoin de changements profonds.<\/p>\n<p style=\"text-align: justify;\"><b>Notes\u00a0 :<\/b><\/p>\n<p style=\"text-align: left;\"><i>(1) \u00c0 noter que d\u2019autres concepts sont utilis\u00e9s par les \u00e9conomistes ou d\u2019autres sp\u00e9cialistes pour d\u00e9signer le m\u00eame ph\u00e9nom\u00e8ne, tels que \u2018\u2019exode des cerveaux\u2019\u2019 ou \u2018\u2019fuite du capital humain\u2019\u2019 <\/i><\/p>\n<p style=\"text-align: left;\"><i>(2) Selon certaines sources\u00a0: le nombre de migrants internationaux est en constante augmentation. Il passe d&rsquo;environ 150 millions de personnes en 2000, \u00e0 230 millions en 2014 (analyse des stocks)\u00a0\u00bb. Cf\u00a0:\u00a0 V\u00e9ronique Ancey, G\u00e9rard Azoulay, Chantal Crenn, Daniel Dormoy, Andr\u00e9 Mangu, Andr\u00e9 Thomashausen, Mobilit\u00e9s et migrations. Figures et enjeux contemporains, \u00c9ditions Harmattan, 2014, p.\u00a016<\/i><\/p>\n<p style=\"text-align: left;\"><i>(3) Gaston-Jonas Kouvibidila, La fuite des cerveaux africains, le drame d\u2019un continent r\u00e9servoir, \u00c9d. Harmattan, 2009<\/i><\/p>\n<p style=\"text-align: left;\"><i>(4) Au d\u00e9but des ann\u00e9es 1930, le c\u00e9l\u00e8bre scientifique et physicien allemand\u00a0 Albert Einstein a fui vers les Etats Unis. <\/i><\/p>\n<p style=\"text-align: left;\"><i>(5) A-M Gaillard et J. Gaillard, Les enjeux des migrations scientifiques internationales. De la qu\u00eate des savoirs \u00e0 la circulation des comp\u00e9tences, Paris, Harmattan, 1999<\/i><\/p>\n<p style=\"text-align: left;\"><i>(6) Fr\u00e9d\u00e9ric Docquier, \u00ab\u00a0Fuite des cerveaux et in\u00e9galit\u00e9s entre pays\u00a0\u00bb, Revue d&rsquo;\u00e9conomie du d\u00e9veloppement, ? f\u00e9vrier 2007, p.\u00a049-88<\/i><\/p>\n<p style=\"text-align: left;\"><i>(7) Zakya Daoud, Marocains des deux rives, Paris, Ed. L\u2019Atelier, coll.\u00a0\u00ab\u00a0Les acteurs du d\u00e9veloppement\u00a0\u00bb, 1997, 171\u00a0p<\/i><\/p>\n<p style=\"text-align: left;\"><i>(8) \u00ab\u00a0Benatik courtise les Marocains de Belgique\u00a0\u00bb, L&rsquo;\u00c9conomiste,? 22 mars 2019<\/i><\/p>\n<p style=\"text-align: left;\"><i>(9) Fouad Laroui, \u00ab\u00a0Mohammed VI et les Marocains du monde\u00a0\u00bb, Jeune Afrique,? 5 ao\u00fbt 2014<\/i><\/p>\n<p style=\"text-align: left;\"><i>(10) William Berthomi\u00e8re et Christine Chivallon (dir.), Les diasporas dans le monde contemporain, Paris, Karthala, 2006<\/i><\/p>\n<p style=\"text-align: left;\"><i>(11) Brij V. Lal, (Sous la direction de), Encyclop\u00e9die de la diaspora indienne, \u00c9ditions du Pacifique, 2008.<\/i><\/p>\n<p><i>Par Azeddine Mraizika,\u00a0 Professeur \u00e0 l\u2019universit\u00e9 Sultan Moulay Slimane de Beni-Mellal, pour Maghreb Canada Express, <em> Vol. XVIII, N\u00b011 , pages 6-7, Novembre 2020.<\/em><br \/>\n<\/i><\/p>\n<h3 style=\"text-align: justify;\"><a href=\"http:\/\/www.maghreb-canada.ca\/journal\/2020\/MCE206-11-2020.pdf\">LIRE L\u2019\u00c9DITION DU MOIS DE NOVEMBRE 2020<\/a><\/h3>\n<div class=\"textwidget\">\n<p style=\"text-align: justify;\"><a href=\"http:\/\/www.maghreb-canada.ca\/journal\/2020\/MCE206-11-2020.pdf\"> <img loading=\"lazy\" decoding=\"async\" class=\"style1\" src=\"http:\/\/www.maghreb-canada.ca\/journal\/2020\/n206.JPG\" alt=\"Maghreb Canada Express\" width=\"176\" height=\"239\" \/><\/a><\/p>\n<\/div>\n","protected":false},"excerpt":{"rendered":"<p>Depuis les ann\u00e9es soixante les sociologues utilisent le concept de \u2018\u2019 fuite des cerveaux\u2019\u2019 (1) pour d\u00e9signer un ph\u00e9nom\u00e8ne qui a touch\u00e9 de nombreux pays et dont les effets sur leur structure sociale, leur d\u00e9veloppement \u00e9conomique et humain et la construction de l\u2019\u00c9tat de droit, sont consid\u00e9rables (2). Les nombreuses \u00e9tudes qui se sont int\u00e9ress\u00e9es [&hellip;]<\/p>\n","protected":false},"author":1,"featured_media":4812,"comment_status":"closed","ping_status":"closed","sticky":false,"template":"","format":"standard","meta":{"footnotes":""},"categories":[6,8],"tags":[],"class_list":["post-4970","post","type-post","status-publish","format-standard","has-post-thumbnail","hentry","category-maghreb","category-numero-du-mois"],"_links":{"self":[{"href":"https:\/\/maroc-canada.ca\/index.php?rest_route=\/wp\/v2\/posts\/4970","targetHints":{"allow":["GET"]}}],"collection":[{"href":"https:\/\/maroc-canada.ca\/index.php?rest_route=\/wp\/v2\/posts"}],"about":[{"href":"https:\/\/maroc-canada.ca\/index.php?rest_route=\/wp\/v2\/types\/post"}],"author":[{"embeddable":true,"href":"https:\/\/maroc-canada.ca\/index.php?rest_route=\/wp\/v2\/users\/1"}],"replies":[{"embeddable":true,"href":"https:\/\/maroc-canada.ca\/index.php?rest_route=%2Fwp%2Fv2%2Fcomments&post=4970"}],"version-history":[{"count":1,"href":"https:\/\/maroc-canada.ca\/index.php?rest_route=\/wp\/v2\/posts\/4970\/revisions"}],"predecessor-version":[{"id":4971,"href":"https:\/\/maroc-canada.ca\/index.php?rest_route=\/wp\/v2\/posts\/4970\/revisions\/4971"}],"wp:featuredmedia":[{"embeddable":true,"href":"https:\/\/maroc-canada.ca\/index.php?rest_route=\/wp\/v2\/media\/4812"}],"wp:attachment":[{"href":"https:\/\/maroc-canada.ca\/index.php?rest_route=%2Fwp%2Fv2%2Fmedia&parent=4970"}],"wp:term":[{"taxonomy":"category","embeddable":true,"href":"https:\/\/maroc-canada.ca\/index.php?rest_route=%2Fwp%2Fv2%2Fcategories&post=4970"},{"taxonomy":"post_tag","embeddable":true,"href":"https:\/\/maroc-canada.ca\/index.php?rest_route=%2Fwp%2Fv2%2Ftags&post=4970"}],"curies":[{"name":"wp","href":"https:\/\/api.w.org\/{rel}","templated":true}]}}