{"id":55,"date":"2013-01-22T12:11:00","date_gmt":"2013-01-22T17:11:00","guid":{"rendered":"http:\/\/maroc-canada.ca\/?p=55"},"modified":"2013-03-25T18:39:28","modified_gmt":"2013-03-25T22:39:28","slug":"le-canada-dans-le-congelateur","status":"publish","type":"post","link":"https:\/\/maroc-canada.ca\/?p=55","title":{"rendered":"Le Canada dans le cong\u00e9lateur"},"content":{"rendered":"<p><a href=\"http:\/\/maroc-canada.ca\/?attachment_id=56\" rel=\"attachment wp-att-56\"><img loading=\"lazy\" decoding=\"async\" class=\"size-medium wp-image-56 alignleft\" alt=\"Canada froid\" src=\"http:\/\/maroc-canada.ca\/wp-content\/uploads\/2013\/01\/Verdun-17-01-12-7-300x200.jpg\" width=\"300\" height=\"200\" srcset=\"https:\/\/maroc-canada.ca\/wp-content\/uploads\/2013\/01\/Verdun-17-01-12-7-300x200.jpg 300w, https:\/\/maroc-canada.ca\/wp-content\/uploads\/2013\/01\/Verdun-17-01-12-7-1024x683.jpg 1024w\" sizes=\"auto, (max-width: 300px) 100vw, 300px\" \/><\/a>Des alertes de froid intense sont en vigueur pour plusieurs provinces et territoires canadiens. Le mercure frappe de nombreuses r\u00e9gions de Winnipeg \u00e0 Qu\u00e9bec et de Thunder Bay \u00e0\u00a0Yellowknife.<\/p>\n<p id=\"contentMain_contentMain_DocumentChapitres1_rptChapitres_ctl00_0_rptParagraphes_0_pTexte_1\">Il fait notamment -33 degr\u00e9s \u00e0 Roberval, -29 \u00e0 Winnipeg, -28 \u00e0 Yellowknife et -25 \u00e0 Iqaluit. Des alertes de froid intense sont en vigueur pour les provinces et territoires suivant:<\/p>\n<ul>\n<li><a href=\"http:\/\/www.radio-canada.ca\/regions\/manitoba\/2013\/01\/22\/001-froid-arctique-mardi.shtml\" target=\"_blank\">Manitoba<\/a><\/li>\n<li><a href=\"http:\/\/www.radio-canada.ca\/regions\/Ontario\/2013\/01\/22\/001-froid-avertissements-ontario.shtml?isAutoPlay=1\" target=\"_blank\">Ontario<\/a><\/li>\n<li>Qu\u00e9bec<\/li>\n<li>Terre-Neuve-et-Labrador<\/li>\n<li>Nouvelle-\u00c9cosse<\/li>\n<li>Nunavut<\/li>\n<li>Yukon<\/li>\n<\/ul>\n<p id=\"contentMain_contentMain_DocumentChapitres1_rptChapitres_ctl00_0_rptParagraphes_0_pTexte_2\">La vague de froid s&rsquo;intensifiera encore au cours de la journ\u00e9e de mercredi, qui devrait \u00eatre la plus froide de la\u00a0semaine.<\/p>\n<p id=\"contentMain_contentMain_DocumentChapitres1_rptChapitres_ctl00_0_rptParagraphes_0_pTexte_3\">Le froid intense cause des probl\u00e8mes, notamment aux gens qui travaillent \u00e0 l&rsquo;ext\u00e9rieur, comme les matelots, les travailleurs de la construction et les \u00e9boueurs. Certains chantiers de construction doivent m\u00eame \u00eatre ferm\u00e9s puisque certains mat\u00e9riaux, comme le b\u00e9ton, ne peuvent \u00eatre manipul\u00e9s par temps aussi\u00a0froid.<\/p>\n<p id=\"contentMain_contentMain_DocumentChapitres1_rptChapitres_ctl00_0_rptParagraphes_0_pTexte_4\"><b>Hydro-Qu\u00e9bec appelle \u00e0 la retenue<\/b><\/p>\n<p id=\"contentMain_contentMain_DocumentChapitres1_rptChapitres_ctl00_0_rptParagraphes_0_pTexte_5\">La consommation d&rsquo;\u00e9nergie conna\u00eet des sommets en cette p\u00e9riode de grand froid. Toutefois, Hydro-Qu\u00e9bec ne signale aucune panne en ce moment. \u00ab\u00a0Le froid n&rsquo;entra\u00eene pas une augmentation du nombre de pannes\u00a0\u00bb, explique le porte-parole d&rsquo;Hydro-Qu\u00e9bec, Patrice\u00a0Lavoie.<\/p>\n<p id=\"contentMain_contentMain_DocumentChapitres1_rptChapitres_ctl00_0_rptParagraphes_0_pTexte_6\">Hydro-Qu\u00e9bec demande \u00e0 ses clients d&rsquo;\u00e9viter de trop solliciter son r\u00e9seau en prenant certaines mesures simples de la vie quotidienne. Les abonn\u00e9s peuvent maintenir la temp\u00e9rature ambiante de la maison &#8211; particuli\u00e8rement dans les pi\u00e8ces inutilis\u00e9es &#8211; un degr\u00e9 sous la normale pour \u00e9conomiser l&rsquo;\u00e9nergie allou\u00e9e au chauffage. Plus de la moiti\u00e9 des factures d&rsquo;\u00e9lectricit\u00e9 est attribuable au chauffage au Qu\u00e9bec, selon M.\u00a0Lavoie.<\/p>\n<p id=\"contentMain_contentMain_DocumentChapitres1_rptChapitres_ctl00_0_rptParagraphes_0_pTexte_7\">La soci\u00e9t\u00e9 d&rsquo;\u00c9tat recommande \u00e9galement d&rsquo;\u00e9viter d&rsquo;utiliser les lave-vaisselle et les s\u00e9cheuses et de limiter la consommation d&rsquo;eau chaude en p\u00e9riode de pointe, soit de 7\u00a0h \u00e0 9\u00a0h le matin et de 16\u00a0h \u00e0 20\u00a0h le\u00a0soir.<\/p>\n<p id=\"contentMain_contentMain_DocumentChapitres1_rptChapitres_ctl00_0_rptParagraphes_0_pTexte_8\"><b>Des trucs pour que la voiture d\u00e9marre<\/b><\/p>\n<p id=\"contentMain_contentMain_DocumentChapitres1_rptChapitres_ctl00_0_rptParagraphes_0_pTexte_9\">\u00ab\u00a0\u00c0 partir de -24 degr\u00e9s, on voit le nombre d&rsquo;appels augmenter\u00a0\u00bb, explique le porte-parole de CAA-Qu\u00e9bec, C\u00e9dric Essiminy. Il ajoute que les composantes des voitures ne sont pas affect\u00e9es par les facteurs \u00e9oliens et humidex que nous ajoutons \u00e0 la mesure de la temp\u00e9rature dans nos bulletins de\u00a0m\u00e9t\u00e9o.\u00a0 <a href=\"http:\/\/www.radio-canada.ca\/nouvelles\/environnement\/2013\/01\/22\/002-froid-refuges-hydroquebec.shtml\">Lire la suite &#8230;<\/a><\/p>\n<p>Source : Radio Canada<\/p>\n","protected":false},"excerpt":{"rendered":"<p>Des alertes de froid intense sont en vigueur pour plusieurs provinces et territoires canadiens. Le mercure frappe de nombreuses r\u00e9gions de Winnipeg \u00e0 Qu\u00e9bec et de Thunder Bay \u00e0\u00a0Yellowknife. Il fait notamment -33 degr\u00e9s \u00e0 Roberval, -29 \u00e0 Winnipeg, -28 \u00e0 Yellowknife et -25 \u00e0 Iqaluit. Des alertes de froid intense sont en vigueur pour [&hellip;]<\/p>\n","protected":false},"author":1,"featured_media":56,"comment_status":"closed","ping_status":"open","sticky":false,"template":"","format":"standard","meta":{"footnotes":""},"categories":[4],"tags":[],"class_list":["post-55","post","type-post","status-publish","format-standard","has-post-thumbnail","hentry","category-canada"],"_links":{"self":[{"href":"https:\/\/maroc-canada.ca\/index.php?rest_route=\/wp\/v2\/posts\/55","targetHints":{"allow":["GET"]}}],"collection":[{"href":"https:\/\/maroc-canada.ca\/index.php?rest_route=\/wp\/v2\/posts"}],"about":[{"href":"https:\/\/maroc-canada.ca\/index.php?rest_route=\/wp\/v2\/types\/post"}],"author":[{"embeddable":true,"href":"https:\/\/maroc-canada.ca\/index.php?rest_route=\/wp\/v2\/users\/1"}],"replies":[{"embeddable":true,"href":"https:\/\/maroc-canada.ca\/index.php?rest_route=%2Fwp%2Fv2%2Fcomments&post=55"}],"version-history":[{"count":7,"href":"https:\/\/maroc-canada.ca\/index.php?rest_route=\/wp\/v2\/posts\/55\/revisions"}],"predecessor-version":[{"id":652,"href":"https:\/\/maroc-canada.ca\/index.php?rest_route=\/wp\/v2\/posts\/55\/revisions\/652"}],"wp:featuredmedia":[{"embeddable":true,"href":"https:\/\/maroc-canada.ca\/index.php?rest_route=\/wp\/v2\/media\/56"}],"wp:attachment":[{"href":"https:\/\/maroc-canada.ca\/index.php?rest_route=%2Fwp%2Fv2%2Fmedia&parent=55"}],"wp:term":[{"taxonomy":"category","embeddable":true,"href":"https:\/\/maroc-canada.ca\/index.php?rest_route=%2Fwp%2Fv2%2Fcategories&post=55"},{"taxonomy":"post_tag","embeddable":true,"href":"https:\/\/maroc-canada.ca\/index.php?rest_route=%2Fwp%2Fv2%2Ftags&post=55"}],"curies":[{"name":"wp","href":"https:\/\/api.w.org\/{rel}","templated":true}]}}