{"id":575,"date":"2013-03-14T23:01:04","date_gmt":"2013-03-15T03:01:04","guid":{"rendered":"http:\/\/maroc-canada.ca\/?p=575"},"modified":"2013-03-25T18:32:42","modified_gmt":"2013-03-25T22:32:42","slug":"rabat-convoque-lambassadeur-despagne-sur-la-mort-de-migrants-marocains","status":"publish","type":"post","link":"https:\/\/maroc-canada.ca\/?p=575","title":{"rendered":"Rabat convoque l&rsquo;ambassadeur d&rsquo;Espagne apr\u00e8s la mort de migrants marocains"},"content":{"rendered":"<div>\n<p>Le Maroc a annonc\u00e9,<a href=\"http:\/\/maroc-canada.ca\/?attachment_id=576\" rel=\"attachment wp-att-576\"><img loading=\"lazy\" decoding=\"async\" class=\"size-medium wp-image-576 alignleft\" alt=\"migrants-marocains\" src=\"http:\/\/maroc-canada.ca\/wp-content\/uploads\/2013\/03\/migrants-marocains-300x122.jpg\" width=\"300\" height=\"122\" \/><\/a> le 14 mars 2013, avoir convoqu\u00e9 l&rsquo;ambassadeur d&rsquo;Espagne \u00e0 Rabat apr\u00e8s la diffusion d&rsquo;une vid\u00e9o montrant un navire de la police espagnole heurter une embarcation de migrants au large des Canaries, un incident qui aurait entra\u00een\u00e9 la noyade de sept Marocains.<\/p>\n<p>La vid\u00e9o a \u00e9t\u00e9 diffus\u00e9e sur internet au cours des derniers jours par le quotidien espagnol El Pais et reprise au Maroc par le site internet \u00ab\u00a0Lakome\u00a0\u00bb. Elle montre un navire de la Guardia Civil heurtant une embarcation de candidats marocains \u00e0 l&rsquo;\u00e9migration, au large de Lanzarote (Canaries, Espagne).<\/p>\n<p>Sept Marocains sont morts noy\u00e9s dans cet incident survenu en d\u00e9cembre, selon les m\u00e9dias et un communiqu\u00e9 du minist\u00e8re marocain cit\u00e9 par l&rsquo;agence MAP.<\/p>\n<p>\u00ab\u00a0Il a \u00e9t\u00e9 convenu avec le diplomate espagnol de mettre \u00e0 la disposition du Maroc tous les documents et informations en rapport avec cette question sensible\u00a0\u00bb, indique le minist\u00e8re dans son communiqu\u00e9.<\/p>\n<p>Soulignant son souci de \u00ab\u00a0coop\u00e9ration\u00a0\u00bb dans cette affaire, l&rsquo;ambassade d&rsquo;Espagne a indiqu\u00e9 \u00e0 l&rsquo;AFP qu&rsquo;elle r\u00e9pondrait \u00e0 cette demande \u00ab\u00a0en toute transparence\u00a0\u00bb.<\/p>\n<p>Des migrants clandestins &#8211;le plus souvent originaires d&rsquo;Afrique noire&#8211; tentent r\u00e9guli\u00e8rement de gagner l&rsquo;Espagne par la mer depuis le Maroc, sur des canots de fortune, et la gestion de cette question constitue un dossier sensible entre les deux royaumes.<\/p>\n<p>Les Canaries ne sont distantes que de quelques dizaines de km du continent africain, mais la plupart des tentatives de travers\u00e9e se font d\u00e9sormais en M\u00e9diterran\u00e9e, depuis les c\u00f4tes septentrionales du Maroc.<\/p>\n<p>Malgr\u00e9 ce dossier, et le contentieux sur les enclaves espagnoles de Ceuta et Melilla, les relations entre les deux voisins ont connu une r\u00e9cente embellie: l&rsquo;Espagne, dont le chef du gouvernement consacre traditionnellement au Maroc sa premi\u00e8re visite \u00e0 l&rsquo;\u00e9tranger, est devenue l&rsquo;an dernier son premier partenaire commercial.<\/p>\n<p>Le roi Juan Carlos devait en outre se rendre au d\u00e9but du mois \u00e0 Rabat, mais ce d\u00e9placement a \u00e9t\u00e9 report\u00e9 pour raisons de sant\u00e9.<\/p>\n<\/div>\n<p>AFP<\/p>\n","protected":false},"excerpt":{"rendered":"<p>Le Maroc a annonc\u00e9, le 14 mars 2013, avoir convoqu\u00e9 l&rsquo;ambassadeur d&rsquo;Espagne \u00e0 Rabat apr\u00e8s la diffusion d&rsquo;une vid\u00e9o montrant un navire de la police espagnole heurter une embarcation de migrants au large des Canaries, un incident qui aurait entra\u00een\u00e9 la noyade de sept Marocains. La vid\u00e9o a \u00e9t\u00e9 diffus\u00e9e sur internet au cours des [&hellip;]<\/p>\n","protected":false},"author":1,"featured_media":0,"comment_status":"closed","ping_status":"open","sticky":false,"template":"","format":"standard","meta":{"footnotes":""},"categories":[5],"tags":[77,76,23,75],"class_list":["post-575","post","type-post","status-publish","format-standard","hentry","category-immigration","tag-espagne","tag-immigration-2","tag-maroc","tag-migrants-marocains"],"_links":{"self":[{"href":"https:\/\/maroc-canada.ca\/index.php?rest_route=\/wp\/v2\/posts\/575","targetHints":{"allow":["GET"]}}],"collection":[{"href":"https:\/\/maroc-canada.ca\/index.php?rest_route=\/wp\/v2\/posts"}],"about":[{"href":"https:\/\/maroc-canada.ca\/index.php?rest_route=\/wp\/v2\/types\/post"}],"author":[{"embeddable":true,"href":"https:\/\/maroc-canada.ca\/index.php?rest_route=\/wp\/v2\/users\/1"}],"replies":[{"embeddable":true,"href":"https:\/\/maroc-canada.ca\/index.php?rest_route=%2Fwp%2Fv2%2Fcomments&post=575"}],"version-history":[{"count":5,"href":"https:\/\/maroc-canada.ca\/index.php?rest_route=\/wp\/v2\/posts\/575\/revisions"}],"predecessor-version":[{"id":626,"href":"https:\/\/maroc-canada.ca\/index.php?rest_route=\/wp\/v2\/posts\/575\/revisions\/626"}],"wp:attachment":[{"href":"https:\/\/maroc-canada.ca\/index.php?rest_route=%2Fwp%2Fv2%2Fmedia&parent=575"}],"wp:term":[{"taxonomy":"category","embeddable":true,"href":"https:\/\/maroc-canada.ca\/index.php?rest_route=%2Fwp%2Fv2%2Fcategories&post=575"},{"taxonomy":"post_tag","embeddable":true,"href":"https:\/\/maroc-canada.ca\/index.php?rest_route=%2Fwp%2Fv2%2Ftags&post=575"}],"curies":[{"name":"wp","href":"https:\/\/api.w.org\/{rel}","templated":true}]}}