{"id":5849,"date":"2022-10-30T10:20:29","date_gmt":"2022-10-30T14:20:29","guid":{"rendered":"https:\/\/maroc-canada.ca\/?p=5849"},"modified":"2022-10-30T10:20:31","modified_gmt":"2022-10-30T14:20:31","slug":"retour-a-la-diplomatie-culturelle","status":"publish","type":"post","link":"https:\/\/maroc-canada.ca\/?p=5849","title":{"rendered":"Retour \u00e0 la diplomatie culturelle"},"content":{"rendered":"\n<div class=\"wp-block-image\"><figure class=\"alignleft size-full\"><img loading=\"lazy\" decoding=\"async\" width=\"266\" height=\"313\" src=\"https:\/\/maroc-canada.ca\/wp-content\/uploads\/2022\/10\/Raida.jpg\" alt=\"\" class=\"wp-image-5850\" srcset=\"https:\/\/maroc-canada.ca\/wp-content\/uploads\/2022\/10\/Raida.jpg 266w, https:\/\/maroc-canada.ca\/wp-content\/uploads\/2022\/10\/Raida-255x300.jpg 255w\" sizes=\"auto, (max-width: 266px) 100vw, 266px\" \/><figcaption>Par Ouestani Raiyda<br>Consultante Artistique<\/figcaption><\/figure><\/div>\n\n\n\n<p>Marrakech va s&rsquo;illuminer encore&nbsp; une fois en accueillant&nbsp; dans le cadre du folklore international&nbsp; de plus de 600 artistes dans le cadre de sa 4\u00e8me \u00e9dition&nbsp; apr\u00e8s un break durant la p\u00e9riode de la Covid. et qui programm\u00e9 du 26 au&nbsp; 30 Octobre 2022.<\/p>\n\n\n\n<p>Ces troupes participantes venues de plusieurs pays dont&nbsp; l&rsquo;Allemagne, l&rsquo;Alg\u00e9rie, l&rsquo;Autriche, l&rsquo;Espagne, la France, l&rsquo;Italie, la R\u00e9publique Tch\u00e8que et la liste s\u2019\u00e9largit &nbsp;chaque jour avant cette \u00e9ch\u00e9ance.<\/p>\n\n\n\n<p>Ce rendez-vous qui est plus qu&rsquo;un festival, contribue \u00e0 faire\u00a0 valoir la destination Maroc en g\u00e9n\u00e9ral et Marrakech la magique en particulier et promet une version avec des moyens important en mati\u00e8re d&rsquo;organisation et de logistique, assur\u00e9s par l&rsquo;Association du Patrimoine et Folklore dont le si\u00e8ge est au Maroc \u00a0et qui a fait de Marrakech le lieu par excellence pour h\u00e9berger cette rencontre tant attendue par les artistes de plusieurs pays.<\/p>\n\n\n\n<p>Marrakech \u00e0 cette occasion va briller de mille feux pour offrir \u00e0 ces invit\u00e9s et visiteurs un s\u00e9jour culturel de haut niveau digne de la r\u00e9putation du Maroc aupr\u00e8s des pays amis qui se sont engag\u00e9s&nbsp; par leurs artistes \u00e0 assurer la pr\u00e9sence de leurs pays respectifs.<\/p>\n\n\n\n<p>Les sc\u00e8nes de repr\u00e9sentations &nbsp;ont connu une grande&nbsp; affluence pour ses soir\u00e9es qui par &nbsp;les nationaux et par les touristes venus d&rsquo;ailleurs.<\/p>\n\n\n\n<p>En parall\u00e8le des repr\u00e9sentations ; diff\u00e9rents ateliers \u00e9taient pr\u00e9vus et des expositions en plein air pour un public amoureux de la f\u00eate et des belles soir\u00e9es ; une parade de toutes les troupes est organis\u00e9e le dernier jour du festival dans les Grands Boulevards accompagn\u00e9e des musiques du monde.<\/p>\n\n\n\n<p>Cette \u00e9dition d&rsquo;apr\u00e8s les organisateurs arrivent dans un moment&nbsp; o\u00f9 les peuples ont fortement besoin d&rsquo;\u00e9change culturelle pour d\u00e9passer le vide qui a \u00e9t\u00e9 observ\u00e9 lors de la pand\u00e9mie et aussi le d\u00e9ficit de rencontres culturelles d&rsquo;envergure remarqu\u00e9 \u00e0 l&rsquo;\u00e9chelon mondial et qui est du \u00e0 la crise \u00e9conomique constat\u00e9e.<\/p>\n\n\n\n<p>Ce rapprochement des diff\u00e9rentes nations par la culture n&rsquo;est pas \u00e9tranger \u00a0aux organisations marocaine et l&rsquo;Association du Patrimoine et Folklore promet d&rsquo;\u0153uvrer \u00e0 d\u00e9velopper ce genre d&rsquo;\u00e9change dans le but faire conna\u00eetre la culture marocaine et promouvoir la destination Maroc aupr\u00e8s\u00a0\u00a0 des artistes du monde entier.<\/p>\n\n\n\n<p>partant du principe que le rayonnement international du mod\u00e8le culturel Marocain\u00a0 passe par la diffusion d\u2019\u0153uvres dans des domaines culturelles aussi vari\u00e9s\u00a0 et l\u2019ing\u00e9nierie culturelle aujourd&rsquo;hui et le fer de lance du marketing territorial. Ces actions, pilot\u00e9es par\u00a0 la soci\u00e9t\u00e9 civile en collaboration avec les instances de tutelle s\u2019appuient notamment l&rsquo;exp\u00e9rience d\u00e9velopp\u00e9e par l&rsquo;Association du Patrimoine et Folklore depuis sa 1\u00e8re\u00a0 renforce l&rsquo;image culturelle du Maroc \u00e0 travers le Monde.<\/p>\n","protected":false},"excerpt":{"rendered":"<p>Marrakech va s&rsquo;illuminer encore&nbsp; une fois en accueillant&nbsp; dans le cadre du folklore international&nbsp; de plus de 600 artistes dans le cadre de sa 4\u00e8me \u00e9dition&nbsp; apr\u00e8s un break durant la p\u00e9riode de la Covid. et qui programm\u00e9 du 26 au&nbsp; 30 Octobre 2022. Ces troupes participantes venues de plusieurs pays dont&nbsp; l&rsquo;Allemagne, l&rsquo;Alg\u00e9rie, l&rsquo;Autriche, [&hellip;]<\/p>\n","protected":false},"author":1,"featured_media":5852,"comment_status":"closed","ping_status":"closed","sticky":false,"template":"","format":"standard","meta":{"footnotes":""},"categories":[6,13,1],"tags":[],"class_list":["post-5849","post","type-post","status-publish","format-standard","has-post-thumbnail","hentry","category-maghreb","category-tribune-libre","category-uncategorized"],"_links":{"self":[{"href":"https:\/\/maroc-canada.ca\/index.php?rest_route=\/wp\/v2\/posts\/5849","targetHints":{"allow":["GET"]}}],"collection":[{"href":"https:\/\/maroc-canada.ca\/index.php?rest_route=\/wp\/v2\/posts"}],"about":[{"href":"https:\/\/maroc-canada.ca\/index.php?rest_route=\/wp\/v2\/types\/post"}],"author":[{"embeddable":true,"href":"https:\/\/maroc-canada.ca\/index.php?rest_route=\/wp\/v2\/users\/1"}],"replies":[{"embeddable":true,"href":"https:\/\/maroc-canada.ca\/index.php?rest_route=%2Fwp%2Fv2%2Fcomments&post=5849"}],"version-history":[{"count":1,"href":"https:\/\/maroc-canada.ca\/index.php?rest_route=\/wp\/v2\/posts\/5849\/revisions"}],"predecessor-version":[{"id":5853,"href":"https:\/\/maroc-canada.ca\/index.php?rest_route=\/wp\/v2\/posts\/5849\/revisions\/5853"}],"wp:featuredmedia":[{"embeddable":true,"href":"https:\/\/maroc-canada.ca\/index.php?rest_route=\/wp\/v2\/media\/5852"}],"wp:attachment":[{"href":"https:\/\/maroc-canada.ca\/index.php?rest_route=%2Fwp%2Fv2%2Fmedia&parent=5849"}],"wp:term":[{"taxonomy":"category","embeddable":true,"href":"https:\/\/maroc-canada.ca\/index.php?rest_route=%2Fwp%2Fv2%2Fcategories&post=5849"},{"taxonomy":"post_tag","embeddable":true,"href":"https:\/\/maroc-canada.ca\/index.php?rest_route=%2Fwp%2Fv2%2Ftags&post=5849"}],"curies":[{"name":"wp","href":"https:\/\/api.w.org\/{rel}","templated":true}]}}