{"id":6023,"date":"2023-06-03T06:29:48","date_gmt":"2023-06-03T10:29:48","guid":{"rendered":"https:\/\/maroc-canada.ca\/?p=6023"},"modified":"2023-06-03T06:29:48","modified_gmt":"2023-06-03T10:29:48","slug":"canada-admission-des-nouveaux-arrivants-qualifies-ayant-une-experience-de-travail-dans-des-emplois-prioritaires-en-tant-que-residents-permanents","status":"publish","type":"post","link":"https:\/\/maroc-canada.ca\/?p=6023","title":{"rendered":"Canada : Admission des nouveaux arrivants qualifi\u00e9s ayant une exp\u00e9rience de travail dans des emplois prioritaires en tant que r\u00e9sidents permanents"},"content":{"rendered":"\n<p>Alors que les employeurs cherchent avec impatience \u00e0 combler d&rsquo;innombrables postes vacants \u00e0 la grandeur du pays, l&rsquo;immigration appara\u00eet comme une pi\u00e8ce essentielle pour r\u00e9soudre ce casse-t\u00eate. Reconnaissant cette r\u00e9alit\u00e9, le gouvernement du Canada met en place un syst\u00e8me d&rsquo;immigration qui agit comme un catalyseur de croissance, responsabilisant les entreprises, aidant \u00e0 r\u00e9pondre \u00e0 leurs besoins de main-d&rsquo;\u0153uvre et renfor\u00e7ant les communaut\u00e9s francophones. Combin\u00e9s, ces efforts permettront aux Canadiens de b\u00e9n\u00e9ficier de la prosp\u00e9rit\u00e9 \u00e9conomique et sociale pour les ann\u00e9es \u00e0 venir.<\/p>\n\n\n\n<p>L&rsquo;honorable Sean Fraser, ministre de l&rsquo;Immigration, des R\u00e9fugi\u00e9s et de la Citoyennet\u00e9, a annonc\u00e9 aujourd&rsquo;hui le tout premier lancement de la s\u00e9lection ax\u00e9e sur les ensembles pour le syst\u00e8me phare de gestion de l&rsquo;immigration \u00e9conomique du Canada, Entr\u00e9e express. La s\u00e9lection ax\u00e9e sur les ensembles permettra au Canada d&rsquo;\u00e9mettre des invitations \u00e0 pr\u00e9senter une demande aux r\u00e9sidents permanents potentiels ayant des comp\u00e9tences, une formation ou des comp\u00e9tences linguistiques sp\u00e9cifiques. De plus amples d\u00e9tails sur le calendrier des invitations pour les cat\u00e9gories individuelles et sur la mani\u00e8re de pr\u00e9senter une demande seront annonc\u00e9s dans les semaines \u00e0 venir.<\/p>\n\n\n\n<p>Cette ann\u00e9e, les invitations relatives \u00e0 la s\u00e9lection ax\u00e9e sur les ensembles se concentreront sur les candidats ayant&nbsp;une solide ma\u00eetrise de la langue fran\u00e7aise et de l\u2019exp\u00e9rience de travail dans les domaines suivants :<\/p>\n\n\n\n<ul class=\"wp-block-list\">\n<li>les soins de sant\u00e9,<\/li>\n\n\n\n<li>les m\u00e9tiers de la science, de la technologie, de l&rsquo;ing\u00e9nierie et des math\u00e9matiques (STIM),<\/li>\n\n\n\n<li>les m\u00e9tiers, tels que charpentiers, plombiers et entrepreneurs,<\/li>\n\n\n\n<li>les transports,<\/li>\n\n\n\n<li>l\u2019agriculture et l\u2019agroalimentaire.<\/li>\n<\/ul>\n\n\n\n<p>En nous permettant d&rsquo;inviter davantage de travailleurs qualifi\u00e9s dans ces professions, la s\u00e9lection ax\u00e9e sur les ensembles soutient l&rsquo;engagement du Canada \u00e0 accueillir les professionnels en demande dans les communaut\u00e9s \u00e0 la grandeur du pays. De plus, en accordant une attention particuli\u00e8re \u00e0 l&rsquo;immigration francophone, le gouvernement du Canada s&rsquo;assure que les communaut\u00e9s francophones puissent continuer \u00e0 vivre leur vie au Canada dans la langue officielle de leur choix.<\/p>\n\n\n\n<p>La s\u00e9lection ax\u00e9e sur les ensembles rendra Entr\u00e9e express plus r\u00e9active aux besoins changeants de l&rsquo;\u00e9conomie et du march\u00e9 du travail du Canada, tout en s&rsquo;appuyant sur l&rsquo;approche ax\u00e9e sur le capital humain \u00e9lev\u00e9 qui a \u00e9t\u00e9 la marque du succ\u00e8s du syst\u00e8me d&rsquo;immigration \u00e9conomique du Canada. Ces priorit\u00e9s maintiennent l&rsquo;accent sur le recrutement de travailleurs qualifi\u00e9s ayant le potentiel de s&rsquo;int\u00e9grer et de contribuer \u00e0 l&rsquo;avenir du Canada (&#8230;)<\/p>\n\n\n\n<p><strong>Faits en bref<\/strong><\/p>\n\n\n\n<ul class=\"wp-block-list\">\n<li>Entr\u00e9e express est le syst\u00e8me de gestion des demandes phare du Canada pour les personnes qui cherchent \u00e0 immigrer de fa\u00e7on permanente par le biais du Programme f\u00e9d\u00e9ral des travailleurs qualifi\u00e9s, du Programme f\u00e9d\u00e9ral des m\u00e9tiers sp\u00e9cialis\u00e9s, de la Cat\u00e9gorie de l&rsquo;exp\u00e9rience canadienne et d&rsquo;une partie du Programme des candidats des provinces.<\/li>\n\n\n\n<li>En juin 2022, le gouvernement du Canada a apport\u00e9 des modifications \u00e0 la Loi sur l&rsquo;immigration et la protection des r\u00e9fugi\u00e9s pour permettre la s\u00e9lection des immigrants en fonction d&rsquo;attributs cl\u00e9s qui appuient les priorit\u00e9s \u00e9conomiques, comme une exp\u00e9rience de travail pr\u00e9cise ou la connaissance du fran\u00e7ais.<\/li>\n\n\n\n<li>Les exigences l\u00e9gislatives relatives \u00e0 l&rsquo;utilisation de ces nouveaux pouvoirs comprennent que le ministre doit tenir des consultations publiques, avant d&rsquo;\u00e9tablir une nouvelle cat\u00e9gorie, avec les provinces et les territoires, les membres de l&rsquo;industrie, les syndicats, les employeurs, les travailleurs, les groupes de d\u00e9fense des travailleurs, les organismes d&rsquo;aide \u00e0 l&rsquo;\u00e9tablissement et les chercheurs et praticiens en immigration. Chaque ann\u00e9e, IRCC doit \u00e9galement faire rapport au Parlement sur les cat\u00e9gories qui ont \u00e9t\u00e9 choisies au cours de l&rsquo;ann\u00e9e pr\u00e9c\u00e9dente et sur le processus de s\u00e9lection, y compris la justification de leur choix.<\/li>\n\n\n\n<li>Les cat\u00e9gories ont \u00e9t\u00e9 d\u00e9termin\u00e9es \u00e0 la suite de vastes consultations aupr\u00e8s des partenaires provinciaux et territoriaux, des intervenants et du public, ainsi que d&rsquo;un examen des besoins du march\u00e9 du travail. Une liste compl\u00e8te des emplois admissibles pour les nouvelles cat\u00e9gories est accessible sur notre site Web.<\/li>\n\n\n\n<li>Les premi\u00e8res invitations \u00e0 pr\u00e9senter une demande par cat\u00e9gorie devraient \u00eatre envoy\u00e9es cet \u00e9t\u00e9.<\/li>\n\n\n\n<li>L&rsquo;immigration repr\u00e9sente pr\u00e8s de 100 % de la croissance de la main-d&rsquo;\u0153uvre au Canada, ce qui contribue \u00e0 rem\u00e9dier aux p\u00e9nuries de main-d&rsquo;\u0153uvre dans des secteurs cl\u00e9s.<\/li>\n\n\n\n<li>Selon Emploi et D\u00e9veloppement social Canada, le nombre de professions en p\u00e9nurie a doubl\u00e9 entre 2019 et 2021.<\/li>\n\n\n\n<li>En vertu de l&rsquo;Accord Qu\u00e9bec-Canada, le Qu\u00e9bec \u00e9tablit ses propres niveaux d&rsquo;immigration. De 2018 \u00e0 2022, les admissions dans le cadre du Programme f\u00e9d\u00e9ral des hautes comp\u00e9tences repr\u00e9sentaient entre 34 % et 40 % de l&rsquo;ensemble des admissions francophones hors Qu\u00e9bec.<\/li>\n<\/ul>\n\n\n\n<p><em>Source : Immigration, R\u00e9fugi\u00e9s et Citoyennet\u00e9 Canada (31 mai 2023)<\/em><\/p>\n\n\n\n<p><em>Maghreb Canada Express , Vol. XXI, N\u00b005, Page 2, \u00c9dition de Mai_Juin 2023.<\/em><\/p>\n\n\n\n<h3 class=\"wp-block-heading alignwide\"><a href=\"https:\/\/maghreb-canada.ca\/journal\/2023\/MCE236-05-2023.pdf\">LIRE L\u2019\u00c9DITION DU MOIS DE MAI_JUIN 2023<\/a><\/h3>\n\n\n\n<figure class=\"wp-block-image\"><a href=\"https:\/\/maghreb-canada.ca\/journal\/2023\/MCE236-05-2023.pdf\"><img decoding=\"async\" src=\"https:\/\/maghreb-canada.ca\/journal\/2023\/n236.JPG\" alt=\"Maghreb Canada Express\"\/><\/a><\/figure>\n\n\n\n<figure class=\"wp-block-image\"><img loading=\"lazy\" decoding=\"async\" width=\"280\" height=\"1024\" src=\"https:\/\/maroc-canada.ca\/wp-content\/uploads\/2021\/12\/ours-280x1024.jpg\" alt=\"\" class=\"wp-image-5448\"\/><\/figure>\n","protected":false},"excerpt":{"rendered":"<p>Alors que les employeurs cherchent avec impatience \u00e0 combler d&rsquo;innombrables postes vacants \u00e0 la grandeur du pays, l&rsquo;immigration appara\u00eet comme une pi\u00e8ce essentielle pour r\u00e9soudre ce casse-t\u00eate. Reconnaissant cette r\u00e9alit\u00e9, le gouvernement du Canada met en place un syst\u00e8me d&rsquo;immigration qui agit comme un catalyseur de croissance, responsabilisant les entreprises, aidant \u00e0 r\u00e9pondre \u00e0 leurs [&hellip;]<\/p>\n","protected":false},"author":1,"featured_media":6024,"comment_status":"closed","ping_status":"closed","sticky":false,"template":"","format":"standard","meta":{"footnotes":""},"categories":[4,5,8],"tags":[],"class_list":["post-6023","post","type-post","status-publish","format-standard","has-post-thumbnail","hentry","category-canada","category-immigration","category-numero-du-mois"],"_links":{"self":[{"href":"https:\/\/maroc-canada.ca\/index.php?rest_route=\/wp\/v2\/posts\/6023","targetHints":{"allow":["GET"]}}],"collection":[{"href":"https:\/\/maroc-canada.ca\/index.php?rest_route=\/wp\/v2\/posts"}],"about":[{"href":"https:\/\/maroc-canada.ca\/index.php?rest_route=\/wp\/v2\/types\/post"}],"author":[{"embeddable":true,"href":"https:\/\/maroc-canada.ca\/index.php?rest_route=\/wp\/v2\/users\/1"}],"replies":[{"embeddable":true,"href":"https:\/\/maroc-canada.ca\/index.php?rest_route=%2Fwp%2Fv2%2Fcomments&post=6023"}],"version-history":[{"count":1,"href":"https:\/\/maroc-canada.ca\/index.php?rest_route=\/wp\/v2\/posts\/6023\/revisions"}],"predecessor-version":[{"id":6025,"href":"https:\/\/maroc-canada.ca\/index.php?rest_route=\/wp\/v2\/posts\/6023\/revisions\/6025"}],"wp:featuredmedia":[{"embeddable":true,"href":"https:\/\/maroc-canada.ca\/index.php?rest_route=\/wp\/v2\/media\/6024"}],"wp:attachment":[{"href":"https:\/\/maroc-canada.ca\/index.php?rest_route=%2Fwp%2Fv2%2Fmedia&parent=6023"}],"wp:term":[{"taxonomy":"category","embeddable":true,"href":"https:\/\/maroc-canada.ca\/index.php?rest_route=%2Fwp%2Fv2%2Fcategories&post=6023"},{"taxonomy":"post_tag","embeddable":true,"href":"https:\/\/maroc-canada.ca\/index.php?rest_route=%2Fwp%2Fv2%2Ftags&post=6023"}],"curies":[{"name":"wp","href":"https:\/\/api.w.org\/{rel}","templated":true}]}}