{"id":6038,"date":"2023-06-03T06:56:49","date_gmt":"2023-06-03T10:56:49","guid":{"rendered":"https:\/\/maroc-canada.ca\/?p=6038"},"modified":"2023-06-03T06:58:00","modified_gmt":"2023-06-03T10:58:00","slug":"turquie-recep-tayyip-erdogan-reelu-contre-vents-marees-et-sondages","status":"publish","type":"post","link":"https:\/\/maroc-canada.ca\/?p=6038","title":{"rendered":"Turquie : Recep Tayyip Erdogan r\u00e9\u00e9lu contre vents, mar\u00e9es et&#8230; sondages"},"content":{"rendered":"\n<p>Recep Tayyip Erdo?an&nbsp; d\u00e9joua tous les sondages, et fut r\u00e9\u00e9lu le 28 mai dernier \u00e0 l\u2019issue du deuxi\u00e8me tour de l\u2019\u00e9lection pr\u00e9sidentielle en Turquie.<\/p>\n\n\n\n<p>Malgr\u00e9 un d\u00e9but de campagne difficile et un fort m\u00e9contentement des Turcs envers sa gestion de l\u2019\u00e9conomie, le pr\u00e9sident islamo-conservateur et autoritaire, \u00e0 la t\u00eate du pays depuis 20 ans, a su tirer profit de la fibre nationaliste de son \u00e9lectorat, d\u00e9senchant\u00e9 de l\u2019Occident&#8230; De quoi soulager son ami Valdimir Poutine.<\/p>\n\n\n\n<p>\u00ab<em>Il est temps de mettre de c\u00f4t\u00e9 les disputes de la campagne \u00e9lectorale et de parvenir \u00e0 l\u2019unit\u00e9 et \u00e0 la solidarit\u00e9 autour des r\u00eaves de notre nation<\/em>\u00bb, a&nbsp; d\u00e9clar\u00e9 Erdogan \u00e0 la foule rassembl\u00e9e devant le palais pr\u00e9sidentiel \u00e0 Ankara.<\/p>\n\n\n\n<p>Autour de 23h00 heure locale, l\u2019agence officielle Anadolu lui donnait 52,1% des suffrages, contre 47,9 % pour son rival social-d\u00e9mocrate, Kemal Kili\u00e7daroglu. La commission \u00e9lectorale a ensuite confirm\u00e9 sa victoire. Il aura donc droit \u00e0 un autre mandat de cinq ans, au terme de cette \u00e9lection qui l\u2019a contraint pour la premi\u00e8re fois \u00e0 un second tour.<\/p>\n\n\n\n<p>&nbsp;D\u2019apr\u00e8s plusieurs sp\u00e9cialistes de la Turquie, Erdo?an a su d\u00e9tourner le d\u00e9bat public en faveur de son discours islamo-nationaliste. Il a aussi mis\u00e9 sur le fait que la Turquie devient une force g\u00e9opolitique importante sous sa gouverne, entre son r\u00f4le dans l\u2019OTAN et ses affinit\u00e9s avec la Russie.\u00bb<\/p>\n\n\n\n<p>Le pr\u00e9sident russe, Vladimir Poutine, a d\u2019ailleurs f\u00e9licit\u00e9 son homologue turc. \u00ab<em>Votre victoire \u00e0 cette \u00e9lection est le r\u00e9sultat logique de votre travail d\u00e9vou\u00e9 \u00e0 la t\u00eate de la R\u00e9publique turque, preuve \u00e9vidente du soutien du peuple turc \u00e0 vos efforts pour renforcer la souverainet\u00e9 de l\u2019\u00c9tat et mener une politique \u00e9trang\u00e8re ind\u00e9pendante<\/em>\u00bb, a-t-il indiqu\u00e9, selon le site Web du Kremlin.<\/p>\n\n\n\n<p>Le pr\u00e9sident am\u00e9ricain, Joe Biden et le premier ministre britannique, Rishi Sunak, ont plut\u00f4t rappel\u00e9, le soir du 28 mai dernier, que leurs pays \u00e9taient alli\u00e9s au sein de l\u2019OTAN, tout en f\u00e9licitant le dirigeant turc. Justin Trudeau a d\u00e9clar\u00e9 qu\u2019il avait h\u00e2te de \u00ab renforcer davantage \u00bb les liens entre le Canada et la Turquie. De plus, le pr\u00e9sident fran\u00e7ais, Emmanuel Macron, a soulign\u00e9 qu\u2019Erdo?an et lui avaient de nombreux d\u00e9fis \u00e0 relever ensemble, dont celui de r\u00e9tablir \u00ab la paix en Europe \u00bb.<\/p>\n\n\n\n<p><strong>Pouvoir autoritaire<\/strong><\/p>\n\n\n\n<p>Dans son discours, M. Erdo?an a qualifi\u00e9 sa r\u00e9\u00e9lection de victoire pour la d\u00e9mocratie. Or, \u00e0 l\u2019image de Vladimir Poutine, le pr\u00e9sident turc a multipli\u00e9 les tentatives autoritaires de faire taire ses opposants depuis 20 ans.<\/p>\n\n\n\n<p>Rappelons qu\u2019il a fait emprisonner son opposant kurde, Selahattin Demirta?, ainsi que plusieurs autres voix critiques, surtout depuis une tentative de coup d\u2019\u00c9tat contre lui en 2016. La libert\u00e9 de presse est \u00e9galement limit\u00e9e en Turquie, o\u00f9 des lois brident le droit de parole sur les r\u00e9seaux sociaux. \u00ab <em>\u00c0 l\u2019instar de Viktor Orb\u00e1n, en Hongrie, il se maintient au pouvoir par le populisme et la d\u00e9magogie <\/em>\u00bb.<\/p>\n\n\n\n<p>Ainsi, ni le d\u00e9sir de changement d\u2019une partie de l\u2019\u00e9lectorat, ni les restrictions aux libert\u00e9s, ni l\u2019hyperpr\u00e9sidentialisation du pouvoir n\u2019ont pes\u00e9, face au d\u00e9sir de s\u00e9curit\u00e9 et de stabilit\u00e9 des Turcs.<\/p>\n\n\n\n<p>Le pr\u00e9sident affrontait pourtant son opposition la plus f\u00e9roce \u00e0 ce jour. Mais Kemal Kili\u00e7daroglu, le chef de l\u2019Alliance de la nation, un regroupement de six partis d\u2019opposition, n\u2019a pas \u00e9t\u00e9 en mesure de tirer avantage de l\u2019inflation record qui mine le pays et des cons\u00e9quences des s\u00e9ismes qui ont fait 50000 morts et 3 millions de d\u00e9plac\u00e9s depuis f\u00e9vrier dernier.<\/p>\n\n\n\n<p>M.Kili\u00e7daroglu a exprim\u00e9 dimanche soir sa \u00ab tristesse \u00bb pour l\u2019avenir de la Turquie. \u00ab Nous avons v\u00e9cu l\u2019un des processus \u00e9lectoraux les plus injustes de ces derni\u00e8res ann\u00e9es \u00bb, a-t-il dit, ajoutant que de \u00ab nombreuses difficult\u00e9s attendent le pays \u00bb.<\/p>\n\n\n\n<p><strong>Pari risqu\u00e9 Kili\u00e7daroglu<\/strong><\/p>\n\n\n\n<p>Pendant les deux semaines qui s\u00e9paraient les deux tours de l\u2019\u00e9lection, M. Kili\u00e7daroglu a tent\u00e9 le pari risqu\u00e9 de s\u00e9duire davantage d\u2019\u00e9lecteurs de droite. Il avait notamment promis d\u2019expulser les r\u00e9fugi\u00e9s syriens vivant en Turquie, et ce, \u00ab <em>dans la prochaine ann\u00e9e <\/em>\u00bb. Cette d\u00e9claration, faite lors d\u2019une conf\u00e9rence de presse commune avec le politicien d\u2019extr\u00eame droite \u00dcmit \u00d6zdag, du parti anti-immigration dit \u00ab de la Victoire \u00bb, marquait un changement de son par rapport \u00e0 ses propos plus rassembleurs au d\u00e9but de la campagne.<\/p>\n\n\n\n<p>D\u2019apr\u00e8s M.Aoun, Erdo?an a contraint son opposant \u00e0 se tourner vers la droite, alors qu\u2019il est la\u00efque, r\u00e9publicain et socialiste \u00bb.&nbsp; Les \u00e9lecteurs ont donc per\u00e7u des contradictions dans le discours de M. Kili\u00e7daroglu, ce qui a avantag\u00e9 le pr\u00e9sident sortant.<\/p>\n\n\n\n<p>Toujours d\u2019apr\u00e8s Aoun, l\u2019\u00e9lectorat turc devient \u00ab <em>de plus en plus nationaliste et conservateur <\/em>\u00bb. Erdo?an a mis\u00e9, dit-il sur leur \u00ab <em>d\u00e9senchantement de l\u2019Occident, rappelant le pass\u00e9 imp\u00e9rialiste de l\u2019Europe qui a vaincu et d\u00e9membr\u00e9 l\u2019Empire ottoman <\/em>\u00bb.<\/p>\n\n\n\n<p>C\u2019est aussi pourquoi le pr\u00e9sident sortant a davantage mobilis\u00e9 les diasporas turcophones \u00e0 l\u2019\u00e9tranger et les \u00e9lecteurs musulmans sunnites. M. Erdo?an les a maintes fois insult\u00e9es et instrumentalis\u00e9es pour attaquer l\u2019opposition et l\u2019accuser de vouloir d\u00e9truire les valeurs familiales.<\/p>\n\n\n\n<p>Plusieurs dossiers pressants attendent le chef d&rsquo;\u00c9tat, notamment sur la sc\u00e8ne internationale, o\u00f9 la Turquie joue un r\u00f4le de plus en plus influent. Les alli\u00e9s de l\u2019OTAN attendent entre autres que la Turquie l\u00e8ve son veto \u00e0 l\u2019entr\u00e9e de la Su\u00e8de dans l\u2019Alliance atlantique, bloqu\u00e9e depuis mai 2022. Sans compter, bien s\u00fbr, les nombreux d\u00e9fis auxquels le pr\u00e9sident fait face dans son propre pays, qui se rel\u00e8ve encore des s\u00e9ismes de f\u00e9vrier.<\/p>\n\n\n\n<p>Le 28 Mai, Erdogan a conclu son discours en r\u00e9citant un po\u00e8me d\u2019un po\u00e8te nationaliste turc, Arif Nihat Asya, qui s\u2019apparente \u00e0 une pri\u00e8re. Il a suscit\u00e9 un \u00ab Amen \u00bb de la part des dizaines de milliers de personnes rassembl\u00e9es \u00e0 l\u2019ext\u00e9rieur du palais pr\u00e9sidentiel.<\/p>\n\n\n\n<p>A 69 ans, Erdogan reste, de tr\u00e8s loin, l\u2019homme politique le plus populaire du pays depuis Mustafa Kemal Atat\u00fcrk, le p\u00e8re de la Turquie moderne, qu\u2019il a d\u00e9pass\u00e9 en termes de pr\u00e9rogatives et de long\u00e9vit\u00e9 \u00e0 la t\u00eate de l\u2019Etat. Adul\u00e9e par ses partisans qui le voient comme un p\u00e8re, honni par ses d\u00e9tracteurs qui s\u2019insurgent de le voir cultiver une stature de sultan, la personnalit\u00e9 dominante de la sc\u00e8ne politique turque ne laisse personne indiff\u00e9rent.<\/p>\n\n\n\n<p><em>Par Mustapha Bouhaddar<\/em> pour <em>Maghreb Canada Express , Vol. XXI, N\u00b005, Page 3, \u00c9dition de Mai_Juin 2023.<\/em><\/p>\n\n\n\n<h3 class=\"wp-block-heading\"><a href=\"https:\/\/maghreb-canada.ca\/journal\/2023\/MCE236-05-2023.pdf\">LIRE L\u2019\u00c9DITION DU MOIS DE MAI_JUIN 2023<\/a><\/h3>\n\n\n\n<figure class=\"wp-block-image\"><a href=\"https:\/\/maghreb-canada.ca\/journal\/2023\/MCE236-05-2023.pdf\"><img decoding=\"async\" src=\"https:\/\/maghreb-canada.ca\/journal\/2023\/n236.JPG\" alt=\"Maghreb Canada Express\"\/><\/a><\/figure>\n\n\n\n<figure class=\"wp-block-image\"><img loading=\"lazy\" decoding=\"async\" width=\"280\" height=\"1024\" src=\"https:\/\/maroc-canada.ca\/wp-content\/uploads\/2021\/12\/ours-280x1024.jpg\" alt=\"\" class=\"wp-image-5448\"\/><\/figure>\n","protected":false},"excerpt":{"rendered":"<p>Recep Tayyip Erdo?an&nbsp; d\u00e9joua tous les sondages, et fut r\u00e9\u00e9lu le 28 mai dernier \u00e0 l\u2019issue du deuxi\u00e8me tour de l\u2019\u00e9lection pr\u00e9sidentielle en Turquie. Malgr\u00e9 un d\u00e9but de campagne difficile et un fort m\u00e9contentement des Turcs envers sa gestion de l\u2019\u00e9conomie, le pr\u00e9sident islamo-conservateur et autoritaire, \u00e0 la t\u00eate du pays depuis 20 ans, a [&hellip;]<\/p>\n","protected":false},"author":1,"featured_media":6039,"comment_status":"closed","ping_status":"closed","sticky":false,"template":"","format":"standard","meta":{"footnotes":""},"categories":[7,8,13],"tags":[],"class_list":["post-6038","post","type-post","status-publish","format-standard","has-post-thumbnail","hentry","category-monde","category-numero-du-mois","category-tribune-libre"],"_links":{"self":[{"href":"https:\/\/maroc-canada.ca\/index.php?rest_route=\/wp\/v2\/posts\/6038","targetHints":{"allow":["GET"]}}],"collection":[{"href":"https:\/\/maroc-canada.ca\/index.php?rest_route=\/wp\/v2\/posts"}],"about":[{"href":"https:\/\/maroc-canada.ca\/index.php?rest_route=\/wp\/v2\/types\/post"}],"author":[{"embeddable":true,"href":"https:\/\/maroc-canada.ca\/index.php?rest_route=\/wp\/v2\/users\/1"}],"replies":[{"embeddable":true,"href":"https:\/\/maroc-canada.ca\/index.php?rest_route=%2Fwp%2Fv2%2Fcomments&post=6038"}],"version-history":[{"count":2,"href":"https:\/\/maroc-canada.ca\/index.php?rest_route=\/wp\/v2\/posts\/6038\/revisions"}],"predecessor-version":[{"id":6041,"href":"https:\/\/maroc-canada.ca\/index.php?rest_route=\/wp\/v2\/posts\/6038\/revisions\/6041"}],"wp:featuredmedia":[{"embeddable":true,"href":"https:\/\/maroc-canada.ca\/index.php?rest_route=\/wp\/v2\/media\/6039"}],"wp:attachment":[{"href":"https:\/\/maroc-canada.ca\/index.php?rest_route=%2Fwp%2Fv2%2Fmedia&parent=6038"}],"wp:term":[{"taxonomy":"category","embeddable":true,"href":"https:\/\/maroc-canada.ca\/index.php?rest_route=%2Fwp%2Fv2%2Fcategories&post=6038"},{"taxonomy":"post_tag","embeddable":true,"href":"https:\/\/maroc-canada.ca\/index.php?rest_route=%2Fwp%2Fv2%2Ftags&post=6038"}],"curies":[{"name":"wp","href":"https:\/\/api.w.org\/{rel}","templated":true}]}}