{"id":6477,"date":"2024-05-01T17:48:00","date_gmt":"2024-05-01T21:48:00","guid":{"rendered":"https:\/\/maroc-canada.ca\/?p=6477"},"modified":"2024-05-03T17:53:04","modified_gmt":"2024-05-03T21:53:04","slug":"maroc-algerie-une-reconciliation-impossible","status":"publish","type":"post","link":"https:\/\/maroc-canada.ca\/?p=6477","title":{"rendered":"Maroc-Alg\u00e9rie : Une r\u00e9conciliation impossible ?"},"content":{"rendered":"\n<p><strong><em>L&rsquo;Alg\u00e9rie a r\u00e9cemment annonc\u00e9 unilat\u00e9ralement \u2018<\/em>\u2019la mort clinique Union du Maghreb Arabe (UMA)\u2019\u2019 <em>et a\u00a0\u00a0\u00a0 propos\u00e9 la cr\u00e9ation d&rsquo;une nouvelle union , \u00e0 la place, excluant le Maroc. A ces tentatives\u00a0 de la division de\u00a0\u00a0 l\u2019espace maghr\u00e9bin, s\u2019ajoutent les menaces de soutien de la naissance d\u2019une r\u00e9publique rifaine au Maroc et\u00a0\u00a0\u00a0 la cr\u00e9ation d\u2019une r\u00e9publique kabyle, par le MAK, en Alg\u00e9rie.<\/em><\/strong><\/p>\n\n\n\n<p>Nouvelle brouille entre l\u2019Alg\u00e9rie et le Maroc \u00e0 cause d\u2019un&nbsp; maillot floqu\u00e9 de la carte int\u00e9grale du royaume ch\u00e9rifien que devait porter le club de la Renaissance Sportive de Berkane contre l\u2019USM Alger pour le compte de la demi-finale de la Coupe de la Conf\u00e9d\u00e9ration.<\/p>\n\n\n\n<p>Une affaire qui ravive les tensions entre les deux pays voisins sur fond de branle-bas diplomatique instigu\u00e9 par le pouvoir d\u2019Alger qui ambitionne de sceller une nouvelle alliance maghr\u00e9bine excluant le Maroc. Cette op\u00e9ration a \u00e9t\u00e9 lanc\u00e9e en marge du 7\u00e8 sommet des chefs d\u2019\u00c9tat et de gouvernement du Forum des pays exportateurs de gaz (GECF) organis\u00e9 \u00e0 Alger du 29 f\u00e9vrier au 2 mars 2024.<\/p>\n\n\n\n<p>En marge de ce conclave,&nbsp; Abdelmadjid Tebboune avait convi\u00e9 les pr\u00e9sidents tunisien et libyen \u00e0 une rencontre tripartite pour lancer la cr\u00e9ation d\u2019un groupement r\u00e9gional qui supplanterait l\u2019UMA. Le pr\u00e9sident mauritanien, pr\u00e9sent \u00e0 Alger, a refus\u00e9 de participer \u00e0 cette mascarade et quitt\u00e9 les lieux pour rentrer chez lui. Pour Nouakchott, il n\u2019est pas question de cr\u00e9er une nouvelle entit\u00e9 r\u00e9gionale sans le Maroc.<\/p>\n\n\n\n<p>La Libye qui y a particip\u00e9 via le pr\u00e9sident de son Conseil pr\u00e9sidentiel,&nbsp; qui a&nbsp; envoy\u00e9 un repr\u00e9sentant muni d\u2019une lettre adress\u00e9e au Roi Mohammed VI,&nbsp; a rejet\u00e9 en bloc&nbsp; toute vell\u00e9it\u00e9 visant la cr\u00e9ation d\u2019un cadre alternatif qui se substituerait \u00e0 l\u2019UMA.<\/p>\n\n\n\n<p>La d\u00e9claration finale de la r\u00e9union des trois pr\u00e9sidents, Kais Saied, Abdelmadjid Tebboune et Mohammed Al Menfi affirme que l\u2019Alg\u00e9rie, la Tunisie et la Libye sont confront\u00e9es \u00e0 des d\u00e9fis s\u00e9curitaires importants et des changements dans la r\u00e9gion. Les trois pays ont convenu de \u00ab <em>former des \u00e9quipes de travail charg\u00e9es de coordonner les efforts pour prot\u00e9ger la s\u00e9curit\u00e9 des fronti\u00e8res communes contre les dangers et les cons\u00e9quences de la migration irr\u00e9guli\u00e8re, ainsi que d\u2019autres manifestations de la criminalit\u00e9 organis\u00e9e, selon une approche participative <\/em>\u00bb.<\/p>\n\n\n\n<p>La d\u00e9claration ne fait pas r\u00e9f\u00e9rence, m\u00eame implicitement, aux deux autres membres de l\u2019Union du Maghreb Arabe (UMA), le Maroc et la Mauritanie, absents \u00e0 la rencontre.<\/p>\n\n\n\n<p>Il faut rappeler que ce n\u2019est pas la premi\u00e8re fois qu\u2019Alger se lance dans semblables manigances: En 1983 d\u00e9j\u00e0 il avait conclu le \u00ab <em>trait\u00e9 de fraternit\u00e9 et de concorde<\/em> \u00bb avec la Tunisie de&nbsp; Bourguiba et la Mauritanie du colonel Mohamed Khouna Ould Haidallah.<\/p>\n\n\n\n<p>Le pr\u00e9sident Tebboune a justifi\u00e9 la volont\u00e9 de son r\u00e9gime de garder le Maroc \u00e0 l&rsquo;ext\u00e9rieur de cette entit\u00e9 par le fait que celui-ci a choisi d&rsquo;autres voies de coop\u00e9ration sans consulter les pays de la r\u00e9gion, comme sa demande d&rsquo;adh\u00e9sion au groupe \u00e9conomique de l&rsquo;Afrique de l&rsquo;Ouest.&nbsp;<\/p>\n\n\n\n<p><strong>Tentatives de division<\/strong><\/p>\n\n\n\n<p>A ces tentatives av\u00e9r\u00e9es de division de l\u2019espace maghr\u00e9bin par l\u2019Alg\u00e9rie s\u2019ajoute la tentative de ce m\u00eame pays mena\u00e7ant son voisin , le Maroc, d\u2019 y soutenir la naissance d\u2019une r\u00e9publique rifaine. Amar Belani, ex \u2018<em>\u2019envoy\u00e9 sp\u00e9cial charg\u00e9 de la question du Sahara occidental et des pays du Maghreb\u2019\u2019<\/em>, a ouvertement souhait\u00e9 \u00e0 la tribune de l\u2019ONU l&rsquo;av\u00e8nement d&rsquo;une R\u00e9publique libre au Rif. Ce diplomate&nbsp; ripostait au d\u00e9l\u00e9gu\u00e9 du Maroc \u00e0 l&rsquo;ONU, Omar Hilale, lors d&rsquo;une r\u00e9union du Comit\u00e9 sp\u00e9cial des Nations unies sur la d\u00e9colonisation.&nbsp;<\/p>\n\n\n\n<p>Pour le Maroc, il y a maintenant le risque suppl\u00e9mentaire que l\u2019Alg\u00e9rie soutienne non seulement le Polisario mais aussi le mouvement ind\u00e9pendantiste rifain.&nbsp;<\/p>\n\n\n\n<p>Pour narguer son homologue alg\u00e9rien, qui plaidait la cause sahraouie, Hilale avait \u00e0 nouveau appel\u00e9 \u00e0 la reconnaissance de l&rsquo;autonomie de la Kabylie. Pour rappel, en juillet 2021, ce diplomate&nbsp; avait, une premi\u00e8re fois, provoqu\u00e9 l&rsquo;ire de l&rsquo;Alg\u00e9rie en estimant que \u00ab<em>la Kabylie en Alg\u00e9rie m\u00e9ritait plus que tout autre de jouir pleinement de son droit \u00e0 l&rsquo;autod\u00e9termination<\/em>\u00bb.<\/p>\n\n\n\n<p>Le pouvoir d\u2019Alger qui rejette&nbsp; toute discussion autour de ce projet d&rsquo;ind\u00e9pendance de la Kabylie, pr\u00f4n\u00e9 par le Mouvement pour l&rsquo;autod\u00e9termination en Kabylie (MAK) est all\u00e9 jusqu\u2019\u00e0 classer ce mouvement comme&nbsp; \u00aborganisation terroriste\u00bb depuis mai 2021 et dont de nombreux militants sont toujours emprisonn\u00e9s.<\/p>\n\n\n\n<p>Amar Belani n\u2019est pas all\u00e9 par le dos de la cuill\u00e8re pour rendre un vibrant hommage aux militants ind\u00e9pendantistes du Rif marocain et \u00e0 son chef historique, Abdelkrim el-Khattabi, fondateur d&rsquo;une \u00e9ph\u00e9m\u00e8re R\u00e9publique dans le nord du Maroc, au d\u00e9but des ann\u00e9es 1920; <em>alors que le Maroc \u00e9tait divis\u00e9 en deux par les colonialismes espagnol et fran\u00e7ais <\/em>(NDLR).<\/p>\n\n\n\n<p>\u00ab<em>Ces vaillants fils du peuple du Rif, qui vivent sous la botte d&rsquo;un \u00c9tat voyou policier, r\u00eavent d&rsquo;une vie digne et d\u00e9cente et nourrissent l&rsquo;espoir ardent de pouvoir, un jour, s&rsquo;autod\u00e9terminer dans le prolongement de la l\u00e9gendaire R\u00e9publique du Rif\u00bb, <\/em>avait d\u00e9clar\u00e9 Bellani.&nbsp;<\/p>\n\n\n\n<p>L\u2019Alg\u00e9rie qui s\u2019est montr\u00e9 favorable \u00e0 la proclamation de la r\u00e9publique du rif au Maroc a m\u00eame accept\u00e9 l\u2019ouverture d\u2019une repr\u00e9sentation sur son sol en guise de r\u00e9ponse claire \u00e0 Rabat, accus\u00e9 par Alger de soutenir les ind\u00e9pendantistes kabyles.<\/p>\n\n\n\n<p>En parlant de ce mouvement, le MAK a officiellement proclam\u00e9, le 20 avril 2024, l\u2019ind\u00e9pendance de l\u2019Etat Kabyle depuis New York devant l\u2019ONU, un \u00ab<em>d\u00e9fi lanc\u00e9 pour l\u2019histoire<\/em>\u00bb, selon les militants kabyles. \u00ab<em>Consid\u00e9rant l\u2019ill\u00e9galit\u00e9 de l\u2019annexion de la Kabylie \u00e0 l\u2019Alg\u00e9rie fran\u00e7aise, qui n\u2019est attest\u00e9e par aucun acte de reddition ou de capitulation de la Kabylie, ni en 1857, ni en 1871. Consid\u00e9rant la guerre de lib\u00e9ration de la Kabylie contre l\u2019Alg\u00e9rie, men\u00e9e de 1963 \u00e0 1965, et qui n\u2019a donn\u00e9 lieu \u00e0 aucun acte de capitulation ou de reddition de la Kabylie. Consid\u00e9rant la naissance du gouvernement provisoire kabyle le 1er juin 2010 et du journal officiel de l\u2019Anavad. Consid\u00e9rant l\u2019adoption consensuelle de l\u2019hymne national kabyle. Consid\u00e9rant l\u2019adoption de la constitution kabyle accueillie avec fiert\u00e9 par le peuple<\/em><em> kabyle et la mise en circulation de la carte d\u2019identit\u00e9 kabyle (\u2026), je proclame, au nom du peuple kabyle, la renaissance pour l\u2019\u00e9ternit\u00e9 de l\u2019\u00c9tat kabyle sur la sc\u00e8ne nationale et internationale<\/em>\u00bb, a clam\u00e9 Mehenni dans une d\u00e9claration solennelle.<\/p>\n\n\n\n<p>\u00ab <em>Je le dis et je le r\u00e9p\u00e8te: quelle que soit la r\u00e9pression, la question kabyle ne se r\u00e9soudra ni par la prison ni par l\u2019arm\u00e9e alg\u00e9rienne<\/em>\u00bb, a-t-il compl\u00e9t\u00e9.<\/p>\n\n\n\n<p>Et en surfant sur les minorit\u00e9s- Rifains, Kabyles, Sahraouis- l\u2019Alg\u00e9rie et (ou) le Maroc ne font qu\u2019attiser les tensions.<\/p>\n\n\n\n<p><strong>Ya t-il des risques de d\u00e9rapages ?<\/strong><\/p>\n\n\n\n<p>Dans une tribune,&nbsp; Paolo De Mas, un expert du Maroc et ancien directeur de l\u2019Institut n\u00e9erlandais au Maroc (Nimar)&nbsp; consid\u00e8re qu\u2019il est peu probable que le soutien aux mouvements ind\u00e9pendantistes puisse provoquer une escalade entre l\u2019Alg\u00e9rie et le Maroc. \u00ab&nbsp;<em>De la propagande de pure forme<\/em>&nbsp;\u00bb, dit-il maintenant. Mais, nuance-t-il \u00e9galement, \u00ab&nbsp;<em>une aide financi\u00e8re r\u00e9elle aux mouvements s\u00e9paratistes pourrait bien provoquer une nouvelle escalade<\/em>&nbsp;\u00bb.<\/p>\n\n\n\n<p>Par <strong><em>Mbarek El Azzaoui<\/em><\/strong> pour <em><a href=\"http:\/\/maroc-canada.ca\">Maghreb Canada Express<\/a><\/em>, Vol. XXII, N\u00b003, Page 03, MAI 2024<\/p>\n\n\n\n<h2 class=\"wp-block-heading\"><a href=\"https:\/\/maghreb-canada.ca\/journal\/2024\/MCE246-03-2024.pdf\">LIRE L\u2019\u00c9DITION DU MOIS DE MAI 2024 (PDF)<\/a><\/h2>\n\n\n\n<figure class=\"wp-block-image\"><a href=\"https:\/\/maghreb-canada.ca\/journal\/2024\/MCE246-03-2024.pdf\"><img decoding=\"async\" src=\"https:\/\/maghreb-canada.ca\/journal\/2024\/n246.JPG\" alt=\"Maghreb Canada Express\"\/><\/a><\/figure>\n\n\n\n<p><a href=\"https:\/\/maghreb-canada.ca\/journal\/2024\/MCE246-03-2024.pdf\"><\/a><\/p>\n\n\n\n<figure class=\"wp-block-image\"><img loading=\"lazy\" decoding=\"async\" width=\"280\" height=\"1024\" src=\"https:\/\/maroc-canada.ca\/wp-content\/uploads\/2024\/05\/image.png\" alt=\"\" class=\"wp-image-6467\" srcset=\"https:\/\/maroc-canada.ca\/wp-content\/uploads\/2024\/05\/image.png 280w, https:\/\/maroc-canada.ca\/wp-content\/uploads\/2024\/05\/image-82x300.png 82w\" sizes=\"auto, (max-width: 280px) 100vw, 280px\" \/><\/figure>\n","protected":false},"excerpt":{"rendered":"<p>L&rsquo;Alg\u00e9rie a r\u00e9cemment annonc\u00e9 unilat\u00e9ralement \u2018\u2019la mort clinique Union du Maghreb Arabe (UMA)\u2019\u2019 et a\u00a0\u00a0\u00a0 propos\u00e9 la cr\u00e9ation d&rsquo;une nouvelle union , \u00e0 la place, excluant le Maroc. A ces tentatives\u00a0 de la division de\u00a0\u00a0 l\u2019espace maghr\u00e9bin, s\u2019ajoutent les menaces de soutien de la naissance d\u2019une r\u00e9publique rifaine au Maroc et\u00a0\u00a0\u00a0 la cr\u00e9ation d\u2019une r\u00e9publique [&hellip;]<\/p>\n","protected":false},"author":1,"featured_media":6468,"comment_status":"closed","ping_status":"closed","sticky":false,"template":"","format":"standard","meta":{"footnotes":""},"categories":[6,8],"tags":[],"class_list":["post-6477","post","type-post","status-publish","format-standard","has-post-thumbnail","hentry","category-maghreb","category-numero-du-mois"],"_links":{"self":[{"href":"https:\/\/maroc-canada.ca\/index.php?rest_route=\/wp\/v2\/posts\/6477","targetHints":{"allow":["GET"]}}],"collection":[{"href":"https:\/\/maroc-canada.ca\/index.php?rest_route=\/wp\/v2\/posts"}],"about":[{"href":"https:\/\/maroc-canada.ca\/index.php?rest_route=\/wp\/v2\/types\/post"}],"author":[{"embeddable":true,"href":"https:\/\/maroc-canada.ca\/index.php?rest_route=\/wp\/v2\/users\/1"}],"replies":[{"embeddable":true,"href":"https:\/\/maroc-canada.ca\/index.php?rest_route=%2Fwp%2Fv2%2Fcomments&post=6477"}],"version-history":[{"count":2,"href":"https:\/\/maroc-canada.ca\/index.php?rest_route=\/wp\/v2\/posts\/6477\/revisions"}],"predecessor-version":[{"id":6479,"href":"https:\/\/maroc-canada.ca\/index.php?rest_route=\/wp\/v2\/posts\/6477\/revisions\/6479"}],"wp:featuredmedia":[{"embeddable":true,"href":"https:\/\/maroc-canada.ca\/index.php?rest_route=\/wp\/v2\/media\/6468"}],"wp:attachment":[{"href":"https:\/\/maroc-canada.ca\/index.php?rest_route=%2Fwp%2Fv2%2Fmedia&parent=6477"}],"wp:term":[{"taxonomy":"category","embeddable":true,"href":"https:\/\/maroc-canada.ca\/index.php?rest_route=%2Fwp%2Fv2%2Fcategories&post=6477"},{"taxonomy":"post_tag","embeddable":true,"href":"https:\/\/maroc-canada.ca\/index.php?rest_route=%2Fwp%2Fv2%2Ftags&post=6477"}],"curies":[{"name":"wp","href":"https:\/\/api.w.org\/{rel}","templated":true}]}}