{"id":6529,"date":"2024-07-02T17:40:21","date_gmt":"2024-07-02T21:40:21","guid":{"rendered":"https:\/\/maroc-canada.ca\/?p=6529"},"modified":"2024-07-02T17:42:41","modified_gmt":"2024-07-02T21:42:41","slug":"promotion-des-investissements-etrangers-directs-dans-les-provinces-marocaines-du-sud","status":"publish","type":"post","link":"https:\/\/maroc-canada.ca\/?p=6529","title":{"rendered":"Promotion des investissements \u00e9trangers directs dans les Provinces marocaines du Sud"},"content":{"rendered":"\n<p>La Mission permanente du Maroc aupr\u00e8s de l\u2019ONU \u00e0 New York a organis\u00e9, le 1ier juillet 2024, un s\u00e9minaire international de recherche sur le th\u00e8me \u201cL\u2019autonomie territoriale : La promotion des investissements \u00e9trangers directs\u201d.<\/p>\n\n\n\n<p>Le s\u00e9minaire a \u00e9t\u00e9 anim\u00e9 par d\u2019\u00e9minents experts, chercheurs et universitaires de la Suisse, du Portugal, d\u2019Espagne, du Danemark, de l\u2019Indon\u00e9sie et de la Tanzanie.<\/p>\n\n\n\n<p>Il a connu la participation d\u2019une cinquantaine de diplomates, dont plusieurs ambassadeurs \u00e0 New York, de hauts responsables onusiens et des m\u00e9dias accr\u00e9dit\u00e9s aupr\u00e8s des Nations Unies.<\/p>\n\n\n\n<p>Cette rencontre a permis de comparer l\u2019Initiative d\u2019autonomie propos\u00e9e par le Royaume du Maroc pour la r\u00e9gion du Sahara avec d\u2019autres exp\u00e9riences d\u2019autonomie dans le monde, notamment en ce qui concerne la promotion des investissements directs \u00e9trangers dans les r\u00e9gions autonomes et la stimulation du d\u00e9veloppement \u00e9conomique des populations locales.<\/p>\n\n\n\n<p>Les experts internationaux ont eu l\u2019occasion de partager les exp\u00e9riences des \u00celes de Mad\u00e8re, Aceh, Zanzibare, F\u00e9ro\u00e9 et les D\u00e9pendances de la Couronne.<\/p>\n\n\n\n<p>M. Marc Finaud, Conseiller principal au \u201cCentre de politique de s\u00e9curit\u00e9 de Gen\u00e8ve\u201d, a rappel\u00e9 dans son intervention les dispositions de l\u2019Initiative marocaine d\u2019autonomie qui garantissent le d\u00e9veloppement socio-\u00e9conomique de la r\u00e9gion du Sahara, notamment son article 13 qui stipule que la r\u00e9gion disposera des ressources financi\u00e8res n\u00e9cessaires \u00e0 son d\u00e9veloppement et b\u00e9n\u00e9ficiera de fonds allou\u00e9s par l\u2019\u00c9tat en droite ligne du principe de solidarit\u00e9 nationale.<\/p>\n\n\n\n<p>En outre, il a indiqu\u00e9 que le Maroc mobilise les efforts pour attirer davantage d\u2019investissements \u00e9trangers directs dans la r\u00e9gion, qui, ajoute-il, vit au rythme d\u2019un dynamisme sans pr\u00e9c\u00e9dent \u00e0 la faveur du Nouveau mod\u00e8le de d\u00e9veloppement pour le Sahara lanc\u00e9 par Sa Majest\u00e9 le Roi Mohammed VI en 2015.<\/p>\n\n\n\n<p>M. Finaud a conclu en mettant en exergue le nombre croissant d\u2019\u00c9tats qui soutiennent l\u2019initiative d\u2019autonomie comme la seule solution au diff\u00e9rend r\u00e9gional sur le Sahara, en sus d\u2019une trentaine de pays arabes, africains, asiatiques et d\u2019Am\u00e9rique, et plusieurs organisations r\u00e9gionales, qui ont d\u00e9cid\u00e9 d\u2019ouvrir des repr\u00e9sentations diplomatiques dans les villes de La\u00e2youne et Dakhla.<\/p>\n\n\n\n<p>Dr. Rui Carita, professeur \u00e0 l\u2019Universit\u00e9 de Mad\u00e8re (Portugal), a fait, de son c\u00f4t\u00e9, une comparaison analytique entre le statut d\u2019autonomie de Mad\u00e8re et l\u2019Initiative marocaine d\u2019autonomie. Dans ce cadre, il a mis en exergue l\u2019article 13 de l\u2019Initiative marocaine et propos\u00e9 d\u2019\u00e9tablir un Centre d\u2019affaires international au Sahara marocain, visant \u00e0 attirer de nouveaux investissements, \u00e0 l\u2019instar des r\u00e9gions autonomes atlantiques voisines comme le Mad\u00e8re.<\/p>\n\n\n\n<p>Par ailleurs, il a estim\u00e9 que \u201c<em>la reconnaissance internationale progressive de la souverainet\u00e9 marocaine sur le Sahara et l\u2019ouverture de plusieurs consulats \u00e0 Dakhla et La\u00e2youne d\u00e9montre une urgence de d\u00e9finir le statut de la nouvelle r\u00e9gion autonome<\/em>\u201d, affirmant, \u00e0 ce titre, que \u201c<em>l\u2019analyse de l\u2019histoire des r\u00e9gions autonomes atlantiques europ\u00e9ennes des A\u00e7ores, de Mad\u00e8re et des \u00eeles Canaries, et les c\u00f4tes d\u2019Afrique du Nord, permet de conclure que l\u2019avenir de la question du Sahara marocain impliquera l\u2019\u00e9tablissement d\u2019une r\u00e9gion autonome du Maroc<\/em>\u201d.<\/p>\n\n\n\n<p>Pour sa part, Dr. Maria Mut Bosque, Professeur de droit \u00e0 l\u2019Universit\u00e9 de Catalogne (Espagne), a rappel\u00e9 que \u201c<em>l\u2019Initiative d\u2019autonomie a \u00e9t\u00e9 pr\u00e9sent\u00e9e par le Maroc au Secr\u00e9taire g\u00e9n\u00e9ral de l\u2019ONU, afin de sortir de l\u2019impasse dans les n\u00e9gociations sur le diff\u00e9rend r\u00e9gional sur le Sahara<\/em>\u201d.<\/p>\n\n\n\n<p>Dans ce cadre, elle a soulign\u00e9 que le Conseil de s\u00e9curit\u00e9 de l\u2019ONU, dans ses r\u00e9solutions successives, a qualifi\u00e9 l\u2019Initiative marocaine de \u201c<em>s\u00e9rieuse et cr\u00e9dible<\/em>\u201d.<\/p>\n\n\n\n<p>Au sujet de la promotion des investissements directs \u00e9trangers, elle s\u2019est \u00e9tal\u00e9e sur les dispositions de l\u2019article 13 pour soutenir le d\u00e9veloppement de la r\u00e9gion du Sahara. Enfin, elle a rappel\u00e9 la proclamation des \u00c9tats-Unis sur la reconnaissance de la souverainet\u00e9 du Maroc sur le Sahara, expliquant que <strong>l\u2019ouverture du consulat am\u00e9ricain \u00e0 Dakhla vise \u00e0 \u201c<\/strong><strong><em>promouvoir les opportunit\u00e9s \u00e9conomiques et commerciales dans la r\u00e9gion<\/em><\/strong><strong>\u201d.<\/strong><\/p>\n\n\n\n<p>Elle a donn\u00e9 l\u2019exemple de \u201c<em>la Soci\u00e9t\u00e9 financi\u00e8re internationale des \u00c9tats-Unis pour le d\u00e9veloppement qui a annonc\u00e9 un plan d\u2019investissement de 5 milliards de dollars au Maroc et dans la r\u00e9gion<\/em>\u201d.<\/p>\n\n\n\n<p>De son c\u00f4t\u00e9, Dr Mawardi Ismail, professeur de droit \u00e0 l\u2019Universit\u00e9 de Syiah Kuala (Indon\u00e9sie), a applaudi le \u201c<em>s\u00e9rieux du Maroc dans la r\u00e9solution du diff\u00e9rend r\u00e9gional sur le Sahara<\/em>\u201d qui, pour lui, \u201cest \u00e9vident dans la volont\u00e9 du Maroc d\u2019offrir l\u2019opportunit\u00e9 d\u2019am\u00e9liorer sa proposition d\u2019autonomie lors des n\u00e9gociations\u201d.<\/p>\n\n\n\n<p>En mati\u00e8re d\u2019investissements directs \u00e9trangers, M. Mawardi s\u2019est longuement \u00e9tal\u00e9 sur les efforts du Maroc en mati\u00e8re de promotion de l\u2019\u00e9conomie et du d\u00e9veloppement durable, y compris au Sahara marocain. A ce titre, il a indiqu\u00e9 que \u201c<em>le Maroc d\u00e9ploie des efforts consid\u00e9rables pour s\u2019imposer comme la porte d\u2019entr\u00e9e vers l\u2019Afrique en mati\u00e8re d\u2019investissement<\/em>\u201d.<\/p>\n\n\n\n<p>Citant la Conf\u00e9rence des Nations Unies sur le commerce et le d\u00e9veloppement, il a indiqu\u00e9 que <strong>le Maroc est le 9\u00e8me pays qui a attir\u00e9 le plus d\u2019investissements directs \u00e9trangers en Afrique, en 2021<\/strong>. Pour lui, \u201c<em>le Maroc a fait tellement d\u2019efforts qu\u2019il s\u2019est hiss\u00e9 au au 53\u00e8me rang \u00e0 l\u2019\u00e9chelle mondiale au classement du \u2018Easy of Doing Business\u2019 en 2020<\/em>\u201d. Il s\u2019agit, selon lui, de \u201cprogression spectaculaire\u201d.<\/p>\n\n\n\n<p>L\u2019intervenant a affirm\u00e9 que la politique du Maroc visant \u00e0 faciliter l\u2019ouverture de consulats \u00e9trangers dans la r\u00e9gion du Sahara permettra d\u2019attirer davantage d\u2019investissements \u00e9trangers dans la r\u00e9gion du Sahara. Ce qu\u2019il trouve \u201ctr\u00e8s int\u00e9ressant\u201d, notant que \u201ccette politique n\u2019existe pas dans la mise en \u0153uvre de l\u2019autonomie sp\u00e9ciale \u00e0 Aceh\u201d.<\/p>\n\n\n\n<p>Dans sa pr\u00e9sentation, Dr. Johnny \u00ed Gr\u00f3 tinum, professeur \u00e0 l\u2019Universit\u00e9 des \u00eeles F\u00e9ro\u00e9 (Danemark), a pr\u00e9sent\u00e9 quelques diff\u00e9rences entre le statut d\u2019autonomie appliqu\u00e9 dans les \u00eeles F\u00e9ro\u00e9 et celui pr\u00e9vu dans la r\u00e9gion du Sahara marocain.<\/p>\n\n\n\n<p>Dans ce cadre, il a indiqu\u00e9 que l\u2019archipel danois est s\u00e9par\u00e9 du continent, tandis que le Sahara fait partie du territoire continental du Maroc, ajoutant \u201cqu\u2019en raison de sa position g\u00e9ographique, l\u2019\u00e9conomie des \u00eeles F\u00e9ro\u00e9 repose principalement sur la p\u00eache et la pisciculture, alors que l\u2019\u00e9conomie de la r\u00e9gion du Sahara peut \u00eatre plus diversifi\u00e9e, avec les secteurs de la p\u00eache maritime et d\u2019autres ressources naturelles, ainsi qu\u2019en d\u00e9veloppant son potentiel industriel\u201d.<\/p>\n\n\n\n<p>Il a not\u00e9 que \u201cle syst\u00e8me fiscal autonome des \u00eeles F\u00e9ro\u00e9 est tr\u00e8s d\u00e9velopp\u00e9 et attractif pour les investisseurs \u00e9trangers. Ce que la r\u00e9gion du Sahara doit attendre jusqu\u2019\u00e0 ce que les n\u00e9gociations pour l\u2019autonomie soient finalis\u00e9es\u201d. Enfin, il a estim\u00e9 que \u201cle syst\u00e8me fiscal des \u00eeles F\u00e9ro\u00e9, avec ses incitations et all\u00e9gements fiscaux pour les investisseurs \u00e9trangers, pourrait \u00eatre un mod\u00e8le pour la r\u00e9gion du Sahara\u201d.<\/p>\n\n\n\n<p>Dans la m\u00eame veine, Dr. Yahya Khamis Hamad, doyen de la Facult\u00e9 de droit et de charia \u00e0 l\u2019Universit\u00e9 de Zanzibar (Tanzanie), a compar\u00e9 l\u2019un des exemples africains d\u2019autonomie territoriale, le Zanzibar, avec le Sahara marocain. Dans ce cadre, il a affirm\u00e9 que \u201cle Zanzibar a tout \u00e0 gagner de l\u2019exp\u00e9rience et des progr\u00e8s de d\u00e9veloppement r\u00e9alis\u00e9s par le Maroc et de sa transformation en un mod\u00e8le pour de nombreux \u00c9tats en difficult\u00e9 sur le continent africain et ailleurs\u201d.<\/p>\n\n\n\n<p>A ce titre, il a consid\u00e9r\u00e9 \u201c<em>tr\u00e8s important d\u2019apprendre des progr\u00e8s g\u00e9ants r\u00e9alis\u00e9s par le Royaume du Maroc en mati\u00e8re d\u2019investissements et d\u2019affaires, ainsi que dans les domaines de l\u2019industrialisation, du tourisme, de la p\u00eache, des sports et autres domaines qui rendent le peuple marocain heureux et fier<\/em>\u201d.<\/p>\n\n\n\n<p>Il a appr\u00e9ci\u00e9 \u201c<em>l\u2019usage intelligent, par le Maroc, de sa position g\u00e9ographique strat\u00e9gique, situ\u00e9e entre l\u2019Europe et l\u2019Afrique subsaharienne, sa gouvernance et sa stabilit\u00e9 politique<\/em>\u201d, expliquant que ces \u00e9l\u00e9ments ont permis de cr\u00e9er un cadre juridique et des infrastructures modernes qui attirent les investisseurs.<\/p>\n\n\n\n<p>L\u2019intervenant a soulign\u00e9 que \u201c<strong><em>le Maroc occupe une position enviable en tant que l\u2019un des leaders du continent africain et au-del\u00e0<\/em><\/strong>\u201d, relevant que le \u201cZanzibar a beaucoup \u00e0 gagner des efforts d\u00e9ploy\u00e9s par le Maroc\u201d.<\/p>\n\n\n\n<p>Intervenant \u00e0 cette occasion, l\u2019ambassadeur, repr\u00e9sentant permanent du Maroc aupr\u00e8s de l\u2019ONU, Omar Hilale, a indiqu\u00e9 que ce s\u00e9minaire, qui est en sa 13\u00e8me ann\u00e9e, t\u00e9moigne de la volont\u00e9 politique et du s\u00e9rieux qui animent le Royaume du Maroc pour trouver une solution politique au diff\u00e9rend bilat\u00e9ral avec l\u2019Alg\u00e9rie sur la base d\u2019une autonomie \u00e9largie.<\/p>\n\n\n\n<p>Il a relev\u00e9 que les mod\u00e8les d\u2019autonomie pr\u00e9sent\u00e9s lors de cette conf\u00e9rence prouvent l\u2019efficacit\u00e9 de ce m\u00e9canisme de gouvernance, notamment en mati\u00e8re de promotion des investissements, de la prosp\u00e9rit\u00e9, du vivre-ensemble, des r\u00e9conciliations et du partage de pouvoir.<\/p>\n\n\n\n<p>En comparaison avec les autres mod\u00e8les d\u2019autonomie de par le monde, le plan propos\u00e9 par le Maroc est la meilleure solution d\u2019autant plus qu\u2019il se d\u00e9marque par ses dispositions g\u00e9n\u00e9reuses, a not\u00e9 l\u2019ambassadeur, ajoutant que par rapport \u00e0 plusieurs cas, notamment en Europe, l\u2019Initiative marocaine d\u2019autonomie offre plus de pouvoir et de pr\u00e9rogatives aux instances et \u00e0 la population locales.<strong><\/strong><\/p>\n\n\n\n<p>M. Hilale a, de m\u00eame, fait remarquer que <strong>le Conseil de s\u00e9curit\u00e9 qualifie de s\u00e9rieuse et cr\u00e9dible l\u2019initiative marocaine parce qu\u2019elle pr\u00e9sente plusieurs m\u00e9canismes et paradigmes qui peuvent r\u00e9soudre des probl\u00e8mes politiques et r\u00e9gionaux, r\u00e9duire les tensions avec les voisins et contribuer \u00e0 la paix et la s\u00e9curit\u00e9 dans l\u2019ensemble de la r\u00e9gion. C\u2019est pour cela que plus de 110 pays expriment leur soutien au plan marocain d\u2019autonomie comme \u201cla solution\u201d au diff\u00e9rend r\u00e9gional autour du Sahara marocain, tout en reconnaissant que la d\u00e9colonisation a \u00e9t\u00e9 achev\u00e9e une fois pour toutes par le retour des provinces du Sud \u00e0 la M\u00e8re-patrie, le Maroc<\/strong>, a soulign\u00e9 le diplomate.<\/p>\n\n\n\n<p>L\u2019ambassadeur a \u00e9galement cit\u00e9 le soutien de plus de 18 pays europ\u00e9ens \u00e0 l\u2019initiative marocaine, dont 15 sont membres de l\u2019Union europ\u00e9en, ce qui prouve la cr\u00e9dibilit\u00e9 et le s\u00e9rieux de l\u2019Initiative marocaine d\u2019autonomie et conforte, ainsi, le Sahara marocain comme un moteur \u00e9conomique et un hub privil\u00e9gi\u00e9 d\u2019Afrique de l\u2019Ouest et de l\u2019espace transatlantique.<\/p>\n\n\n\n<p><em>Source : MAP<\/em>, <em><a href=\"http:\/\/maroc-canada.ca\" data-type=\"link\" data-id=\"maroc-canada.ca\">Maghreb Canada Express<\/a>,<\/em> Vol. XXII, N\u00b005, Page 07, JUILLET 2024<\/p>\n\n\n\n<p><\/p>\n\n\n\n<h2 class=\"wp-block-heading\"><a href=\"https:\/\/maghreb-canada.ca\/journal\/2024\/MCE248-05-2024.pdf\">\u00c9DITION DE JUILLET 2024 (PDF)<\/a><\/h2>\n\n\n\n<figure class=\"wp-block-image\"><a href=\"https:\/\/maghreb-canada.ca\/journal\/2024\/MCE248-05-2024.pdf\"><img decoding=\"async\" src=\"https:\/\/maghreb-canada.ca\/journal\/2024\/n248.JPG\" alt=\"Maghreb Canada Express\"\/><\/a><\/figure>\n\n\n\n<h6 class=\"wp-block-heading\"><\/h6>\n\n\n\n<figure class=\"wp-block-image size-large\"><img decoding=\"async\" src=\"https:\/\/maghreb-canada.ca\/journal\/PUB\/Driss_Nadir.jpg\" alt=\"\"\/><\/figure>\n\n\n\n<figure class=\"wp-block-image size-large\"><img decoding=\"async\" src=\"https:\/\/maghreb-canada.ca\/journal\/PUB\/TURKISH_AL(juillet-2024).jpg\" alt=\"\"\/><\/figure>\n\n\n\n<figure class=\"wp-block-image size-large\"><img decoding=\"async\" src=\"https:\/\/maghreb-canada.ca\/journal\/PUB\/VOEUX%20FETE%20CANADA.jpg\" alt=\"\"\/><\/figure>\n\n\n\n<figure class=\"wp-block-image size-large\"><img decoding=\"async\" src=\"https:\/\/maroc-canada.ca\/wp-content\/uploads\/2021\/12\/ours-280x1024.jpg\" alt=\"\"\/><\/figure>\n","protected":false},"excerpt":{"rendered":"<p>La Mission permanente du Maroc aupr\u00e8s de l\u2019ONU \u00e0 New York a organis\u00e9, le 1ier juillet 2024, un s\u00e9minaire international de recherche sur le th\u00e8me \u201cL\u2019autonomie territoriale : La promotion des investissements \u00e9trangers directs\u201d. Le s\u00e9minaire a \u00e9t\u00e9 anim\u00e9 par d\u2019\u00e9minents experts, chercheurs et universitaires de la Suisse, du Portugal, d\u2019Espagne, du Danemark, de l\u2019Indon\u00e9sie [&hellip;]<\/p>\n","protected":false},"author":1,"featured_media":6194,"comment_status":"closed","ping_status":"closed","sticky":false,"template":"","format":"standard","meta":{"footnotes":""},"categories":[6,7,8],"tags":[],"class_list":["post-6529","post","type-post","status-publish","format-standard","has-post-thumbnail","hentry","category-maghreb","category-monde","category-numero-du-mois"],"_links":{"self":[{"href":"https:\/\/maroc-canada.ca\/index.php?rest_route=\/wp\/v2\/posts\/6529","targetHints":{"allow":["GET"]}}],"collection":[{"href":"https:\/\/maroc-canada.ca\/index.php?rest_route=\/wp\/v2\/posts"}],"about":[{"href":"https:\/\/maroc-canada.ca\/index.php?rest_route=\/wp\/v2\/types\/post"}],"author":[{"embeddable":true,"href":"https:\/\/maroc-canada.ca\/index.php?rest_route=\/wp\/v2\/users\/1"}],"replies":[{"embeddable":true,"href":"https:\/\/maroc-canada.ca\/index.php?rest_route=%2Fwp%2Fv2%2Fcomments&post=6529"}],"version-history":[{"count":3,"href":"https:\/\/maroc-canada.ca\/index.php?rest_route=\/wp\/v2\/posts\/6529\/revisions"}],"predecessor-version":[{"id":6532,"href":"https:\/\/maroc-canada.ca\/index.php?rest_route=\/wp\/v2\/posts\/6529\/revisions\/6532"}],"wp:featuredmedia":[{"embeddable":true,"href":"https:\/\/maroc-canada.ca\/index.php?rest_route=\/wp\/v2\/media\/6194"}],"wp:attachment":[{"href":"https:\/\/maroc-canada.ca\/index.php?rest_route=%2Fwp%2Fv2%2Fmedia&parent=6529"}],"wp:term":[{"taxonomy":"category","embeddable":true,"href":"https:\/\/maroc-canada.ca\/index.php?rest_route=%2Fwp%2Fv2%2Fcategories&post=6529"},{"taxonomy":"post_tag","embeddable":true,"href":"https:\/\/maroc-canada.ca\/index.php?rest_route=%2Fwp%2Fv2%2Ftags&post=6529"}],"curies":[{"name":"wp","href":"https:\/\/api.w.org\/{rel}","templated":true}]}}