{"id":705,"date":"2013-03-28T07:28:38","date_gmt":"2013-03-28T11:28:38","guid":{"rendered":"http:\/\/maroc-canada.ca\/?p=705"},"modified":"2013-03-28T20:30:09","modified_gmt":"2013-03-29T00:30:09","slug":"fquih-ben-salah-berceau-de-lodt-travailleurs-immigres-un-syndicat-dimmigres-subsahariens-installes-au-maroc","status":"publish","type":"post","link":"https:\/\/maroc-canada.ca\/?p=705","title":{"rendered":"Fquih Ben Salah : Berceau de l&rsquo;ODT-Travailleurs Immigr\u00e9s-  un syndicat d\u2019immigr\u00e9s subsahariens install\u00e9s au Maroc"},"content":{"rendered":"<p><a href=\"http:\/\/maroc-canada.ca\/?attachment_id=706\" rel=\"attachment wp-att-706\"><img loading=\"lazy\" decoding=\"async\" class=\"size-medium wp-image-706 alignleft\" alt=\"forum3\" src=\"http:\/\/maroc-canada.ca\/wp-content\/uploads\/2013\/03\/forum3-300x174.jpg\" width=\"300\" height=\"174\" srcset=\"https:\/\/maroc-canada.ca\/wp-content\/uploads\/2013\/03\/forum3-300x174.jpg 300w, https:\/\/maroc-canada.ca\/wp-content\/uploads\/2013\/03\/forum3.jpg 624w\" sizes=\"auto, (max-width: 300px) 100vw, 300px\" \/><\/a>Fquih Ben Salah est certes le berceau de l&rsquo;immigration au Maroc, mais aussi celui de l&rsquo;Organisation D\u00e9mocratique des Travailleurs Immigr\u00e9s.<br \/>\nFquih Ben Salah, connu dans l&rsquo;histoire pour ses nombreuses vagues d&rsquo;immigration (notamment vers l,Italie, puis vers l\u2019espagne NDLR) a \u00e9galement inspir\u00e9 la cr\u00e9ation d&rsquo;un syndicat en faveur des immigr\u00e9s install\u00e9s au Maroc.<\/p>\n<h2>Une premi\u00e8re dans le continent africain !<\/h2>\n<p>Dans son allocution au cours des travaux de la 3\u00e8me \u00e9dition du forum international sur la migration tenu \u00e0 Fqih Ben Salah du 8-9 Mars, AMIYETO Marcel, S.G de l&rsquo;ODT (Photo ci-dessous)a rendu un hommage aux organisateurs de ce forum.<br \/>\n\u201cc&rsquo;est au cours de la 2\u00e8me \u00e9dition du forum International sur la migration tenue ici \u00e0 Fquih Ben Salah en 2012 que m&rsquo;est venue l&rsquo;id\u00e9e de cr\u00e9er un syndicat pour la d\u00e9fense des droits des immigr\u00e9s au Maroc. \u00a0\u00bb A-t-il tenu de souligner dans son allocution.<br \/>\nLe forum international sur la migration de Fqih Ben Salah a impuls\u00e9 la participation massive en Mai 2012 de nombreux travailleurs d&rsquo;origine subsaharienne install\u00e9s au Maroc \u00e0 la f\u00eate du travail sous la banni\u00e8re du syndicat ODT (Organisation D\u00e9mocratique du Travail).<br \/>\nCet engagement en faveur des droits des Travailleurs migrants a culmin\u00e9 en Juillet 2012 \u00e0 la cr\u00e9ation du collectif syndical ODT-Travailleurs Immigr\u00e9s lors du premier congr\u00e8s national constitutif tenu \u00e0 Rabat le 1er Juillet 2012.<br \/>\nLa cr\u00e9ation de ce groupement syndical a marqu\u00e9 un nouvel \u00e9lan dans la d\u00e9fense des droits des travailleurs migrants au Maroc en leur dotant d&rsquo;un cadre r\u00e9glementaire. Une action qui jusqu&rsquo;alors n&rsquo;\u00e9tait entreprise que par des ONGs et la soci\u00e9t\u00e9 civile.<br \/>\nLe forum de la migration de Fqih Ben Salah demeurera grav\u00e9 dans les archives de l&rsquo;Organisation des Travailleurs Immigr\u00e9s comme la source de sa naissance. Des actions en faveur de sa cr\u00e9ation ont \u00e9t\u00e9 entreprises certes par d&rsquo;autres acteurs, mais elles n&rsquo;auraient pas eu lieu si en aval un souffle d&rsquo;engagement et d&rsquo;espoir n&rsquo;avait \u00e9t\u00e9 insuffl\u00e9 dans cette localit\u00e9 de de Tadla-Azilal.<\/p>\n<p><strong>Par Danielle France Engolo,<\/strong> Membre du bureau national de l&rsquo;ODt-travailleurs Immigr\u00e9s, Etudiante en 2\u00e8me ann\u00e9e master Moroccan-American Studies (Universit\u00e9 Hassan II-Facult\u00e9 des Lettres et des Sciences Humaines) et Journaliste au quotidien Al Bayane-Maroc<\/p>\n","protected":false},"excerpt":{"rendered":"<p>Fquih Ben Salah est certes le berceau de l&rsquo;immigration au Maroc, mais aussi celui de l&rsquo;Organisation D\u00e9mocratique des Travailleurs Immigr\u00e9s. Fquih Ben Salah, connu dans l&rsquo;histoire pour ses nombreuses vagues d&rsquo;immigration (notamment vers l,Italie, puis vers l\u2019espagne NDLR) a \u00e9galement inspir\u00e9 la cr\u00e9ation d&rsquo;un syndicat en faveur des immigr\u00e9s install\u00e9s au Maroc. Une premi\u00e8re dans [&hellip;]<\/p>\n","protected":false},"author":1,"featured_media":706,"comment_status":"open","ping_status":"open","sticky":false,"template":"","format":"standard","meta":{"footnotes":""},"categories":[5],"tags":[87,86],"class_list":["post-705","post","type-post","status-publish","format-standard","has-post-thumbnail","hentry","category-immigration","tag-immigration-subsaharienne","tag-syndicat-odt-maroc-i"],"_links":{"self":[{"href":"https:\/\/maroc-canada.ca\/index.php?rest_route=\/wp\/v2\/posts\/705","targetHints":{"allow":["GET"]}}],"collection":[{"href":"https:\/\/maroc-canada.ca\/index.php?rest_route=\/wp\/v2\/posts"}],"about":[{"href":"https:\/\/maroc-canada.ca\/index.php?rest_route=\/wp\/v2\/types\/post"}],"author":[{"embeddable":true,"href":"https:\/\/maroc-canada.ca\/index.php?rest_route=\/wp\/v2\/users\/1"}],"replies":[{"embeddable":true,"href":"https:\/\/maroc-canada.ca\/index.php?rest_route=%2Fwp%2Fv2%2Fcomments&post=705"}],"version-history":[{"count":3,"href":"https:\/\/maroc-canada.ca\/index.php?rest_route=\/wp\/v2\/posts\/705\/revisions"}],"predecessor-version":[{"id":715,"href":"https:\/\/maroc-canada.ca\/index.php?rest_route=\/wp\/v2\/posts\/705\/revisions\/715"}],"wp:featuredmedia":[{"embeddable":true,"href":"https:\/\/maroc-canada.ca\/index.php?rest_route=\/wp\/v2\/media\/706"}],"wp:attachment":[{"href":"https:\/\/maroc-canada.ca\/index.php?rest_route=%2Fwp%2Fv2%2Fmedia&parent=705"}],"wp:term":[{"taxonomy":"category","embeddable":true,"href":"https:\/\/maroc-canada.ca\/index.php?rest_route=%2Fwp%2Fv2%2Fcategories&post=705"},{"taxonomy":"post_tag","embeddable":true,"href":"https:\/\/maroc-canada.ca\/index.php?rest_route=%2Fwp%2Fv2%2Ftags&post=705"}],"curies":[{"name":"wp","href":"https:\/\/api.w.org\/{rel}","templated":true}]}}