{"id":7135,"date":"2025-07-22T13:37:34","date_gmt":"2025-07-22T17:37:34","guid":{"rendered":"https:\/\/maroc-canada.ca\/?p=7135"},"modified":"2025-07-23T15:13:47","modified_gmt":"2025-07-23T19:13:47","slug":"des-acteurs-associatifs-au-canada-denoncent-le-refus-de-h-jerando-de-se-plier-au-jugement-de-la-cour-superieure-du-quebec","status":"publish","type":"post","link":"https:\/\/maroc-canada.ca\/?p=7135","title":{"rendered":"Des acteurs associatifs au Canada d\u00e9noncent le refus de H. Jerando de se plier au jugement de la Cour sup\u00e9rieure du Qu\u00e9bec"},"content":{"rendered":"\n<p>Suite au jugement rendu, le 1 4 juillet 2025, par la Cour sup\u00e9rieure du Qu\u00e9bec dans le recours en diffamation, opposant M. Adil Said Lamtiri (plaignant), de nationalit\u00e9 marocaine, au youtubeur maroco-canadien Hicham Jerando (jugement ex\u00e9cutoire nonobstant appel, condamnant M. Hicham Jerando \u00e0 verser au plaignant une indemnit\u00e9 de 164 514 dollars canadiens au titre des dommages moraux et punitifs tout en lui ordonnant de supprimer l\u2019ensemble des vid\u00e9os diffamatoires publi\u00e9es et tout en lui interdisant toute nouvelle publication portant atteinte \u00e0 M. Lamtiri) , un collectif d&rsquo;associations et de regroupements de Marocains r\u00e9sidant au Canada d\u00e9nonce l\u2019attitude de M. Jerando qui, non seulement n&rsquo;a pas supprim\u00e9 le contenu diffamant , mais qui continue de publier des vid\u00e9os mettant en cause le plaignant.<\/p>\n\n\n\n<p>Dans un communiqu\u00e9, diffus\u00e9 sur les r\u00e9seaux sociaux et par courriels, ce collectif, qui salue le jugement rendu par la cour tout en rappelant ses grandes lignes, affirme que M. Jerando a remis en cause ce jugement, a accus\u00e9 la justice canadienne de partialit\u00e9 et de collusion avec la partie adverse, a insult\u00e9 M. Lamtiri et l&rsquo;a menac\u00e9 d&rsquo;une nouvelle campagne de diffamation contre sa personne.<\/p>\n\n\n\n<p><em>Ce comportement indigne de tout citoyen digne de ce nom<\/em>, souligne le communiqu\u00e9, <em>d\u00e9montre une volont\u00e9 manifeste d\u2019ignorer les institutions judiciaires et de d\u00e9fier les lois du pays d\u2019accueil<\/em>.<\/p>\n\n\n\n<p>Et le communiqu\u00e9 d&rsquo;ajouter que \u00ab\u00a0<em>C\u2019est pourquoi, les associations et regroupements des Marocains d\u00e9noncent vivement un tel comportement asocial et tiennent \u00e0 rappeler que la quasi-majorit\u00e9 des Marocains \u00e9tablis au Canada sont parfaitement int\u00e9gr\u00e9s dans le pays d&rsquo;accueil, respectent les lois, les institutions et les d\u00e9cisions de justice et contribuent de mani\u00e8re active au d\u00e9veloppement socio-\u00e9conomique du pays. Ils rejettent toute attitude de d\u00e9fiance syst\u00e9matique vis-\u00e0-vis des lois et r\u00e8glements en vigueur et estiment que les d\u00e9cisions de justice doivent \u00eatre respect\u00e9es par tous. Le cas de M. Jerando est isol\u00e9 et ne saurait en aucun cas \u00eatre associ\u00e9 \u00e0 l\u2019image de la communaut\u00e9 marocaine<\/em>\u00ab\u00a0.<\/p>\n\n\n\n<p>Et le communiqu\u00e9 de conclure que \u00ab\u00a0<em>les associations et regroupements des Marocains r\u00e9sidant au Canada en appellent, de ce fait, aux autorit\u00e9s comp\u00e9tentes pour tirer toutes les cons\u00e9quences utiles face \u00e0 ces agissements r\u00e9p\u00e9t\u00e9s, afin de garantir le respect des d\u00e9cisions de justice et la protection des victimes<\/em>\u00ab\u00a0.<\/p>\n\n\n\n<p>Ali Mounir El Atlassi<\/p>\n","protected":false},"excerpt":{"rendered":"<p>Suite au jugement rendu, le 1 4 juillet 2025, par la Cour sup\u00e9rieure du Qu\u00e9bec dans le recours en diffamation, opposant M. Adil Said Lamtiri (plaignant), de nationalit\u00e9 marocaine, au youtubeur maroco-canadien Hicham Jerando (jugement ex\u00e9cutoire nonobstant appel, condamnant M. Hicham Jerando \u00e0 verser au plaignant une indemnit\u00e9 de 164 514 dollars canadiens au titre [&hellip;]<\/p>\n","protected":false},"author":1,"featured_media":7136,"comment_status":"closed","ping_status":"closed","sticky":false,"template":"","format":"standard","meta":{"footnotes":""},"categories":[171,4,5,6],"tags":[],"class_list":["post-7135","post","type-post","status-publish","format-standard","has-post-thumbnail","hentry","category-actus-en-videos","category-canada","category-immigration","category-maghreb"],"_links":{"self":[{"href":"https:\/\/maroc-canada.ca\/index.php?rest_route=\/wp\/v2\/posts\/7135","targetHints":{"allow":["GET"]}}],"collection":[{"href":"https:\/\/maroc-canada.ca\/index.php?rest_route=\/wp\/v2\/posts"}],"about":[{"href":"https:\/\/maroc-canada.ca\/index.php?rest_route=\/wp\/v2\/types\/post"}],"author":[{"embeddable":true,"href":"https:\/\/maroc-canada.ca\/index.php?rest_route=\/wp\/v2\/users\/1"}],"replies":[{"embeddable":true,"href":"https:\/\/maroc-canada.ca\/index.php?rest_route=%2Fwp%2Fv2%2Fcomments&post=7135"}],"version-history":[{"count":5,"href":"https:\/\/maroc-canada.ca\/index.php?rest_route=\/wp\/v2\/posts\/7135\/revisions"}],"predecessor-version":[{"id":7143,"href":"https:\/\/maroc-canada.ca\/index.php?rest_route=\/wp\/v2\/posts\/7135\/revisions\/7143"}],"wp:featuredmedia":[{"embeddable":true,"href":"https:\/\/maroc-canada.ca\/index.php?rest_route=\/wp\/v2\/media\/7136"}],"wp:attachment":[{"href":"https:\/\/maroc-canada.ca\/index.php?rest_route=%2Fwp%2Fv2%2Fmedia&parent=7135"}],"wp:term":[{"taxonomy":"category","embeddable":true,"href":"https:\/\/maroc-canada.ca\/index.php?rest_route=%2Fwp%2Fv2%2Fcategories&post=7135"},{"taxonomy":"post_tag","embeddable":true,"href":"https:\/\/maroc-canada.ca\/index.php?rest_route=%2Fwp%2Fv2%2Ftags&post=7135"}],"curies":[{"name":"wp","href":"https:\/\/api.w.org\/{rel}","templated":true}]}}