{"id":717,"date":"2013-03-30T09:15:17","date_gmt":"2013-03-30T13:15:17","guid":{"rendered":"http:\/\/maroc-canada.ca\/?p=717"},"modified":"2013-03-30T09:41:35","modified_gmt":"2013-03-30T13:41:35","slug":"maghreb-maroc-le-couple-royal-laisse-tomber-le-protocole","status":"publish","type":"post","link":"https:\/\/maroc-canada.ca\/?p=717","title":{"rendered":"Maghreb \/ Maroc : Le couple royal laisse tomber le protocole"},"content":{"rendered":"<p><a href=\"http:\/\/maroc-canada.ca\/?attachment_id=718\" rel=\"attachment wp-att-718\"><img loading=\"lazy\" decoding=\"async\" class=\"size-medium wp-image-718 alignleft\" alt=\"lallasalmamaroc\" src=\"http:\/\/maroc-canada.ca\/wp-content\/uploads\/2013\/03\/lallasalmamaroc-300x159.jpg\" width=\"300\" height=\"159\" srcset=\"https:\/\/maroc-canada.ca\/wp-content\/uploads\/2013\/03\/lallasalmamaroc-300x159.jpg 300w, https:\/\/maroc-canada.ca\/wp-content\/uploads\/2013\/03\/lallasalmamaroc.jpg 460w\" sizes=\"auto, (max-width: 300px) 100vw, 300px\" \/><\/a>Lors de sa tourn\u00e9e africaine, le roi Mohammed VI est apparu sur plusieurs photos, d\u00e9contract\u00e9 et lib\u00e9r\u00e9 des contraintes du protocole. Au S\u00e9n\u00e9gal, une image le montre en tenue sport et lunettes de soleil, avec un bob sur la t\u00eate, se promenant en voiture dans la capitale Dakar, dans laquelle il a prolong\u00e9 son s\u00e9jour de 24 heures. Mohammed VI a par ailleurs rendu visite \u00e0 un groupe de Marocains avec lesquels il a \u00e9galement pris la pose, hors \u00e9tiquette.<\/p>\n<p>Les r\u00e9seaux sociaux ont fait circuler plusieurs de ces images o\u00f9 l\u2019on voit le roi v\u00eatu d\u2019une simple saharienne ou d\u2019un t-shirt. Mais la sc\u00e8ne qui est revenue le plus souvent sur les r\u00e9seaux est son accueil par l\u2019ambassadeur ivoirien Georges Ou\u00e9gnin \u00e0 son domicile, celui-l\u00e0 m\u00eame au sujet duquel une pol\u00e9mique \u00e9tait n\u00e9e quand il avait voulu embrasser la main de Mohammed VI, qui l\u2019avait retir\u00e9e. Le roi para\u00eet tr\u00e8s d\u00e9contract\u00e9, visiblement \u00a0l\u2019aise avec l\u2019ambassadeur et membre de sa famille, d\u00e9put\u00e9e au parlement ivoirien.<\/p>\n<p><a href=\"http:\/\/maroc-canada.ca\/?attachment_id=721\" rel=\"attachment wp-att-721\"><img loading=\"lazy\" decoding=\"async\" class=\"size-medium wp-image-721 alignleft\" alt=\"maroc-senegal\" src=\"http:\/\/maroc-canada.ca\/wp-content\/uploads\/2013\/03\/maroc-senegal-300x199.jpg\" width=\"300\" height=\"199\" srcset=\"https:\/\/maroc-canada.ca\/wp-content\/uploads\/2013\/03\/maroc-senegal-300x199.jpg 300w, https:\/\/maroc-canada.ca\/wp-content\/uploads\/2013\/03\/maroc-senegal.jpg 470w\" sizes=\"auto, (max-width: 300px) 100vw, 300px\" \/><\/a>Une op\u00e9ration de communication parfaitement r\u00e9ussie, qui vient r\u00e9pondre au d\u00e9but de controverse lanc\u00e9e par des m\u00e9dias ivoiriens qui avaient vu dans le geste de Mohammed VI retirant pr\u00e9cipitamment sa main \u00e0 Georges Ou\u00e9gnin un acte d\u2019humiliation. On voit sur une photo le roi et le diplomate s\u2019embrasser sur la joue, comme de vieux amis. Qu\u2019ils sont certainement.<\/p>\n<p>Pour sa part, et selon le quotidien al Khabar, l\u2019\u00e9pouse du roi Lalla Salma est arriv\u00e9e mardi dernier \u00e0 17 heures \u00e0 une clinique priv\u00e9e de Casablanca pour rendre visite \u00e0 une de ses amies qui venait d\u2019accoucher. Le personnel de l\u2019\u00e9tablissement a \u00e9t\u00e9 surpris, comme on l\u2019imagine, \u00e0 la vue de l\u2019\u00e9pouse du roi entrer le plus simplement du monde, sans escorte, et se diriger vers la suite de son amie, avec laquelle elle est rest\u00e9e\u2026 trois heures, ne quittant la clinique qu\u2019\u00e0 20 heures. Une seule voiture de s\u00e9curit\u00e9 l\u2019accompagnait, mais les officiers ne l\u2019avaient pas escort\u00e9e \u00e0 l\u2019int\u00e9rieur de la clinique.<\/p>\n<p>Source : <a href=\"http:\/\/www.panoramaroc.ma\/fr\/mohammed-vi-et-lalla-salma-laissent-tomber-le-protocole\/\">Panoramamaroc.ma<\/a><\/p>\n","protected":false},"excerpt":{"rendered":"<p>Lors de sa tourn\u00e9e africaine, le roi Mohammed VI est apparu sur plusieurs photos, d\u00e9contract\u00e9 et lib\u00e9r\u00e9 des contraintes du protocole. Au S\u00e9n\u00e9gal, une image le montre en tenue sport et lunettes de soleil, avec un bob sur la t\u00eate, se promenant en voiture dans la capitale Dakar, dans laquelle il a prolong\u00e9 son s\u00e9jour [&hellip;]<\/p>\n","protected":false},"author":1,"featured_media":718,"comment_status":"open","ping_status":"open","sticky":false,"template":"","format":"standard","meta":{"footnotes":""},"categories":[6],"tags":[23,89,90],"class_list":["post-717","post","type-post","status-publish","format-standard","has-post-thumbnail","hentry","category-maghreb","tag-maroc","tag-mohammed-vi","tag-protocole"],"_links":{"self":[{"href":"https:\/\/maroc-canada.ca\/index.php?rest_route=\/wp\/v2\/posts\/717","targetHints":{"allow":["GET"]}}],"collection":[{"href":"https:\/\/maroc-canada.ca\/index.php?rest_route=\/wp\/v2\/posts"}],"about":[{"href":"https:\/\/maroc-canada.ca\/index.php?rest_route=\/wp\/v2\/types\/post"}],"author":[{"embeddable":true,"href":"https:\/\/maroc-canada.ca\/index.php?rest_route=\/wp\/v2\/users\/1"}],"replies":[{"embeddable":true,"href":"https:\/\/maroc-canada.ca\/index.php?rest_route=%2Fwp%2Fv2%2Fcomments&post=717"}],"version-history":[{"count":3,"href":"https:\/\/maroc-canada.ca\/index.php?rest_route=\/wp\/v2\/posts\/717\/revisions"}],"predecessor-version":[{"id":720,"href":"https:\/\/maroc-canada.ca\/index.php?rest_route=\/wp\/v2\/posts\/717\/revisions\/720"}],"wp:featuredmedia":[{"embeddable":true,"href":"https:\/\/maroc-canada.ca\/index.php?rest_route=\/wp\/v2\/media\/718"}],"wp:attachment":[{"href":"https:\/\/maroc-canada.ca\/index.php?rest_route=%2Fwp%2Fv2%2Fmedia&parent=717"}],"wp:term":[{"taxonomy":"category","embeddable":true,"href":"https:\/\/maroc-canada.ca\/index.php?rest_route=%2Fwp%2Fv2%2Fcategories&post=717"},{"taxonomy":"post_tag","embeddable":true,"href":"https:\/\/maroc-canada.ca\/index.php?rest_route=%2Fwp%2Fv2%2Ftags&post=717"}],"curies":[{"name":"wp","href":"https:\/\/api.w.org\/{rel}","templated":true}]}}