{"id":740,"date":"2013-04-10T15:18:25","date_gmt":"2013-04-10T19:18:25","guid":{"rendered":"http:\/\/maroc-canada.ca\/?p=740"},"modified":"2014-06-19T18:20:56","modified_gmt":"2014-06-19T22:20:56","slug":"740","status":"publish","type":"post","link":"https:\/\/maroc-canada.ca\/?p=740","title":{"rendered":"Maghreb Canada Express, Volume XI, N\u00b004, AVRIL 2013"},"content":{"rendered":"<h1 align=\"justify\">\u00c0 LIRE DANS CE NUM\u00c9RO \u2026<\/h1>\n<h3 align=\"left\"><span style=\"color: #ff0000;\"><b>D\u2019UN CONTIENT \u00c0 L\u2019AUTRE\u2026<\/b><\/span><\/h3>\n<p align=\"left\">\u00c9ditorial<b> : AVRIL <\/b>2013 : RAM : Afin que l&rsquo;attente du Dreamliner ne devienne un cauchemar\u00a0<strong> <a href=\"http:\/\/www.maghreb-canada.ca\/edito\/edito118.pdf\">Lire la suite &gt;&gt;<\/a><\/strong><\/p>\n<h3 align=\"left\"><span style=\"color: #ff0000;\"><b>L\u2019AUTRE BOUT DE LA LORGNETTE<\/b><\/span><\/h3>\n<p align=\"left\">Le Qatar, cette machine \u00e0 fantasmes <strong><a href=\"http:\/\/www.maghreb-canada.ca\/journal\/2013\/n118_4.pdf\">Lire la page &gt;&gt;<\/a><\/strong><\/p>\n<h3 align=\"left\"><span style=\"color: #ff0000;\"><b>CANADA \/ QU\u00c9BEC<\/b><\/span><\/h3>\n<p align=\"left\">&#8211; Un nouveau centre de services pour Revenu Qu\u00e9bec ! <strong><a href=\"http:\/\/www.maghreb-canada.ca\/journal\/2013\/n118_5.pdf\">Lire la suite &gt;&gt;<\/a><\/strong><\/p>\n<p align=\"left\">&#8211; Montr\u00e9al fait la promotion de l&rsquo;\u00e9galit\u00e9 et l&rsquo;inclusion <strong><a href=\"http:\/\/www.maghreb-canada.ca\/journal\/2013\/n118_6.pdf\">Lire la suite &gt;&gt;<\/a><\/strong><\/p>\n<p align=\"left\">&#8211; Nouveaux projets de recherche en sant\u00e9 personnalis\u00e9e\u00a0 <strong><a href=\"http:\/\/www.maghreb-canada.ca\/journal\/2013\/n118_7.pdf\">Lire la suite &gt;&gt;<\/a><\/strong><\/p>\n<h3 align=\"left\"><span style=\"color: #ff0000;\"><b>MAROCAINS DU MONDE<\/b><\/span><\/h3>\n<p align=\"left\">&#8211;\u00a0 L&rsquo;\u00c9tat de la recherche sur la migration au Maroc <strong><a href=\"http:\/\/www.maghreb-canada.ca\/journal\/2013\/n118_89.pdf\">Lire la suite &gt;&gt;<\/a><\/strong><\/p>\n<p align=\"left\">&#8211; Troisi\u00e8me \u00e9dition du Forum international sur la migration : Un franc succ\u00e8s. Suivi par : Fquih Ben Salah, berceau de l&rsquo;ODT &#8211; Travailleurs immigr\u00e9s.<\/p>\n<p align=\"left\">&#8211; 4i\u00e8me \u00e9dition de la rencontre internationale des Marocains du Monde <strong><a href=\"http:\/\/www.maghreb-canada.ca\/journal\/2013\/n118_14.pdf\">Lire la page<\/a><\/strong><\/p>\n<h3 align=\"left\"><span style=\"color: #ff0000;\"><b>PAGES \u00c9CONOMIQUES<\/b><\/span><\/h3>\n<p align=\"left\"><b>&#8211; <\/b>Canada : Faits saillants du budget f\u00e9d\u00e9ral 2013-2014 \u00a0 <strong><a href=\"http:\/\/www.maghreb-canada.ca\/journal\/2013\/n118_15.pdf\">Lire la suite &gt;&gt;<\/a><\/strong><\/p>\n<h3 align=\"left\"><span style=\"color: #ff0000;\"><b>POINTS DE VUE<\/b><\/span><\/h3>\n<p align=\"left\">&#8211;\u00a0 M. Pierre Duchesne, Ministre de l\u2019Enseignement sup\u00e9rieur, de la Recherche et de la Technologie est-il l\u2019homme de la situation?<strong> Suivi par<\/strong> :\u00a0 Entre m\u00e8re et \u00e9pouse : Un marocain raconte&#8230; <strong><a href=\"http:\/\/www.maghreb-canada.ca\/journal\/2013\/n118_16.pdf\">Lire la suite &gt;&gt;<\/a><\/strong><\/p>\n<p align=\"left\">&#8211; Le d\u00e9coupage r\u00e9gional et la nouvelle constitution\u00a0 <strong><a href=\"http:\/\/www.maghreb-canada.ca\/journal\/2013\/n118_17.pdf\">Lire la suite &gt;&gt;<\/a><\/strong><\/p>\n<h3 align=\"left\"><span style=\"color: #ff0000;\"><b>PAGES CULTURELLES<\/b><\/span><\/h3>\n<p align=\"left\">&#8211; Litt\u00e9rature marocaine au-del\u00e0 des fronti\u00e8res : Oralit\u00e9, \u00e9criture et m\u00e9moire collective <strong><a href=\"http:\/\/www.maghreb-canada.ca\/journal\/2013\/n118_18.pdf\">Lire la suite &gt;&gt;<\/a><\/strong><\/p>\n<p align=\"left\">&#8211; La litt\u00e9rature marocaine d&rsquo;expression fran\u00e7aise dans le monde : Une voix dans l&rsquo;universalit\u00e9 <strong><a href=\"http:\/\/www.maghreb-canada.ca\/journal\/2013\/n118_19.pdf\">Lire la suite &gt;&gt;<\/a><\/strong><\/p>\n<p align=\"left\">&#8211;\u00a0 Litt\u00e9rature marocaine au Canada : Enjeux et perspectives <strong><a href=\"http:\/\/www.maghreb-canada.ca\/journal\/2013\/n118_22.pdf\">Lire la suite &gt;&gt;<\/a><\/strong><\/p>\n<h3 align=\"left\"><span style=\"color: #ff0000;\"><b>NOTRE PETIT VILLAGE LA TERRE<\/b><\/span><\/h3>\n<p align=\"left\">&#8211; Syrie : Silence ..! On tue !<b> <\/b>(Par Mustapha Bouhaddar)<b>\u00a0<\/b><strong><a href=\"http:\/\/www.maghreb-canada.ca\/journal\/2013\/n118_2021.pdf\">Lire la suite &gt;&gt;<\/a><\/strong><\/p>\n<h3 align=\"left\"><span style=\"color: #ff0000;\"><b>ASSOCIATIONS EN ACTION<\/b><\/span><\/h3>\n<p align=\"left\">&#8211; EFAQ : Rakia Laroui remporte le\u00a0\u00bb prix de la cat\u00e9gorie Femmes de Carri\u00e8re\u00a0\u00bb\u00a0 <b><\/b><strong><a href=\"http:\/\/www.maghreb-canada.ca\/journal\/2013\/n118_23.pdf\">Lire la page<\/a><\/strong><\/p>\n<h3 align=\"left\"><span style=\"color: #ff0000;\"><b>PAGES PUBLICITAIRES<\/b><\/span><\/h3>\n<p align=\"left\">&#8211; la Boucherie Al Khair ouvre \u00e0 laval\u00a0<strong><a href=\"http:\/\/www.maghreb-canada.ca\/journal\/2012\/n114_2.pdf\">Lire la page<\/a><\/strong><\/p>\n<p align=\"left\">&#8211; Besoin d\u2019une hypoth\u00e8que ? Service Gratuit par Badre Izouggaghen <b>\u00a0<\/b><strong><a href=\"http:\/\/www.maghreb-canada.ca\/journal\/2013\/n117_24.pdf\">Lire la page<\/a><\/strong><\/p>\n<h3 align=\"left\">P<strong>our consulter la UNE, cliquer sur l&rsquo;image :<\/strong><\/h3>\n<p align=\"left\"><a href=\"http:\/\/www.maghreb-canada.ca\/journal\/2013\/n118_1.pdf\"><img loading=\"lazy\" decoding=\"async\" class=\"aligncenter\" alt=\"\" src=\"http:\/\/www.maghreb-canada.ca\/journal\/2013\/numero118r.jpg\" width=\"274\" height=\"377\" \/><\/a><\/p>\n","protected":false},"excerpt":{"rendered":"<p>\u00c0 LIRE DANS CE NUM\u00c9RO \u2026 D\u2019UN CONTIENT \u00c0 L\u2019AUTRE\u2026 \u00c9ditorial : AVRIL 2013 : RAM : Afin que l&rsquo;attente du Dreamliner ne devienne un cauchemar\u00a0 Lire la suite &gt;&gt; L\u2019AUTRE BOUT DE LA LORGNETTE Le Qatar, cette machine \u00e0 fantasmes Lire la page &gt;&gt; CANADA \/ QU\u00c9BEC &#8211; Un nouveau centre de services pour [&hellip;]<\/p>\n","protected":false},"author":1,"featured_media":745,"comment_status":"open","ping_status":"open","sticky":false,"template":"","format":"standard","meta":{"footnotes":""},"categories":[8],"tags":[],"class_list":["post-740","post","type-post","status-publish","format-standard","has-post-thumbnail","hentry","category-numero-du-mois"],"_links":{"self":[{"href":"https:\/\/maroc-canada.ca\/index.php?rest_route=\/wp\/v2\/posts\/740","targetHints":{"allow":["GET"]}}],"collection":[{"href":"https:\/\/maroc-canada.ca\/index.php?rest_route=\/wp\/v2\/posts"}],"about":[{"href":"https:\/\/maroc-canada.ca\/index.php?rest_route=\/wp\/v2\/types\/post"}],"author":[{"embeddable":true,"href":"https:\/\/maroc-canada.ca\/index.php?rest_route=\/wp\/v2\/users\/1"}],"replies":[{"embeddable":true,"href":"https:\/\/maroc-canada.ca\/index.php?rest_route=%2Fwp%2Fv2%2Fcomments&post=740"}],"version-history":[{"count":15,"href":"https:\/\/maroc-canada.ca\/index.php?rest_route=\/wp\/v2\/posts\/740\/revisions"}],"predecessor-version":[{"id":1770,"href":"https:\/\/maroc-canada.ca\/index.php?rest_route=\/wp\/v2\/posts\/740\/revisions\/1770"}],"wp:featuredmedia":[{"embeddable":true,"href":"https:\/\/maroc-canada.ca\/index.php?rest_route=\/wp\/v2\/media\/745"}],"wp:attachment":[{"href":"https:\/\/maroc-canada.ca\/index.php?rest_route=%2Fwp%2Fv2%2Fmedia&parent=740"}],"wp:term":[{"taxonomy":"category","embeddable":true,"href":"https:\/\/maroc-canada.ca\/index.php?rest_route=%2Fwp%2Fv2%2Fcategories&post=740"},{"taxonomy":"post_tag","embeddable":true,"href":"https:\/\/maroc-canada.ca\/index.php?rest_route=%2Fwp%2Fv2%2Ftags&post=740"}],"curies":[{"name":"wp","href":"https:\/\/api.w.org\/{rel}","templated":true}]}}