{"id":7576,"date":"2026-01-27T13:28:07","date_gmt":"2026-01-27T18:28:07","guid":{"rendered":"https:\/\/maroc-canada.ca\/?p=7576"},"modified":"2026-01-27T13:28:07","modified_gmt":"2026-01-27T18:28:07","slug":"cout-de-la-vie-de-nouvelles-mesures-federales-pour-venir-en-aide-au-canadiens","status":"publish","type":"post","link":"https:\/\/maroc-canada.ca\/?p=7576","title":{"rendered":"Co\u00fbt de la vie : De nouvelles mesures f\u00e9d\u00e9rales pour venir en aide au Canadiens"},"content":{"rendered":"\n<p>Outre des mesures visant \u00e0 renforcer l&rsquo;\u00e9conomie canadienne, et ce, en d\u00e9veloppant les relations commerciales et les investissements \u00e0 l&rsquo;\u00e9tranger (notamment avec des partenaires tels que les \u00c9mirats arabes unis et le Qatar) et tout en investissant ici au Canada pour cr\u00e9er des emplois de qualit\u00e9 avec des salaires plus \u00e9lev\u00e9s pour les Canadiens, le Gouvernement f\u00e9d\u00e9ral, sous la direction du premier ministre Mark Carney, prend des mesures imm\u00e9diates en vue d&rsquo;aider les gens \u00e0 faire face \u00e0 la hausse du co\u00fbt des produits de premi\u00e8re n\u00e9cessit\u00e9.<\/p>\n\n\n\n<h2 class=\"wp-block-heading\">Le plan du Canada vise \u00e0 faire passer l&rsquo;\u00e9conomie de la d\u00e9pendance \u00e0 la r\u00e9silience <\/h2>\n\n\n\n<p>M\u00eame si certains des avantages \u00e0 long terme de cette transformation mettront du temps \u00e0 se faire pleinement sentir, le gouvernement reconna\u00eet que de nombreuses familles ont besoin d&rsquo;aide d\u00e8s maintenant. C&rsquo;est pourquoi des mesures ont d\u00e9j\u00e0 \u00e9t\u00e9 prises pour r\u00e9duire les co\u00fbts quotidiens, notamment en r\u00e9duisant les imp\u00f4ts de 22 millions de Canadiens, en acc\u00e9l\u00e9rant la construction de logements et en prot\u00e9geant et en \u00e9largissant les programmes sociaux essentiels dont d\u00e9pendent les familles.<\/p>\n\n\n\n<p>C&rsquo;est pourquoi le premier ministre Mark Carney a annonc\u00e9, le 26 janvier 2026, de nouvelles mesures imm\u00e9diates pour aider les Canadiens \u00e0 payer leurs courses et leurs produits de premi\u00e8re n\u00e9cessit\u00e9 et leur permettre de disposer de plus d&rsquo;argent, afin de soutenir les familles face \u00e0 la hausse du co\u00fbt des denr\u00e9es alimentaires, des loyers et des produits m\u00e9nagers. L&rsquo;aide la plus directe est apport\u00e9e par la nouvelle Allocation canadienne pour l\u2019\u00e9picerie et les besoins essentiels, qui remplace l&rsquo;ancien cr\u00e9d<strong>i<\/strong>t pour la TPS.  \u00c0 partir de juillet 2026, la prestation augmentera de 25 % pendant cinq ans, avec un suppl\u00e9ment unique cette ann\u00e9e \u00e9quivalant \u00e0 une augmentation de 50 %.<\/p>\n\n\n\n<h2 class=\"wp-block-heading\">Ce que cela signifie concr\u00e8tement :<\/h2>\n\n\n\n<ul class=\"wp-block-list\">\n<li>Une famille de quatre personnes recevra jusqu&rsquo;\u00e0 1 890 dollars en 2026, et environ 1 400 dollars par an pendant les quatre ann\u00e9es suivantes.<\/li>\n\n\n\n<li>Une personne seule recevra jusqu&rsquo;\u00e0 950 dollars cette ann\u00e9e, puis environ 700 dollars par an \u00e0 l&rsquo;avenir.<\/li>\n\n\n\n<li>Plus de 12 millions de Canadiens, en particulier les m\u00e9nages \u00e0 faibles et moyens revenus, b\u00e9n\u00e9ficieront automatiquement de cette aide.<\/li>\n<\/ul>\n\n\n\n<p>Afin d&rsquo;\u00e9viter une nouvelle hausse des prix des produits alimentaires, le gouvernement prend des mesures pour r\u00e9duire les co\u00fbts avant qu&rsquo;ils n&rsquo;atteignent la caisse, en soutenant les entreprises, les agriculteurs et les organisations communautaires \u00e0 travers le Canada. Cela comprend 500 millions de dollars pour aider les entreprises \u00e0 g\u00e9rer les pressions sur la cha\u00eene d&rsquo;approvisionnement sans r\u00e9percuter les co\u00fbts sur les familles, un nouveau Fonds pour la s\u00e9curit\u00e9 alimentaire de 150 millions de dollars pour soutenir les petites et moyennes entreprises et les producteurs alimentaires communautaires, et 20 millions de dollars de financement suppl\u00e9mentaire pour les banques alimentaires et les organisations alimentaires locales afin qu&rsquo;elles puissent fournir des aliments plus nutritifs aux familles dans le besoin. \u00c0 l&rsquo;avenir, le gouvernement \u00e9laborera \u00e9galement une strat\u00e9gie nationale de s\u00e9curit\u00e9 alimentaire ax\u00e9e sur le maintien de prix abordables, le renforcement de la production alimentaire nationale, l&rsquo;am\u00e9lioration de la transparence des prix dans les magasins et la garantie d&rsquo;une concurrence loyale dans les cha\u00eenes d&rsquo;approvisionnement alimentaire.<\/p>\n\n\n\n<p>Ces mesures s&rsquo;appuient sur des mesures ant\u00e9rieures visant \u00e0 r\u00e9duire les co\u00fbts quotidiens, notamment des r\u00e9ductions d&rsquo;imp\u00f4ts pour la classe moyenne, une baisse des co\u00fbts du carburant, un soutien permanent aux programmes alimentaires scolaires et des mesures visant \u00e0 garantir que les prestations soient vers\u00e9es automatiquement aux personnes qui y ont droit. L&rsquo;objectif de notre gouvernement lib\u00e9ral f\u00e9d\u00e9ral est clair : aider les Canadiens \u00e0 g\u00e9rer la hausse des co\u00fbts aujourd&rsquo;hui tout en b\u00e2tissant une \u00e9conomie plus forte et plus r\u00e9siliente pour l&rsquo;avenir, afin que les familles canadiennes puissent se soucier moins des produits de premi\u00e8re n\u00e9cessit\u00e9 et avoir davantage confiance en l&rsquo;avenir.<\/p>\n\n\n\n<p><strong>Source <\/strong>: <strong>Mehak Minhas<\/strong>, Bureau de Recherche Lib\u00e9ral (Avec la R\u00e9daction)<\/p>\n\n\n\n<p><\/p>\n","protected":false},"excerpt":{"rendered":"<p>Outre des mesures visant \u00e0 renforcer l&rsquo;\u00e9conomie canadienne, et ce, en d\u00e9veloppant les relations commerciales et les investissements \u00e0 l&rsquo;\u00e9tranger (notamment avec des partenaires tels que les \u00c9mirats arabes unis et le Qatar) et tout en investissant ici au Canada pour cr\u00e9er des emplois de qualit\u00e9 avec des salaires plus \u00e9lev\u00e9s pour les Canadiens, le [&hellip;]<\/p>\n","protected":false},"author":1,"featured_media":7577,"comment_status":"closed","ping_status":"closed","sticky":false,"template":"","format":"standard","meta":{"footnotes":""},"categories":[4,8],"tags":[],"class_list":["post-7576","post","type-post","status-publish","format-standard","has-post-thumbnail","hentry","category-canada","category-numero-du-mois"],"_links":{"self":[{"href":"https:\/\/maroc-canada.ca\/index.php?rest_route=\/wp\/v2\/posts\/7576","targetHints":{"allow":["GET"]}}],"collection":[{"href":"https:\/\/maroc-canada.ca\/index.php?rest_route=\/wp\/v2\/posts"}],"about":[{"href":"https:\/\/maroc-canada.ca\/index.php?rest_route=\/wp\/v2\/types\/post"}],"author":[{"embeddable":true,"href":"https:\/\/maroc-canada.ca\/index.php?rest_route=\/wp\/v2\/users\/1"}],"replies":[{"embeddable":true,"href":"https:\/\/maroc-canada.ca\/index.php?rest_route=%2Fwp%2Fv2%2Fcomments&post=7576"}],"version-history":[{"count":1,"href":"https:\/\/maroc-canada.ca\/index.php?rest_route=\/wp\/v2\/posts\/7576\/revisions"}],"predecessor-version":[{"id":7578,"href":"https:\/\/maroc-canada.ca\/index.php?rest_route=\/wp\/v2\/posts\/7576\/revisions\/7578"}],"wp:featuredmedia":[{"embeddable":true,"href":"https:\/\/maroc-canada.ca\/index.php?rest_route=\/wp\/v2\/media\/7577"}],"wp:attachment":[{"href":"https:\/\/maroc-canada.ca\/index.php?rest_route=%2Fwp%2Fv2%2Fmedia&parent=7576"}],"wp:term":[{"taxonomy":"category","embeddable":true,"href":"https:\/\/maroc-canada.ca\/index.php?rest_route=%2Fwp%2Fv2%2Fcategories&post=7576"},{"taxonomy":"post_tag","embeddable":true,"href":"https:\/\/maroc-canada.ca\/index.php?rest_route=%2Fwp%2Fv2%2Ftags&post=7576"}],"curies":[{"name":"wp","href":"https:\/\/api.w.org\/{rel}","templated":true}]}}