{"id":767,"date":"2013-04-17T10:30:21","date_gmt":"2013-04-17T14:30:21","guid":{"rendered":"http:\/\/maroc-canada.ca\/?p=767"},"modified":"2013-04-17T10:30:21","modified_gmt":"2013-04-17T14:30:21","slug":"le-maroc-pays-a-lhonneur-du-sial-2013-de-toronto","status":"publish","type":"post","link":"https:\/\/maroc-canada.ca\/?p=767","title":{"rendered":"LE MAROC PAYS \u00c0 L\u2019HONNEUR DU SIAL 2013 DE TORONTO"},"content":{"rendered":"<p><em>Photo: Le ministre marocain de l&rsquo;Industrie, du Commerce et des Nouvelles technologies, Abdelkader Amara. <\/em><\/p>\n<p><a href=\"http:\/\/maroc-canada.ca\/?attachment_id=768\" rel=\"attachment wp-att-768\"><img loading=\"lazy\" decoding=\"async\" class=\"size-medium wp-image-768 alignleft\" alt=\"Amara\" src=\"http:\/\/maroc-canada.ca\/wp-content\/uploads\/2013\/04\/Amara-300x175.jpg\" width=\"300\" height=\"175\" srcset=\"https:\/\/maroc-canada.ca\/wp-content\/uploads\/2013\/04\/Amara-300x175.jpg 300w, https:\/\/maroc-canada.ca\/wp-content\/uploads\/2013\/04\/Amara.jpg 490w\" sizes=\"auto, (max-width: 300px) 100vw, 300px\" \/><\/a>Une importante d\u00e9l\u00e9gation de plus de cinquante entreprises marocaines pr\u00e9sid\u00e9e par Monsieur Abdelkader Amara, Ministre l\u2019Industrie, du Commerce et des Nouvelles Technologies, \u00a0accompagn\u00e9 de Madame Zahra Maafiri, Directrice G\u00e9n\u00e9rale de Maroc Export, prendra part au Salon International de l\u2019Agroalimentaire de Toronto (SIAL 2013) qui aura lieu du 30 avril au 02 mai 2013, et o\u00f9 le Maroc est l\u2019invit\u00e9 d\u2019honneur.<\/p>\n<p>Ce salon mettra en exergue le Savoir-faire des entreprises agroalimentaires marocaines, permettra de mieux faire conna\u00eetre la diversit\u00e9 de l\u2019offre\u00a0 ainsi que la qualit\u00e9 des produits du terroir. Cet \u00e9v\u00e9nement sera \u00e9galement l\u2019occasion pour les producteurs nationaux de se familiariser avec le march\u00e9 nord-am\u00e9ricain et d\u2019en prendre la mesure en discutant avec les acheteurs et professionnels canadiens du secteur.<\/p>\n<p>Par ailleurs, cet \u00e9v\u00e9nement verra des rencontres B2B qui auront lieu au sein du Salon.<\/p>\n<p>Pour toute information compl\u00e9mentaire, pri\u00e8re de visiter le site web de l\u2019\u00e9v\u00e9nement au\u00a0: <a href=\"http:\/\/www.sialcanada.com\/\">www.sialcanada.com<\/a><\/p>\n<p><em>\u00a0Source: Communiqu\u00e9 de l&rsquo;Ambassade du Royaume du Maroc au Canada.<\/em><\/p>\n","protected":false},"excerpt":{"rendered":"<p>Photo: Le ministre marocain de l&rsquo;Industrie, du Commerce et des Nouvelles technologies, Abdelkader Amara. Une importante d\u00e9l\u00e9gation de plus de cinquante entreprises marocaines pr\u00e9sid\u00e9e par Monsieur Abdelkader Amara, Ministre l\u2019Industrie, du Commerce et des Nouvelles Technologies, \u00a0accompagn\u00e9 de Madame Zahra Maafiri, Directrice G\u00e9n\u00e9rale de Maroc Export, prendra part au Salon International de l\u2019Agroalimentaire de Toronto [&hellip;]<\/p>\n","protected":false},"author":1,"featured_media":768,"comment_status":"open","ping_status":"open","sticky":false,"template":"","format":"standard","meta":{"footnotes":""},"categories":[4,6],"tags":[],"class_list":["post-767","post","type-post","status-publish","format-standard","has-post-thumbnail","hentry","category-canada","category-maghreb"],"_links":{"self":[{"href":"https:\/\/maroc-canada.ca\/index.php?rest_route=\/wp\/v2\/posts\/767","targetHints":{"allow":["GET"]}}],"collection":[{"href":"https:\/\/maroc-canada.ca\/index.php?rest_route=\/wp\/v2\/posts"}],"about":[{"href":"https:\/\/maroc-canada.ca\/index.php?rest_route=\/wp\/v2\/types\/post"}],"author":[{"embeddable":true,"href":"https:\/\/maroc-canada.ca\/index.php?rest_route=\/wp\/v2\/users\/1"}],"replies":[{"embeddable":true,"href":"https:\/\/maroc-canada.ca\/index.php?rest_route=%2Fwp%2Fv2%2Fcomments&post=767"}],"version-history":[{"count":1,"href":"https:\/\/maroc-canada.ca\/index.php?rest_route=\/wp\/v2\/posts\/767\/revisions"}],"predecessor-version":[{"id":769,"href":"https:\/\/maroc-canada.ca\/index.php?rest_route=\/wp\/v2\/posts\/767\/revisions\/769"}],"wp:featuredmedia":[{"embeddable":true,"href":"https:\/\/maroc-canada.ca\/index.php?rest_route=\/wp\/v2\/media\/768"}],"wp:attachment":[{"href":"https:\/\/maroc-canada.ca\/index.php?rest_route=%2Fwp%2Fv2%2Fmedia&parent=767"}],"wp:term":[{"taxonomy":"category","embeddable":true,"href":"https:\/\/maroc-canada.ca\/index.php?rest_route=%2Fwp%2Fv2%2Fcategories&post=767"},{"taxonomy":"post_tag","embeddable":true,"href":"https:\/\/maroc-canada.ca\/index.php?rest_route=%2Fwp%2Fv2%2Ftags&post=767"}],"curies":[{"name":"wp","href":"https:\/\/api.w.org\/{rel}","templated":true}]}}