{"id":77,"date":"2013-01-22T17:47:22","date_gmt":"2013-01-22T22:47:22","guid":{"rendered":"http:\/\/maroc-canada.ca\/?p=77"},"modified":"2013-03-25T18:39:14","modified_gmt":"2013-03-25T22:39:14","slug":"85ieme-anniversaire-du-drapeau-du-quebec","status":"publish","type":"post","link":"https:\/\/maroc-canada.ca\/?p=77","title":{"rendered":"65i\u00e8me anniversaire du drapeau du Qu\u00e9bec"},"content":{"rendered":"<p>Le 21 janvier 1948, le fleurdelis\u00e9 compos\u00e9 d&rsquo;une croix blanche et de quatre fleurs de lys de la m\u00eame couleur sur fond bleu, succ\u00e9dait \u00e0 l&rsquo;Union Jack et flottait pour la premi\u00e8re fois sur la tour du parlement, \u00e0 Qu\u00e9bec, \u00e0 l&rsquo;initiative du premier ministre Maurice Duplessis. Il a \u00e9t\u00e9 l\u00e9g\u00e8rement modifi\u00e9\u00a0depuis.\u00a0 <a href=\"http:\/\/www.radio-canada.ca\/nouvelles\/societe\/2013\/01\/21\/001-anniversaire-65-ans-drapeau-fleurdelise-quebecois.shtml\">Lire la suite&#8230;<\/a><\/p>\n","protected":false},"excerpt":{"rendered":"<p>Le 21 janvier 1948, le fleurdelis\u00e9 compos\u00e9 d&rsquo;une croix blanche et de quatre fleurs de lys de la m\u00eame couleur sur fond bleu, succ\u00e9dait \u00e0 l&rsquo;Union Jack et flottait pour la premi\u00e8re fois sur la tour du parlement, \u00e0 Qu\u00e9bec, \u00e0 l&rsquo;initiative du premier ministre Maurice Duplessis. Il a \u00e9t\u00e9 l\u00e9g\u00e8rement modifi\u00e9\u00a0depuis.\u00a0 Lire la suite&#8230;<\/p>\n","protected":false},"author":1,"featured_media":78,"comment_status":"closed","ping_status":"open","sticky":false,"template":"","format":"standard","meta":{"footnotes":""},"categories":[4],"tags":[],"class_list":["post-77","post","type-post","status-publish","format-standard","has-post-thumbnail","hentry","category-canada"],"_links":{"self":[{"href":"https:\/\/maroc-canada.ca\/index.php?rest_route=\/wp\/v2\/posts\/77","targetHints":{"allow":["GET"]}}],"collection":[{"href":"https:\/\/maroc-canada.ca\/index.php?rest_route=\/wp\/v2\/posts"}],"about":[{"href":"https:\/\/maroc-canada.ca\/index.php?rest_route=\/wp\/v2\/types\/post"}],"author":[{"embeddable":true,"href":"https:\/\/maroc-canada.ca\/index.php?rest_route=\/wp\/v2\/users\/1"}],"replies":[{"embeddable":true,"href":"https:\/\/maroc-canada.ca\/index.php?rest_route=%2Fwp%2Fv2%2Fcomments&post=77"}],"version-history":[{"count":6,"href":"https:\/\/maroc-canada.ca\/index.php?rest_route=\/wp\/v2\/posts\/77\/revisions"}],"predecessor-version":[{"id":650,"href":"https:\/\/maroc-canada.ca\/index.php?rest_route=\/wp\/v2\/posts\/77\/revisions\/650"}],"wp:featuredmedia":[{"embeddable":true,"href":"https:\/\/maroc-canada.ca\/index.php?rest_route=\/wp\/v2\/media\/78"}],"wp:attachment":[{"href":"https:\/\/maroc-canada.ca\/index.php?rest_route=%2Fwp%2Fv2%2Fmedia&parent=77"}],"wp:term":[{"taxonomy":"category","embeddable":true,"href":"https:\/\/maroc-canada.ca\/index.php?rest_route=%2Fwp%2Fv2%2Fcategories&post=77"},{"taxonomy":"post_tag","embeddable":true,"href":"https:\/\/maroc-canada.ca\/index.php?rest_route=%2Fwp%2Fv2%2Ftags&post=77"}],"curies":[{"name":"wp","href":"https:\/\/api.w.org\/{rel}","templated":true}]}}