{"id":770,"date":"2013-04-18T11:42:12","date_gmt":"2013-04-18T15:42:12","guid":{"rendered":"http:\/\/maroc-canada.ca\/?p=770"},"modified":"2013-04-18T11:44:30","modified_gmt":"2013-04-18T15:44:30","slug":"publication-de-la-liste-des-nouvelles-professions-prioritaires-et-des-organisations-designees-pour-levaluation-des-diplomes-detudes-etrangers-dans-le-cadre-du-programme-des-travaille","status":"publish","type":"post","link":"https:\/\/maroc-canada.ca\/?p=770","title":{"rendered":"Publication de la liste des nouvelles professions prioritaires et des organisations d\u00e9sign\u00e9es pour l\u2019\u00e9valuation des dipl\u00f4mes d\u2019\u00e9tudes \u00e9trangers dans le cadre du Programme des travailleurs qualifi\u00e9s (f\u00e9d\u00e9ral)"},"content":{"rendered":"<p class=\"MsoNormal\" style=\"background: white; mso-margin-top-alt: auto; mso-margin-bottom-alt: auto;\"><b><span lang=\"FR-CA\" style=\"color: black; font-size: 14pt;\">Ottawa, le 18\u00a0avril\u00a02013 <\/span><\/b><span lang=\"FR-CA\" style=\"color: black; font-size: 14pt;\">\u2014 La liste des 24\u00a0professions qui seront admissibles dans le cadre du Programme des travailleurs qualifi\u00e9s (f\u00e9d\u00e9ral) [PTQF], quand il sera r\u00e9tabli le 4\u00a0mai\u00a02013, a \u00e9t\u00e9 publi\u00e9e aujourd\u2019hui. <\/span><\/p>\n<p class=\"MsoNormal\" style=\"background: white;\"><span lang=\"FR-CA\" style=\"color: black; font-size: 14pt;\">De plus, quatre organisations ont \u00e9t\u00e9 d\u00e9sign\u00e9es pour effectuer, en tant que tiers ind\u00e9pendants, l\u2019\u00e9valuation d\u00e9sormais obligatoire des titres de comp\u00e9tences \u00e9trangers pour les demandeurs ayant \u00e9tudi\u00e9 \u00e0 l\u2019ext\u00e9rieur du Canada. Cette \u00e9valuation, qui doit \u00eatre effectu\u00e9e avant la pr\u00e9sentation de la demande, vise \u00e0 placer dans une meilleure situation les nouveaux arrivants qui immigrent au titre du PTQF et \u00e0 les int\u00e9grer au march\u00e9 du travail canadien plus rapidement, d\u00e8s leur arriv\u00e9e. <\/span><\/p>\n<p class=\"MsoNormal\" style=\"background: white;\"><span lang=\"FR-CA\" style=\"color: black; font-size: 14pt;\">\u00a0(&#8230;)<\/span><\/p>\n<p class=\"MsoNormal\" style=\"background: white;\"><span lang=\"FR-CA\" style=\"color: black; font-size: 14pt;\">\u00c0 l\u2019approche de la date de r\u00e9tablissement du Programme, les futurs demandeurs doivent \u00eatre inform\u00e9s de plusieurs \u00e9l\u00e9ments cl\u00e9s qui auront une incidence sur le processus de demande\u00a0: <\/span><\/p>\n<p class=\"MsoNormal\" style=\"text-indent: -18pt; background: white; margin-left: 36pt; mso-list: l0 level1 lfo2;\"><span lang=\"FR-CA\" style=\"font-family: Symbol; color: black; font-size: 14pt;\"><span style=\"mso-list: Ignore;\">\u00b7<span style=\"font: 7pt 'Times New Roman';\">\u00a0\u00a0\u00a0\u00a0\u00a0\u00a0\u00a0 <\/span><\/span><\/span><span lang=\"FR-CA\" style=\"color: black; font-size: 14pt;\">Nouvelle liste de 24\u00a0professions admissibles (Voir liste en bas du document); <\/span><\/p>\n<p>&nbsp;<\/p>\n<p class=\"MsoNormal\" style=\"text-indent: -18pt; background: white; margin-left: 36pt; mso-list: l0 level1 lfo2;\"><span lang=\"FR-CA\" style=\"font-family: Symbol; color: black; font-size: 14pt;\"><span style=\"mso-list: Ignore;\">\u00b7<span style=\"font: 7pt 'Times New Roman';\">\u00a0\u00a0\u00a0\u00a0\u00a0\u00a0\u00a0 <\/span><\/span><\/span><span lang=\"FR-CA\" style=\"color: black; font-size: 14pt;\">Plafond global de 5\u00a0000\u00a0nouvelles demandes pour l\u2019ensemble des professions admissibles, y compris un sous?plafond de 300\u00a0nouvelles demandes pour chacune de ces professions; <\/span><\/p>\n<p>&nbsp;<\/p>\n<p class=\"MsoNormal\" style=\"text-indent: -18pt; background: white; margin-left: 36pt; mso-list: l0 level1 lfo2;\"><span lang=\"FR-CA\" style=\"font-family: Symbol; color: black; font-size: 14pt;\"><span style=\"mso-list: Ignore;\">\u00b7<span style=\"font: 7pt 'Times New Roman';\">\u00a0\u00a0\u00a0\u00a0\u00a0\u00a0\u00a0 <\/span><\/span><\/span><span lang=\"FR-CA\" style=\"color: black; font-size: 14pt;\">D\u00e9signation de quatre organisations pour effectuer l\u2019\u00e9valuation des dipl\u00f4mes d\u2019\u00e9tudes (obligatoire pour les demandeurs titulaires d\u2019un dipl\u00f4me \u00e9tranger); <\/span><\/p>\n<p>&nbsp;<\/p>\n<p><span lang=\"FR-CA\" style=\"font-family: Symbol; color: black; font-size: 14pt;\"><span style=\"mso-list: Ignore;\">\u00b7<span style=\"font: 7pt 'Times New Roman';\">\u00a0\u00a0\u00a0\u00a0\u00a0\u00a0\u00a0 <\/span><\/span><\/span><span lang=\"FR-CA\" style=\"color: black; font-size: 14pt;\">N\u00e9cessit\u00e9 pour les demandeurs de prouver qu\u2019ils satisfont au seuil minimal du niveau de comp\u00e9tence linguistique canadien\u00a07 dans les quatre aptitudes \u00e9valu\u00e9es\u00a0: compr\u00e9hension orale et \u00e9crite, et expression orale et \u00e9crite.\u00a0<\/span> (&#8230;)<\/p>\n<p class=\"MsoNormal\" style=\"mso-margin-top-alt: auto; mso-margin-bottom-alt: auto;\"><span lang=\"FR-CA\" style=\"font-size: 14pt;\">Les demandes pr\u00e9sent\u00e9es au titre du nouveau PTQF seront accept\u00e9es \u00e0 partir du 4\u00a0mai\u00a02013. D\u2019ici l\u00e0, le processus de pr\u00e9sentation des demandes demeurera le m\u00eame\u00a0: les seules demandes qui pourront \u00eatre trait\u00e9es seront les demandes pr\u00e9sent\u00e9es par des personnes ayant une offre d\u2019emploi admissible ou par des personnes qui satisfont aux conditions du volet pour les \u00e9tudiants inscrits \u00e0 un programme doctoral. <\/span><\/p>\n<h2 style=\"color: #666666; font-size: 18px; font-weight: bold; margin: 1em 10px; line-height: 27px; vertical-align: bottom; font-family: sans-serif; font-style: normal; font-variant: normal; letter-spacing: normal; orphans: auto; text-align: start; text-indent: 0px; text-transform: none; white-space: normal; widows: auto; word-spacing: 0px; -webkit-text-size-adjust: auto; -webkit-text-stroke-width: 0px; background-color: #ffffff;\">Listes des Professions admissibles<\/h2>\n<ul style=\"margin: 1em 10px 1em 40px; padding: 0px; color: #000000; font-family: Verdana, Arial, Helvetica, sans-serif; font-size: 13px; font-style: normal; font-variant: normal; font-weight: normal; letter-spacing: normal; line-height: 19.1875px; orphans: auto; text-align: start; text-indent: 0px; text-transform: none; white-space: normal; widows: auto; word-spacing: 0px; -webkit-text-size-adjust: auto; -webkit-text-stroke-width: 0px; background-color: #ffffff;\">\n<li>0211 Directeurs\/directrices des services de g\u00e9nie<\/li>\n<li>1112 Analystes financiers\/analystes financi\u00e8res et analystes en placements<\/li>\n<li>2113 G\u00e9oscientifiques et oc\u00e9anographes<\/li>\n<li>2131 Ing\u00e9nieurs civils\/ing\u00e9nieures civiles<\/li>\n<li>2132 Ing\u00e9nieurs m\u00e9caniciens\/ing\u00e9nieures m\u00e9caniciennes<\/li>\n<li>2134 Ing\u00e9nieurs chimistes\/ing\u00e9nieures chimistes<\/li>\n<li>2143 Ing\u00e9nieurs miniers\/ing\u00e9nieures mini\u00e8res<\/li>\n<li>2144 Ing\u00e9nieurs g\u00e9ologues\/ing\u00e9nieures g\u00e9ologues<\/li>\n<li>2145 Ing\u00e9nieurs\/ing\u00e9nieures de l\u2019extraction et du raffinage du p\u00e9trole<\/li>\n<li>2146 Ing\u00e9nieurs\/ing\u00e9nieures en a\u00e9rospatiale<\/li>\n<li>2147 Ing\u00e9nieurs informaticiens\/ing\u00e9nieures informaticiennes (sauf ing\u00e9nieurs\/ing\u00e9nieures et concepteurs\/conceptrices en logiciel)<\/li>\n<li>2154 Arpenteurs-g\u00e9om\u00e8tres\/arpenteuses-g\u00e9om\u00e8tres<\/li>\n<li>2174 Programmeurs\/programmeuses et d\u00e9veloppeurs\/d\u00e9veloppeuses en m\u00e9dias interactifs<\/li>\n<li>2243 Techniciens\/techniciennes et m\u00e9caniciens\/m\u00e9caniciennes d\u2019instruments industriels<\/li>\n<li>2263 Inspecteurs\/inspectrices de la sant\u00e9 publique, de l\u2019environnement et de l\u2019hygi\u00e8ne et de la s\u00e9curit\u00e9 au travail<\/li>\n<li>3141 Audiologistes et orthophonistes<\/li>\n<li>3142 Physioth\u00e9rapeutes<\/li>\n<li>3143 Ergoth\u00e9rapeutes<\/li>\n<li>3211 Technologues de laboratoires m\u00e9dicaux<\/li>\n<li>3212 Techniciens\/techniciennes de laboratoire m\u00e9dical et assistants\/assistantes en pathologie<\/li>\n<li>3214 Inhaloth\u00e9rapeutes, perfusionnistes cardiovasculaires et technologues cardiopulmonaires<\/li>\n<li>3215 Technologues en radiation m\u00e9dicale<\/li>\n<li>3216 Technologues en \u00e9chographie<\/li>\n<li>3217 Technologues en cardiologie et technologues en \u00e9lectrophysiologie diagnostique, n.c.a. (non class\u00e9 ailleurs)<\/li>\n<\/ul>\n<p><strong><em>Source : Immigration Canada<\/em><\/strong><\/p>\n","protected":false},"excerpt":{"rendered":"<p>Ottawa, le 18\u00a0avril\u00a02013 \u2014 La liste des 24\u00a0professions qui seront admissibles dans le cadre du Programme des travailleurs qualifi\u00e9s (f\u00e9d\u00e9ral) [PTQF], quand il sera r\u00e9tabli le 4\u00a0mai\u00a02013, a \u00e9t\u00e9 publi\u00e9e aujourd\u2019hui. De plus, quatre organisations ont \u00e9t\u00e9 d\u00e9sign\u00e9es pour effectuer, en tant que tiers ind\u00e9pendants, l\u2019\u00e9valuation d\u00e9sormais obligatoire des titres de comp\u00e9tences \u00e9trangers pour les [&hellip;]<\/p>\n","protected":false},"author":1,"featured_media":122,"comment_status":"open","ping_status":"open","sticky":false,"template":"","format":"standard","meta":{"footnotes":""},"categories":[4,5],"tags":[29,95,94],"class_list":["post-770","post","type-post","status-publish","format-standard","has-post-thumbnail","hentry","category-canada","category-immigration","tag-immigration-canada","tag-professions-admissibles-canada","tag-travailleurs-qualifies"],"_links":{"self":[{"href":"https:\/\/maroc-canada.ca\/index.php?rest_route=\/wp\/v2\/posts\/770","targetHints":{"allow":["GET"]}}],"collection":[{"href":"https:\/\/maroc-canada.ca\/index.php?rest_route=\/wp\/v2\/posts"}],"about":[{"href":"https:\/\/maroc-canada.ca\/index.php?rest_route=\/wp\/v2\/types\/post"}],"author":[{"embeddable":true,"href":"https:\/\/maroc-canada.ca\/index.php?rest_route=\/wp\/v2\/users\/1"}],"replies":[{"embeddable":true,"href":"https:\/\/maroc-canada.ca\/index.php?rest_route=%2Fwp%2Fv2%2Fcomments&post=770"}],"version-history":[{"count":3,"href":"https:\/\/maroc-canada.ca\/index.php?rest_route=\/wp\/v2\/posts\/770\/revisions"}],"predecessor-version":[{"id":773,"href":"https:\/\/maroc-canada.ca\/index.php?rest_route=\/wp\/v2\/posts\/770\/revisions\/773"}],"wp:featuredmedia":[{"embeddable":true,"href":"https:\/\/maroc-canada.ca\/index.php?rest_route=\/wp\/v2\/media\/122"}],"wp:attachment":[{"href":"https:\/\/maroc-canada.ca\/index.php?rest_route=%2Fwp%2Fv2%2Fmedia&parent=770"}],"wp:term":[{"taxonomy":"category","embeddable":true,"href":"https:\/\/maroc-canada.ca\/index.php?rest_route=%2Fwp%2Fv2%2Fcategories&post=770"},{"taxonomy":"post_tag","embeddable":true,"href":"https:\/\/maroc-canada.ca\/index.php?rest_route=%2Fwp%2Fv2%2Ftags&post=770"}],"curies":[{"name":"wp","href":"https:\/\/api.w.org\/{rel}","templated":true}]}}