{"id":7712,"date":"2026-04-28T15:02:15","date_gmt":"2026-04-28T19:02:15","guid":{"rendered":"https:\/\/maroc-canada.ca\/?p=7712"},"modified":"2026-04-28T15:04:04","modified_gmt":"2026-04-28T19:04:04","slug":"qui-comme-prochain-sg-de-lonu-un-fonctionnaire-ou-un-missionnaire","status":"publish","type":"post","link":"https:\/\/maroc-canada.ca\/?p=7712","title":{"rendered":"Qui comme prochain SG de l&rsquo;ONU ? Un fonctionnaire, ou un missionnaire ?"},"content":{"rendered":"\n<p>Par <strong><em>Abderrafie Hamdi<\/em><\/strong> (Rabat, Maroc) <\/p>\n\n\n\n<p>Le 1er janvier 2027, un nouveau Secr\u00e9taire g\u00e9n\u00e9ral prendra les r\u00eanes des Nations unies. L\u2019\u00e9ch\u00e9ance approche, les candidatures \u00e9mergent, mais une interrogation domine : le monde veut-il encore d\u2019un Secr\u00e9taire g\u00e9n\u00e9ral capable d\u2019incarner une vision, ou s\u2019est-il r\u00e9sign\u00e9 \u00e0 une fonction d\u2019ajustement, au service d\u2019\u00e9quilibres qui le d\u00e9passent ?<\/p>\n\n\n\n<p>Un chiffre r\u00e9sume ce basculement. En 2016, seize candidats \u00e9taient en lice pour succ\u00e9der \u00e0 Ban Ki-moon. Aujourd\u2019hui, ils ne seraient que quatre ou cinq. Cette contraction n\u2019est pas anodine. Elle traduit une perte d\u2019attractivit\u00e9 d\u2019un poste dont l\u2019autorit\u00e9 r\u00e9elle semble s\u2019\u00eatre progressivement \u00e9rod\u00e9e.<\/p>\n\n\n\n<p>Le contexte international y est pour beaucoup. Les crises s\u2019accumulent \u2014 du Moyen-Orient \u00e0 l\u2019Europe \u2014 sans que l\u2019ONU ne parvienne \u00e0 en \u00eatre le centre de gravit\u00e9. Le retour d\u2019un discours souverainiste, port\u00e9 notamment par Donald Trump, contribue \u00e0 marginaliser davantage le multilat\u00e9ralisme. Dans ce climat, certaines th\u00e9matiques, nagu\u00e8re structurantes, comme les droits de l\u2019homme, semblent perdre de leur centralit\u00e9.<\/p>\n\n\n\n<p>C\u2019est dans cette tension que se lisent les candidatures en pr\u00e9sence. Celle de Michelle Bachelet porte une double signification : un atout historique \u2014 \u00eatre une femme dans une organisation qui n\u2019en a jamais nomm\u00e9 \u2014 et une fragilit\u00e9 politique \u2014 celle d\u2019un profil fortement associ\u00e9 aux droits de l\u2019homme, dans un moment o\u00f9 cette question n\u2019est plus au c\u0153ur des priorit\u00e9s des grandes puissances.<\/p>\n\n\n\n<p>\u00c0 l\u2019inverse, la candidature de Macky Sall, malgr\u00e9 ses fragilit\u00e9s politiciennes internes, m\u00e9rite une lecture plus strat\u00e9gique. Elle s\u2019inscrit dans une continuit\u00e9 africaine qu\u2019il serait hasardeux d\u2019ignorer. L\u2019Afrique a d\u00e9j\u00e0 donn\u00e9 deux Secr\u00e9taires g\u00e9n\u00e9raux, Boutros Boutros-Ghali et Kofi Annan, et elle demeure aujourd\u2019hui l\u2019un des espaces o\u00f9 les attentes envers le multilat\u00e9ralisme sont les plus fortes.<\/p>\n\n\n\n<p>Dans un monde en recomposition, o\u00f9 les \u00e9quilibres h\u00e9rit\u00e9s de 1945 sont de plus en plus contest\u00e9s, porter un candidat africain ne rel\u00e8ve pas seulement d\u2019une logique de rotation. C\u2019est reconna\u00eetre que la l\u00e9gitimit\u00e9 de la gouvernance mondiale passe par une meilleure prise en compte des dynamiques du Sud.<\/p>\n\n\n\n<p>\u00c0 cet \u00e9gard, m\u00eame une candidature fragilis\u00e9e peut \u00eatre utile. Elle remet au centre une question longtemps diff\u00e9r\u00e9e : celle de la r\u00e9forme du Conseil de s\u00e9curit\u00e9. Pourquoi ne pas envisager, au-del\u00e0 du P5, une \u00e9volution vers un \u00ab P6 \u00bb int\u00e9grant un membre permanent africain ? Une telle \u00e9volution ne serait pas une concession, mais une adaptation n\u00e9cessaire \u00e0 la r\u00e9alit\u00e9 du monde.<\/p>\n\n\n\n<p>Reste l\u2019essentiel. Un Secr\u00e9taire g\u00e9n\u00e9ral fort n\u2019existe que si les \u00c9tats acceptent qu\u2019il le soit. Or, tout indique aujourd\u2019hui une pr\u00e9f\u00e9rence pour des profils d\u2019\u00e9quilibre \u2014 moins missionnaires que gestionnaires, moins porteurs de rupture que garants d\u2019une stabilit\u00e9 fragile. Autrement dit, une fonction qui tend \u00e0 se rapprocher de celle d\u2019un fonctionnaire international, plus que d\u2019un acteur politique \u00e0 part enti\u00e8re.<\/p>\n\n\n\n<p>Alors, la question demeure enti\u00e8re : le monde veut-il encore \u00eatre gouvern\u00e9\u2026 ou simplement administr\u00e9 ? Entre ambition et prudence, le prochain Secr\u00e9taire g\u00e9n\u00e9ral devra trancher \u2014 ou s\u2019adapter.<\/p>\n\n\n\n<p>Sera-t-il un missionnaire, porteur d\u2019une vision capable d\u2019interpeller les puissances ? Ou un fonctionnaire, charg\u00e9 d\u2019accompagner un ordre international qu\u2019il ne ma\u00eetrise plus ?<\/p>\n\n\n\n<p>Le choix, au fond, ne lui appartiendra pas totalement : Il sera celui des \u00c9tats&#8230; Et peut-\u00eatre, celui d\u2019un monde qui h\u00e9site encore entre agir\u2026 et subir.<\/p>\n","protected":false},"excerpt":{"rendered":"<p>Par Abderrafie Hamdi (Rabat, Maroc) Le 1er janvier 2027, un nouveau Secr\u00e9taire g\u00e9n\u00e9ral prendra les r\u00eanes des Nations unies. L\u2019\u00e9ch\u00e9ance approche, les candidatures \u00e9mergent, mais une interrogation domine : le monde veut-il encore d\u2019un Secr\u00e9taire g\u00e9n\u00e9ral capable d\u2019incarner une vision, ou s\u2019est-il r\u00e9sign\u00e9 \u00e0 une fonction d\u2019ajustement, au service d\u2019\u00e9quilibres qui le d\u00e9passent ? Un [&hellip;]<\/p>\n","protected":false},"author":1,"featured_media":7206,"comment_status":"closed","ping_status":"closed","sticky":false,"template":"","format":"standard","meta":{"footnotes":""},"categories":[7,8],"tags":[],"class_list":["post-7712","post","type-post","status-publish","format-standard","has-post-thumbnail","hentry","category-monde","category-numero-du-mois"],"_links":{"self":[{"href":"https:\/\/maroc-canada.ca\/index.php?rest_route=\/wp\/v2\/posts\/7712","targetHints":{"allow":["GET"]}}],"collection":[{"href":"https:\/\/maroc-canada.ca\/index.php?rest_route=\/wp\/v2\/posts"}],"about":[{"href":"https:\/\/maroc-canada.ca\/index.php?rest_route=\/wp\/v2\/types\/post"}],"author":[{"embeddable":true,"href":"https:\/\/maroc-canada.ca\/index.php?rest_route=\/wp\/v2\/users\/1"}],"replies":[{"embeddable":true,"href":"https:\/\/maroc-canada.ca\/index.php?rest_route=%2Fwp%2Fv2%2Fcomments&post=7712"}],"version-history":[{"count":2,"href":"https:\/\/maroc-canada.ca\/index.php?rest_route=\/wp\/v2\/posts\/7712\/revisions"}],"predecessor-version":[{"id":7714,"href":"https:\/\/maroc-canada.ca\/index.php?rest_route=\/wp\/v2\/posts\/7712\/revisions\/7714"}],"wp:featuredmedia":[{"embeddable":true,"href":"https:\/\/maroc-canada.ca\/index.php?rest_route=\/wp\/v2\/media\/7206"}],"wp:attachment":[{"href":"https:\/\/maroc-canada.ca\/index.php?rest_route=%2Fwp%2Fv2%2Fmedia&parent=7712"}],"wp:term":[{"taxonomy":"category","embeddable":true,"href":"https:\/\/maroc-canada.ca\/index.php?rest_route=%2Fwp%2Fv2%2Fcategories&post=7712"},{"taxonomy":"post_tag","embeddable":true,"href":"https:\/\/maroc-canada.ca\/index.php?rest_route=%2Fwp%2Fv2%2Ftags&post=7712"}],"curies":[{"name":"wp","href":"https:\/\/api.w.org\/{rel}","templated":true}]}}