{"id":790,"date":"2013-04-24T08:08:17","date_gmt":"2013-04-24T12:08:17","guid":{"rendered":"http:\/\/maroc-canada.ca\/?p=790"},"modified":"2013-04-24T09:04:55","modified_gmt":"2013-04-24T13:04:55","slug":"juge-et-partie-quand-les-membres-des-nations-unies-attisent-les-conflits","status":"publish","type":"post","link":"https:\/\/maroc-canada.ca\/?p=790","title":{"rendered":"Juge et partie : Quand les membres des Nations Unies attisent les conflits"},"content":{"rendered":"<h5 data-ft=\"{&quot;type&quot;:1,&quot;tn&quot;:&quot;K&quot;}\"><a href=\"http:\/\/maroc-canada.ca\/?attachment_id=794\" rel=\"attachment wp-att-794\"><img loading=\"lazy\" decoding=\"async\" class=\"size-medium wp-image-794 alignleft\" alt=\"Minurso\" src=\"http:\/\/maroc-canada.ca\/wp-content\/uploads\/2013\/04\/Minurso1-300x215.jpg\" width=\"300\" height=\"215\" \/><\/a>Sur la vid\u00e9o deux \u00e9l\u00e9ments de la Minurso apparaissent. Le premier est argentin. Il s\u2019appelle Julio Estibar Eduardo. Le second est \u00e9gyptien. Il s\u2019appelle Hany Mustapha . Ce dernier appara\u00eet dans une discussion politique et dirigiste avec des s\u00e9paratistes en prenant des notes. Une discussion qui sort du cadre de la mission de la Minurso. Il dit \u00e0 un s\u00e9paratiste \u00ab\u00a0cette terre est la v\u00f4tre et personne ne peut vous la prendre et vous devez exploiter les conditions de chaque situation avec une approche nouvelle. Pour chaque situation pesez le pour et le contre et agissez en cons\u00e9quence. Et ceci est votre occasion pour que vous soyez visibles au monde afin que vous obteniez votre droit\u00a0\u00bb.<\/h5>\n<h5 data-ft=\"{&quot;type&quot;:1,&quot;tn&quot;:&quot;K&quot;}\">En r\u00e9ponse \u00e0 une question de l\u2019un des s\u00e9paratistes pr\u00e9sents qui lui demande comment \u00e7a se fait que le budget de la Minurso est de 60 millions de dollars alors que celui des r\u00e9fugi\u00e9s ne d\u00e9passe pas 15 millions de dollars. L\u2019\u00e9gyptien lui r\u00e9pond que \u00ab\u00a0la Minurso est plus forte que le Polisario\u00a0\u00bb. Il lui dit que \u00ab\u00a0la Minurso est dans l\u2019int\u00e9r\u00eat du Polisario car sans la Minurso, le Polisario ne peut pas survivre\u00a0\u00bb.<\/h5>\n<h5 data-ft=\"{&quot;type&quot;:1,&quot;tn&quot;:&quot;K&quot;}\">L\u2019\u00e9gyptien profite de la discussion pour pousser les s\u00e9paratistes \u00e0 la r\u00e9volte en leur demandant d\u2019exploiter cette occasion pour organiser une r\u00e9volte sur le mod\u00e8le \u00e9gyptien. Ce qui attire l\u2019attention dans cette vid\u00e9o est le degr\u00e9 de motivation \u00e9lev\u00e9 de l\u2019\u00e9gyptien. Ce qui signifie que c\u2019est un habitu\u00e9 du sujet et qu\u2019il cherche vraiment \u00e0 motiver et \u00e0 influencer ses interlocuteurs. Il se comporte vraiment comme un commandant qui cherche \u00e0 motiver ses troupes. Cette vid\u00e9o d\u00e9voile le visage cach\u00e9 et dangereux de la Minurso au Sahara marocain. Elle d\u00e9montre \u00e9galement son r\u00f4le d\u2019espionnage en violation de toutes conventions et accords internationaux. Cette vid\u00e9o vient sans doute de pr\u00e9cipiter la fin de la Minurso.<\/h5>\n<p><iframe loading=\"lazy\" src=\"http:\/\/www.youtube.com\/embed\/7Wb3raJCckc\" height=\"315\" width=\"560\" allowfullscreen=\"\" frameborder=\"0\"><\/iframe><\/p>\n","protected":false},"excerpt":{"rendered":"<p>Sur la vid\u00e9o deux \u00e9l\u00e9ments de la Minurso apparaissent. Le premier est argentin. Il s\u2019appelle Julio Estibar Eduardo. Le second est \u00e9gyptien. Il s\u2019appelle Hany Mustapha . Ce dernier appara\u00eet dans une discussion politique et dirigiste avec des s\u00e9paratistes en prenant des notes. Une discussion qui sort du cadre de la mission de la Minurso. [&hellip;]<\/p>\n","protected":false},"author":1,"featured_media":0,"comment_status":"open","ping_status":"open","sticky":false,"template":"","format":"standard","meta":{"footnotes":""},"categories":[6,7],"tags":[9,41,102,12],"class_list":["post-790","post","type-post","status-publish","format-standard","hentry","category-maghreb","category-monde","tag-algerie","tag-minurso","tag-sahara-occidental","tag-terrorisme"],"_links":{"self":[{"href":"https:\/\/maroc-canada.ca\/index.php?rest_route=\/wp\/v2\/posts\/790","targetHints":{"allow":["GET"]}}],"collection":[{"href":"https:\/\/maroc-canada.ca\/index.php?rest_route=\/wp\/v2\/posts"}],"about":[{"href":"https:\/\/maroc-canada.ca\/index.php?rest_route=\/wp\/v2\/types\/post"}],"author":[{"embeddable":true,"href":"https:\/\/maroc-canada.ca\/index.php?rest_route=\/wp\/v2\/users\/1"}],"replies":[{"embeddable":true,"href":"https:\/\/maroc-canada.ca\/index.php?rest_route=%2Fwp%2Fv2%2Fcomments&post=790"}],"version-history":[{"count":4,"href":"https:\/\/maroc-canada.ca\/index.php?rest_route=\/wp\/v2\/posts\/790\/revisions"}],"predecessor-version":[{"id":795,"href":"https:\/\/maroc-canada.ca\/index.php?rest_route=\/wp\/v2\/posts\/790\/revisions\/795"}],"wp:attachment":[{"href":"https:\/\/maroc-canada.ca\/index.php?rest_route=%2Fwp%2Fv2%2Fmedia&parent=790"}],"wp:term":[{"taxonomy":"category","embeddable":true,"href":"https:\/\/maroc-canada.ca\/index.php?rest_route=%2Fwp%2Fv2%2Fcategories&post=790"},{"taxonomy":"post_tag","embeddable":true,"href":"https:\/\/maroc-canada.ca\/index.php?rest_route=%2Fwp%2Fv2%2Ftags&post=790"}],"curies":[{"name":"wp","href":"https:\/\/api.w.org\/{rel}","templated":true}]}}