{"id":816,"date":"2013-05-09T11:08:35","date_gmt":"2013-05-09T15:08:35","guid":{"rendered":"http:\/\/maroc-canada.ca\/?p=816"},"modified":"2013-05-27T13:01:30","modified_gmt":"2013-05-27T17:01:30","slug":"impacts-des-changements-climatiques-sur-la-region-agricole-detadla-azilal-maroc","status":"publish","type":"post","link":"https:\/\/maroc-canada.ca\/?p=816","title":{"rendered":"Impacts des changements climatiques sur la r\u00e9gion agricole de\u201cTadla-Azilal  (Maroc)"},"content":{"rendered":"<p><strong><a href=\"http:\/\/forumbeniamir.com\/fba\/?p=79\" rel=\"attachment wp-att-858\"><img loading=\"lazy\" decoding=\"async\" class=\"size-medium wp-image-858 alignleft\" alt=\"affiche-br\" src=\"http:\/\/maroc-canada.ca\/wp-content\/uploads\/2013\/05\/affiche-br-220x300.jpg\" width=\"220\" height=\"300\" srcset=\"https:\/\/maroc-canada.ca\/wp-content\/uploads\/2013\/05\/affiche-br-220x300.jpg 220w, https:\/\/maroc-canada.ca\/wp-content\/uploads\/2013\/05\/affiche-br-750x1024.jpg 750w, https:\/\/maroc-canada.ca\/wp-content\/uploads\/2013\/05\/affiche-br.jpg 1100w\" sizes=\"auto, (max-width: 220px) 100vw, 220px\" \/><\/a>Suite au succ\u00e8s de son troisi\u00e8me forum international sur la migration, qui fut consacr\u00e9 les 12 et 13 mars 2013 \u00e0 la migration f\u00e9minine, l\u2019association \u201cForum B\u00e9ni Amir\u201d change son fusil d\u2019\u00e9paule pour organiser la Premi\u00e8re, d\u2019une s\u00e9rie de Rencontres Internationales sur le Climat, o\u00f9 d&rsquo;imminents chercheurs et professeurs Marocains, Nord-am\u00e9ricains et Europ\u00e9ens vont se pencher sur la probl\u00e9matique des impacts des changements globaux sur la r\u00e9gion agricole de\u201cTadla-Azilal\u00a0 (Maroc)<\/strong><\/p>\n<h2>\u00c9clairage :<\/h2>\n<p>Des \u00e9tudes scientifiques cr\u00e9dibles montrent en effet que la temp\u00e9rature globale de la terre ne cesse d&rsquo;augmenter depuis le d\u00e9but du si\u00e8cle dernier. Le XXe si\u00e8cle fut d\u2019ailleurs le si\u00e8cle le plus chaud des 1000 derni\u00e8res ann\u00e9es et la d\u00e9cennie la plus chaude fut celle des ann\u00e9es 1990 !<br \/>\nD&rsquo;ici la fin du si\u00e8cle pr\u00e9sent, il est pr\u00e9vu que la temp\u00e9rature moyenne au sol augmente de 1,5\u00b0C \u00e0 6\u00b0C globalement. Le niveau des mers devrait, quant \u00e0 lui, s&rsquo;\u00e9lever de 15 \u00e0 95 centim\u00e8tres.<br \/>\nCette hausse actuelle de la temp\u00e9rature du globe, dont les causes sont majoritairement anthropiques, aura comme cons\u00e9quences principales :<br \/>\n1)\u00a0 Des changements au niveau des circulations oc\u00e9anique et atmosph\u00e9rique : Ce qui perturbera les pr\u00e9cipitations, augmentera la s\u00e9cheresse et exacerbera la d\u00e9sertification;<br \/>\n2) La hausse du niveau moyen de la mer due \u00e0 l&rsquo;expansion thermique et \u00e0 la fonte des glaciers et des calottes glaciales.<br \/>\nFace \u00e0 une telle situation, le Maroc, \u00e9tant donn\u00e9 sa g\u00e9ographie diversifi\u00e9e (le Littoral Atlantique \u00e0 l&rsquo;ouest, la m\u00e9diterran\u00e9e au Nord, les montagnes de l&rsquo;Atlas au centre et le Sahara au sud&#8230;) se trouverait pris entre \u00a0\u00bb le marteau \u00a0\u00bb de la s\u00e9cheresse et \u00a0\u00bb l&rsquo;enclume \u00a0\u00bb de la hausse du niveau moyen de la mer.<br \/>\nPour mener un profond d\u00e9bat scientifique qui mettra en exergue la sp\u00e9cificit\u00e9 de la r\u00e9gion de Tadla-Azilal face aux impacts des changements climatiques, et proposera des solutions pour y faire face,\u00a0 l&rsquo;Association Forum B\u00e9ni Amir organise une s\u00e9rie de rencontres scientifiques d\u00e9di\u00e9es \u00e0 l&rsquo;\u00e9tude et l&rsquo;analyse des impacts des changements climatiques sur notre pays.<\/p>\n<h2>OBJECTIFS\u00a0 DES\u00a0 RENCONTRES.<\/h2>\n<p>\u00c0 travers cette s\u00e9rie de rencontres, notre association vise \u00e0 :<\/p>\n<ul>\n<li>Permettre aux intervenants marocains en mati\u00e8re des changements climatiques et de l&rsquo;environnement\u00a0 de tisser des liens de coop\u00e9ration avec leurs homologues internationaux, incluant des comp\u00e9tences marocaines install\u00e9es \u00e0 l&rsquo;\u00e9tranger ;<\/li>\n<li>Initier des programmes de coop\u00e9ration inter-universitaires dans le domaine de l&rsquo;environnement et de l&rsquo;adaptation aux changements climatiques ;<\/li>\n<li>Cr\u00e9er des forums r\u00e9guliers d&rsquo;\u00e9change d&rsquo;expertise et de savoir-faire dans le domaine des changements climatiques et de l&rsquo;environnement ;<\/li>\n<li>Explorer les avenues d&rsquo;une coop\u00e9ration triangulaire (Maroc, organismes sp\u00e9cialis\u00e9s de l&rsquo;ONU, Afrique de l&rsquo;Ouest) en ce qui concerne le march\u00e9 du carbone;<\/li>\n<li>Souligner le r\u00f4le du Maroc en tant que Hub de coop\u00e9ration et de transferts de technologies, climatiques et environnementales vers les pays de l&rsquo;Afrique de l&rsquo;ouest;<\/li>\n<li>Montrer l&rsquo;importance de l&rsquo;implantation, au Maroc, d&rsquo;observatoires r\u00e9gionaux du climat et de l&rsquo;environnement quant \u00e0 la promotion de la coop\u00e9ration triangulaire (Maroc, organismes sp\u00e9cialis\u00e9s de l&rsquo;ONU, Afrique de l&rsquo;Ouest) en mati\u00e8re d&rsquo;adaptation aux changements climatiques, de d\u00e9veloppement des \u00e9nergies renouvelables, d&rsquo;\u00e9change de donn\u00e9es et d&rsquo;\u00e9laboration de programmes communs de recherche.<\/li>\n<\/ul>\n<h2>ORGANISATION\u00a0 DE\u00a0 LA PREMI\u00c8RE\u00a0 RENCONTRE<\/h2>\n<p>La premi\u00e8re rencontre de cette s\u00e9rie est programm\u00e9 pour les 12 et 13 juin 2013 \u00e0 B\u00e9ni Mellal (Maroc). Elle\u00a0 sera consacr\u00e9e aux \u00e9tudes des impacts des changements climatiques sur la r\u00e9gion de Tadla-Azilal; r\u00e9gion qui se caract\u00e9rise par l&rsquo;interaction g\u00e9omorphologique, \u00e9conomique et sociale de la montagne et de la plaine.<br \/>\nNous ferons appel \u00e0 des experts et des sp\u00e9cialistes nationaux et internationaux en vue de se pencher sur les trois probl\u00e9matiques suivantes :<\/p>\n<h3>1. Impacts des changements climatiques sur les zones montagneuses.<\/h3>\n<p>Ce volet concernera l&rsquo;\u00e9tude de l&rsquo;\u00e9volution de la faune, de la flore, de la morphologie du bilan hydrique des bassins versants; \u00e9volution qui affecte aussi bien le tissu \u00e9conomique et social montagneux que les r\u00e9servoirs hydriques en montagne ainsi que l&rsquo;alimentation en eau de la nappe phr\u00e9atique et l&rsquo;agriculture de la plaine.<\/p>\n<h3>2. Impacts des changements climatiques sur la plaine.<\/h3>\n<p>Ce volet sera consacr\u00e9 aux cons\u00e9quences des perturbations atmosph\u00e9riques futures (temp\u00e9rature, vitesse des vents, pr\u00e9cipitations, etc) sur les diff\u00e9rentes ressources de la plaine.<\/p>\n<h3>3. Politiques d&rsquo;adaptation.<\/h3>\n<p>Ce volet sera r\u00e9serv\u00e9 \u00e0 la synth\u00e8se des r\u00e9sultats de deux volets pr\u00e9c\u00e9dents pour :<br \/>\n1)\u00a0\u00a0\u00a0 Proposer des politiques d&rsquo;adaptation face aux changements climatiques, et ce, eu \u00e9gard \u00e0 la sp\u00e9cificit\u00e9 g\u00e9ographique, \u00e9conomique et sociale de la r\u00e9gion;<br \/>\n2)\u00a0\u00a0\u00a0 R\u00e9fl\u00e9chir sur la faisabilit\u00e9, le fonctionnement et le mode de financement pour la mise en place d&rsquo;un \u00a0\u00bbObservatoire r\u00e9gional du climat et de l&rsquo;environnement\u00a0\u00bb.<\/p>\n<p>Pour en savoir plus, ou pour participer \u00e0 cette rencontrer visiter : <a title=\"FORUM B\u00c9NI AMIR\" href=\"http: www.tadla-azilal.org\">http: www.tadla-azilal.org<\/a><\/p>\n<p>&nbsp;<\/p>\n","protected":false},"excerpt":{"rendered":"<p>Suite au succ\u00e8s de son troisi\u00e8me forum international sur la migration, qui fut consacr\u00e9 les 12 et 13 mars 2013 \u00e0 la migration f\u00e9minine, l\u2019association \u201cForum B\u00e9ni Amir\u201d change son fusil d\u2019\u00e9paule pour organiser la Premi\u00e8re, d\u2019une s\u00e9rie de Rencontres Internationales sur le Climat, o\u00f9 d&rsquo;imminents chercheurs et professeurs Marocains, Nord-am\u00e9ricains et Europ\u00e9ens vont se [&hellip;]<\/p>\n","protected":false},"author":1,"featured_media":826,"comment_status":"open","ping_status":"open","sticky":false,"template":"","format":"standard","meta":{"footnotes":""},"categories":[5,6],"tags":[106,107],"class_list":["post-816","post","type-post","status-publish","format-standard","has-post-thumbnail","hentry","category-immigration","category-maghreb","tag-changements-climatiques","tag-tadla-azilal"],"_links":{"self":[{"href":"https:\/\/maroc-canada.ca\/index.php?rest_route=\/wp\/v2\/posts\/816","targetHints":{"allow":["GET"]}}],"collection":[{"href":"https:\/\/maroc-canada.ca\/index.php?rest_route=\/wp\/v2\/posts"}],"about":[{"href":"https:\/\/maroc-canada.ca\/index.php?rest_route=\/wp\/v2\/types\/post"}],"author":[{"embeddable":true,"href":"https:\/\/maroc-canada.ca\/index.php?rest_route=\/wp\/v2\/users\/1"}],"replies":[{"embeddable":true,"href":"https:\/\/maroc-canada.ca\/index.php?rest_route=%2Fwp%2Fv2%2Fcomments&post=816"}],"version-history":[{"count":5,"href":"https:\/\/maroc-canada.ca\/index.php?rest_route=\/wp\/v2\/posts\/816\/revisions"}],"predecessor-version":[{"id":859,"href":"https:\/\/maroc-canada.ca\/index.php?rest_route=\/wp\/v2\/posts\/816\/revisions\/859"}],"wp:featuredmedia":[{"embeddable":true,"href":"https:\/\/maroc-canada.ca\/index.php?rest_route=\/wp\/v2\/media\/826"}],"wp:attachment":[{"href":"https:\/\/maroc-canada.ca\/index.php?rest_route=%2Fwp%2Fv2%2Fmedia&parent=816"}],"wp:term":[{"taxonomy":"category","embeddable":true,"href":"https:\/\/maroc-canada.ca\/index.php?rest_route=%2Fwp%2Fv2%2Fcategories&post=816"},{"taxonomy":"post_tag","embeddable":true,"href":"https:\/\/maroc-canada.ca\/index.php?rest_route=%2Fwp%2Fv2%2Ftags&post=816"}],"curies":[{"name":"wp","href":"https:\/\/api.w.org\/{rel}","templated":true}]}}