{"id":820,"date":"2013-05-09T23:52:51","date_gmt":"2013-05-10T03:52:51","guid":{"rendered":"http:\/\/maroc-canada.ca\/?p=820"},"modified":"2014-06-19T18:19:02","modified_gmt":"2014-06-19T22:19:02","slug":"maghreb-canada-express-volume-xi-n04-avril-2013","status":"publish","type":"post","link":"https:\/\/maroc-canada.ca\/?p=820","title":{"rendered":"Maghreb Canada Express, Volume XI, N\u00b005, MOIS DE MAI 2013"},"content":{"rendered":"<h1 align=\"justify\">\u00c0 LIRE DANS CE NUM\u00c9RO \u2026<\/h1>\n<p style=\"margin-left: 20; margin-right: 10; margin-top: 0; margin-bottom: 0;\" align=\"left\"><b><span style=\"color: #800000; font-family: Arial; font-size: small;\">D&rsquo;UN CONTIENT \u00c0 L&rsquo;AUTRE&#8230;<\/span><\/b><\/p>\n<p style=\"margin-left: 20; margin-right: 10; margin-top: 0; margin-bottom: 0;\" align=\"left\"><a href=\"http:\/\/www.maghreb-canada.ca\/edito\/edito119.pdf\"><span style=\"font-family: Arial; font-size: small;\">\u00c9ditorial<b> : MAI <\/b>2013 : Le livre de la jungle : Entre Chiens et Loups (Par Abderrahman El Fouladi) <b> Lire la suite <\/b><\/span><\/a><\/p>\n<p style=\"margin-left: 20; margin-right: 10; margin-top: 0; margin-bottom: 0;\" align=\"left\"><b><span style=\"color: #800000; font-family: Arial; font-size: small;\">L&rsquo;AUTRE BOUT DE LA LORGNETTE<\/span><\/b><\/p>\n<p style=\"margin-left: 20; margin-right: 10; margin-top: 0; margin-bottom: 0;\" align=\"left\"><span style=\"font-family: Arial; font-size: small;\"><a href=\"http:\/\/www.maghreb-canada.ca\/journal\/2013\/n119_4.pdf\">Accident Tarik Mendili : Quand la moto vaut plus cher que le victime ! (Par Abderrahman El Fouladi)\u00a0<\/a><b><a href=\"http:\/\/www.maghreb-canada.ca\/journal\/2013\/n119_4.pdf\">Lire la page <\/a><\/b><\/span><\/p>\n<p style=\"margin-left: 20; margin-right: 10; margin-top: 0; margin-bottom: 0;\" align=\"left\"><b><span style=\"color: #800000; font-family: Arial; font-size: small;\">CANADA \/ QU\u00c9BEC<\/span><\/b><\/p>\n<p style=\"margin-left: 20; margin-right: 10; margin-top: 0; margin-bottom: 0;\" align=\"left\"><span style=\"font-family: Arial; font-size: small;\">&#8211; <a href=\"http:\/\/www.maghreb-canada.ca\/journal\/2013\/n119_5.pdf\">PQDCS et montr\u00e9alaises immigrantes<\/a> <b> <a href=\"http:\/\/www.maghreb-canada.ca\/journal\/2013\/n119_5.pdf\">Lire la suite &gt;&gt;<\/a><\/b><\/span><\/p>\n<p style=\"margin-left: 20; margin-right: 10; margin-top: 0; margin-bottom: 0;\" align=\"left\"><span style=\"font-family: Arial; font-size: small;\">&#8211; <a href=\"http:\/\/www.maghreb-canada.ca\/journal\/2013\/n119_6.pdf\">Lancement officiel de la phase II d&rsquo;Emploi Nexus. Suivi par : Francisation en ligne des personnes immigrantes\u00a0 <b>Lire la suite<\/b><\/a><\/span><\/p>\n<p style=\"margin-left: 20; margin-right: 10; margin-top: 0; margin-bottom: 0;\" align=\"left\"><span style=\"font-family: Arial; font-size: small;\">&#8211; <a href=\"http:\/\/www.maghreb-canada.ca\/journal\/2013\/n119_7.pdf\">Montr\u00e9al : Gestion durable de l&rsquo;eau. Suivi par : F\u00e9d\u00e9ral : Ouverture aux demandeurs du nouveau Programme des travailleurs qualifi\u00e9s am\u00e9lior\u00e9e au Canada <b> Lire la suite<\/b><\/a><\/span><\/p>\n<p style=\"margin-left: 20; margin-right: 10; margin-top: 0; margin-bottom: 0;\" align=\"left\"><span style=\"font-family: Arial; font-size: small;\">&#8211; <a href=\"http:\/\/www.maghreb-canada.ca\/journal\/2013\/n119_9.pdf\">Investir dans l\u2019immobilier au Qu\u00e9bec (Par Youssef El Aribi). Suivi par : Royal Air Maroc: Une offre totale de 40 000 si\u00e8ges pour la communaut\u00e9 marocaine \u00e9tablie \u00e0 l\u2019\u00e9tranger<\/a> <b><a href=\"http:\/\/www.maghreb-canada.ca\/journal\/2013\/n119_9.pdf\">Lire la suite<\/a><\/b><\/span><\/p>\n<p style=\"margin-left: 20; margin-right: 10; margin-top: 0; margin-bottom: 0;\" align=\"left\"><b><span style=\"color: #800000; font-family: Arial; font-size: small;\">SOCI\u00c9T\u00c9<\/span><\/b><\/p>\n<p style=\"margin-left: 20; margin-right: 10; margin-top: 0; margin-bottom: 0;\" align=\"left\"><span style=\"font-family: Arial; font-size: small;\">&#8211; <a href=\"http:\/\/www.maghreb-canada.ca\/journal\/2013\/n119_10.pdf\">Existerait-il une phobie de l\u2019islamophobie\u00a0? (Par Azzedine Hajji &amp; Fouad Benyekhlef)\u00a0 <b> Lire la suite<\/b><\/a><\/span><\/p>\n<p style=\"margin-left: 20; margin-right: 10; margin-top: 0; margin-bottom: 0;\" align=\"left\"><b><span style=\"color: #800000; font-family: Arial; font-size: small;\">MAROCAINS DU MONDE<\/span><\/b><\/p>\n<p style=\"margin-left: 20; margin-right: 10; margin-top: 0; margin-bottom: 0;\" align=\"left\"><span style=\"font-family: Arial; font-size: small;\">&#8211; <a href=\"http:\/\/www.maghreb-canada.ca\/journal\/2013\/n119_8.pdf\">Initiative marocaine pour la n\u00e9gociation d\u2019un statut d\u2019autonomie pour la r\u00e9gion du Sahara. (Par Abdeljalil Zidane) <b>Lire la suite<\/b><\/a><\/span><\/p>\n<p style=\"margin-left: 20; margin-right: 10; margin-top: 0; margin-bottom: 0;\" align=\"left\"><b><span style=\"color: #800000; font-family: Arial; font-size: small;\">PAGES \u00c9CONOMIQUES<\/span><\/b><\/p>\n<p style=\"margin-left: 20; margin-right: 10; margin-top: 0; margin-bottom: 0;\" align=\"left\"><span style=\"font-family: Arial; font-size: small;\">&#8211; <a href=\"http:\/\/www.maghreb-canada.ca\/journal\/2013\/n119_18.pdf\">Maroc : Entre performances \u00e9conomiques et persistances des in\u00e9galit\u00e9s sociales (Par Fayrouz Fawzi) Suivi par : Acwa Power entame la construction de la plus grande centrale solaire CSP au monde au Maroc\u00a0\u00a0 <b> Lire la suite<\/b><\/a><\/span><\/p>\n<p style=\"margin-left: 20; margin-right: 10; margin-top: 0; margin-bottom: 0;\" align=\"left\"><span style=\"font-family: Arial; font-size: small;\">&#8211; <a href=\"http:\/\/www.maghreb-canada.ca\/journal\/2013\/n119_19.pdf\">Le compte rendu annuel de l\u2019OMM sur l\u2019\u00e9tat du climat\u00a0confirme que 2012 se classe parmi les dix ann\u00e9es les plus chaudes (Source : OMM)\u00a0 <b> Lire la suite<\/b><\/a><\/span><\/p>\n<p style=\"margin-left: 20; margin-right: 10; margin-top: 0; margin-bottom: 0;\" align=\"left\"><b><span style=\"color: #800000; font-family: Arial; font-size: small;\">POINTS DE VUE<\/span><\/b><\/p>\n<p style=\"margin-left: 20; margin-right: 10; margin-top: 0; margin-bottom: 0;\" align=\"left\"><span style=\"font-family: Arial; font-size: small;\">&#8211; <a href=\"http:\/\/www.maghreb-canada.ca\/journal\/2013\/n119_15.pdf\">Ces amis qu\u2019on ne saurait entendre\u2026 Et les autres qu\u2019on ne devrait pas subir.\u00a0 (Par Majid Blal) <b> Lire la suite<\/b><\/a><\/span><\/p>\n<p style=\"margin-left: 20; margin-right: 10; margin-top: 0; margin-bottom: 0;\" align=\"left\"><span style=\"font-family: Arial; font-size: small;\">&#8211; <a href=\"http:\/\/www.maghreb-canada.ca\/journal\/2013\/n119_1617.pdf\">Maroc \/ Pays-Bas : Dialogue ou fait accompli ? (Par Abdelkrim Belguendouz)\u00a0 <b> Lire la suite<\/b><\/a><\/span><\/p>\n<p style=\"margin-left: 20; margin-right: 10; margin-top: 0; margin-bottom: 0;\" align=\"left\"><b><span style=\"color: #800000; font-family: Arial; font-size: small;\">NOTRE PETIT VILLAGE LA TERRE<\/span><\/b><\/p>\n<p style=\"margin-left: 20; margin-right: 10; margin-top: 0; margin-bottom: 0;\" align=\"left\"><span style=\"font-family: Arial; font-size: small;\">&#8211; <a href=\"http:\/\/www.maghreb-canada.ca\/journal\/2013\/n119_20.pdf\">Bertin Nahum\u00a0: le g\u00e9nie fran\u00e7ais<b> <\/b>(Par Mustapha Bouhaddar)<b>\u00a0Lire la suite<\/b><\/a><\/span><\/p>\n<p style=\"margin-left: 20; margin-right: 10; margin-top: 0; margin-bottom: 0;\" align=\"left\"><span style=\"font-family: Arial; font-size: small;\">&#8211;<a href=\"http:\/\/www.maghreb-canada.ca\/journal\/2013\/n119_21.pdf\"> A quoi ressemblera le monde de demain\u00a0? (Par Mustapha Bouhaddar)<b>\u00a0Lire la suite<\/b><\/a><\/span><\/p>\n<p style=\"margin-left: 20; margin-right: 10; margin-top: 0; margin-bottom: 0;\" align=\"left\"><b><span style=\"color: #800000; font-family: Arial; font-size: small;\">ASSOCIATIONS EN ACTION<\/span><\/b><\/p>\n<p style=\"margin-left: 20; margin-right: 10; margin-top: 0; margin-bottom: 0;\" align=\"left\"><span style=\"font-family: Arial; font-size: small;\">&#8211; <a href=\"http:\/\/www.maghreb-canada.ca\/journal\/2013\/n119_23.pdf\">\u201cForum B\u00e9ni Amir\u201d : Premi\u00e8re rencontre internationale sur le climat \u00e0 B\u00e9ni Mellal (Maroc)\u00a0 <b> Lire la suite<\/b><\/a><\/span><\/p>\n<p style=\"margin-left: 20; margin-right: 10; margin-top: 0; margin-bottom: 0;\" align=\"left\"><span style=\"font-family: Arial; font-size: small;\">&#8211; <a href=\"http:\/\/www.maghreb-canada.ca\/journal\/2013\/n119_22.pdf\">Premi\u00e8re activit\u00e9 du RACMA. Suivi par : Communiqu\u00e9 de l&rsquo;.\u00c9cole des Champions. Suivi par :\u00a0 l\u2019association des femmes Maroco-Canadiennes (ARGANA) a c\u00e9l\u00e9br\u00e9 son 1ier anniversaire <b>\u00a0Lire la page<\/b><\/a><\/span><\/p>\n<p style=\"margin-left: 20; margin-right: 10; margin-top: 0; margin-bottom: 0;\" align=\"left\"><b><span style=\"color: #800000; font-family: Arial; font-size: small;\">PAGES PUBLICITAIRES<\/span><\/b><\/p>\n<p style=\"margin-left: 20; margin-right: 10; margin-top: 0; margin-bottom: 0;\" align=\"left\"><span style=\"font-family: Arial; font-size: small;\">&#8211; <a href=\"http:\/\/www.maghreb-canada.ca\/journal\/2013\/n117_24.pdf\">Besoin d&rsquo;une hypoth\u00e8que ? Service Gratuit par Badre Izouggaghen <b>\u00a0Lire la page<\/b><\/a><\/span><\/p>\n<blockquote>\n<hr \/>\n<p style=\"margin: 0px 10px 0px 20px; text-align: center;\"><b>Pour consulter la UNE de ce num\u00e9ro, cliquer sur l&rsquo;image:<\/b><\/p>\n<p style=\"margin-left: 20; margin-right: 10; margin-top: 0; margin-bottom: 0;\"><a href=\"http:\/\/www.maghreb-canada.ca\/journal\/2013\/n119_1.pdf\"> <img decoding=\"async\" class=\"aligncenter\" alt=\"\" src=\"http:\/\/www.maghreb-canada.ca\/journal\/2013\/numero119r.jpg\" border=\"0\" \/><\/a><\/p>\n<\/blockquote>\n","protected":false},"excerpt":{"rendered":"<p>\u00c0 LIRE DANS CE NUM\u00c9RO \u2026 D&rsquo;UN CONTIENT \u00c0 L&rsquo;AUTRE&#8230; \u00c9ditorial : MAI 2013 : Le livre de la jungle : Entre Chiens et Loups (Par Abderrahman El Fouladi) Lire la suite L&rsquo;AUTRE BOUT DE LA LORGNETTE Accident Tarik Mendili : Quand la moto vaut plus cher que le victime ! (Par Abderrahman El Fouladi)\u00a0Lire [&hellip;]<\/p>\n","protected":false},"author":1,"featured_media":858,"comment_status":"open","ping_status":"open","sticky":false,"template":"","format":"standard","meta":{"footnotes":""},"categories":[8],"tags":[109,113,108,67,111,112,110,17],"class_list":["post-820","post","type-post","status-publish","format-standard","has-post-thumbnail","hentry","category-numero-du-mois","tag-accident-trik-mendili","tag-bertin-nahum","tag-entre-chiens-et-loups","tag-forum-beni-amir","tag-islamophobie","tag-marocains-du-monde","tag-pqcds","tag-printemps-arabe"],"_links":{"self":[{"href":"https:\/\/maroc-canada.ca\/index.php?rest_route=\/wp\/v2\/posts\/820","targetHints":{"allow":["GET"]}}],"collection":[{"href":"https:\/\/maroc-canada.ca\/index.php?rest_route=\/wp\/v2\/posts"}],"about":[{"href":"https:\/\/maroc-canada.ca\/index.php?rest_route=\/wp\/v2\/types\/post"}],"author":[{"embeddable":true,"href":"https:\/\/maroc-canada.ca\/index.php?rest_route=\/wp\/v2\/users\/1"}],"replies":[{"embeddable":true,"href":"https:\/\/maroc-canada.ca\/index.php?rest_route=%2Fwp%2Fv2%2Fcomments&post=820"}],"version-history":[{"count":6,"href":"https:\/\/maroc-canada.ca\/index.php?rest_route=\/wp\/v2\/posts\/820\/revisions"}],"predecessor-version":[{"id":1769,"href":"https:\/\/maroc-canada.ca\/index.php?rest_route=\/wp\/v2\/posts\/820\/revisions\/1769"}],"wp:featuredmedia":[{"embeddable":true,"href":"https:\/\/maroc-canada.ca\/index.php?rest_route=\/wp\/v2\/media\/858"}],"wp:attachment":[{"href":"https:\/\/maroc-canada.ca\/index.php?rest_route=%2Fwp%2Fv2%2Fmedia&parent=820"}],"wp:term":[{"taxonomy":"category","embeddable":true,"href":"https:\/\/maroc-canada.ca\/index.php?rest_route=%2Fwp%2Fv2%2Fcategories&post=820"},{"taxonomy":"post_tag","embeddable":true,"href":"https:\/\/maroc-canada.ca\/index.php?rest_route=%2Fwp%2Fv2%2Ftags&post=820"}],"curies":[{"name":"wp","href":"https:\/\/api.w.org\/{rel}","templated":true}]}}