{"id":86,"date":"2013-01-22T21:52:53","date_gmt":"2013-01-23T02:52:53","guid":{"rendered":"http:\/\/maroc-canada.ca\/?p=86"},"modified":"2013-03-25T18:39:01","modified_gmt":"2013-03-25T22:39:01","slug":"algerie-in-amenas-le-canada-met-en-doute-lexistence-de-ses-ressortissants-parmi-les-terroristes","status":"publish","type":"post","link":"https:\/\/maroc-canada.ca\/?p=86","title":{"rendered":"Alg\u00e9rie \/ In Amenas : Le Canada met en doute l&rsquo;\u00e9xistence de ses ressortissants parmi les terroristes"},"content":{"rendered":"<p><strong><img loading=\"lazy\" decoding=\"async\" class=\"alignleft\" title=\"Source : Google\" alt=\"Canadiens parmi les terroristes d'In Amenas : Ottawa sceptique\" src=\"http:\/\/l1.yimg.com\/bt\/api\/res\/1.2\/QalFwfHdeFdbjcsSL1VMWw--\/YXBwaWQ9eW5ld3M7Zmk9aW5zZXQ7aD0xOTg7cT04NTt3PTM1Mg--\/http:\/\/media.zenfs.com\/fr_ca\/News\/Radio-Canada\/PC_130122_00840_cercueil-police-algerie_6.jpg\" width=\"352\" height=\"198\" \/>Le gouvernement du Canada entend proc\u00e9der \u00e0 des v\u00e9rifications plus pouss\u00e9es afin de valider l&rsquo;identit\u00e9 de deux terroristes d&rsquo;In Amenas pr\u00e9sent\u00e9s lundi comme \u00e9tant des Canadiens par le gouvernement alg\u00e9rien.<\/strong><\/p>\n<p>Lundi, le premier ministre Abdelmalek Sellal a d\u00e9clar\u00e9 en conf\u00e9rence de presse que deux des ravisseurs qui ont particip\u00e9 \u00e0 la sanglante prise d&rsquo;otages sur le site gazier d&rsquo;In Amenas \u00e9taient canadiens. L&rsquo;un d&rsquo;eux aurait coordonn\u00e9 l&rsquo;attaque men\u00e9e en repr\u00e9sailles \u00e0 l&rsquo;intervention fran\u00e7aise au Mali contre les islamistes\u00a0arm\u00e9s<\/p>\n<p>Selon le gouvernement canadien, il est possible que les deux hommes aient \u00e9t\u00e9 munis de faux passeports. C&rsquo;est pourquoi Ottawa d\u00e9sire inspecter les documents retrouv\u00e9s sur les deux hommes avant de confirmer ou d&rsquo;infirmer leur\u00a0identit\u00e9.<\/p>\n<p><strong>Peu de collaboration du gouvernement alg\u00e9rien<\/strong><\/p>\n<p>Selon\u00a0<em>La Presse Canadienne<\/em>, le gouvernement canadien serait \u00ab\u00a0frustr\u00e9\u00a0\u00bb par le manque de renseignements en provenance du gouvernement alg\u00e9rien dans cette\u00a0affaire.<\/p>\n<p>Le gouvernement de Stephen Harper d\u00e9plorerait \u00e9galement le fait que le premier ministre alg\u00e9rien ait annonc\u00e9 publiquement \u00e0 la t\u00e9l\u00e9vision que deux ressortissants canadiens faisait partie des terroristes, sans en d\u00e9tenir la preuve\u00a0formelle.<\/p>\n<p>De faux passeports jusqu&rsquo;\u00e0 preuve du contraire <a href=\"http:\/\/fr-ca.actualites.yahoo.com\/canadiens-parmi-les-terroristes-din-amenas-ottawa-sceptique-125810790.html\"><strong>Lire la suite&#8230;<\/strong><\/a><\/p>\n","protected":false},"excerpt":{"rendered":"<p>Le gouvernement du Canada entend proc\u00e9der \u00e0 des v\u00e9rifications plus pouss\u00e9es afin de valider l&rsquo;identit\u00e9 de deux terroristes d&rsquo;In Amenas pr\u00e9sent\u00e9s lundi comme \u00e9tant des Canadiens par le gouvernement alg\u00e9rien. Lundi, le premier ministre Abdelmalek Sellal a d\u00e9clar\u00e9 en conf\u00e9rence de presse que deux des ravisseurs qui ont particip\u00e9 \u00e0 la sanglante prise d&rsquo;otages sur [&hellip;]<\/p>\n","protected":false},"author":1,"featured_media":0,"comment_status":"closed","ping_status":"open","sticky":false,"template":"","format":"standard","meta":{"footnotes":""},"categories":[4,6],"tags":[9,10,11,12],"class_list":["post-86","post","type-post","status-publish","format-standard","hentry","category-canada","category-maghreb","tag-algerie","tag-in-amenas","tag-mali","tag-terrorisme"],"_links":{"self":[{"href":"https:\/\/maroc-canada.ca\/index.php?rest_route=\/wp\/v2\/posts\/86","targetHints":{"allow":["GET"]}}],"collection":[{"href":"https:\/\/maroc-canada.ca\/index.php?rest_route=\/wp\/v2\/posts"}],"about":[{"href":"https:\/\/maroc-canada.ca\/index.php?rest_route=\/wp\/v2\/types\/post"}],"author":[{"embeddable":true,"href":"https:\/\/maroc-canada.ca\/index.php?rest_route=\/wp\/v2\/users\/1"}],"replies":[{"embeddable":true,"href":"https:\/\/maroc-canada.ca\/index.php?rest_route=%2Fwp%2Fv2%2Fcomments&post=86"}],"version-history":[{"count":3,"href":"https:\/\/maroc-canada.ca\/index.php?rest_route=\/wp\/v2\/posts\/86\/revisions"}],"predecessor-version":[{"id":89,"href":"https:\/\/maroc-canada.ca\/index.php?rest_route=\/wp\/v2\/posts\/86\/revisions\/89"}],"wp:attachment":[{"href":"https:\/\/maroc-canada.ca\/index.php?rest_route=%2Fwp%2Fv2%2Fmedia&parent=86"}],"wp:term":[{"taxonomy":"category","embeddable":true,"href":"https:\/\/maroc-canada.ca\/index.php?rest_route=%2Fwp%2Fv2%2Fcategories&post=86"},{"taxonomy":"post_tag","embeddable":true,"href":"https:\/\/maroc-canada.ca\/index.php?rest_route=%2Fwp%2Fv2%2Ftags&post=86"}],"curies":[{"name":"wp","href":"https:\/\/api.w.org\/{rel}","templated":true}]}}