{"id":866,"date":"2013-05-31T19:59:48","date_gmt":"2013-05-31T23:59:48","guid":{"rendered":"http:\/\/maroc-canada.ca\/?p=866"},"modified":"2013-05-31T19:59:48","modified_gmt":"2013-05-31T23:59:48","slug":"communique-du-fcmrc-atelier-sur-la-gestion-des-conflits","status":"publish","type":"post","link":"https:\/\/maroc-canada.ca\/?p=866","title":{"rendered":"COMMUNIQU\u00c9 DU FCMRC : ATELIER SUR LA GESTION DES CONFLITS"},"content":{"rendered":"<p>&nbsp;<\/p>\n<p class=\"ecxmsonormal\" style=\"background: none repeat scroll 0% 0% white; text-align: left;\"><span lang=\"FR\" style=\"font-family: 'Verdana','sans-serif'; font-size: 9.5pt;\"><a href=\"http:\/\/maroc-canada.ca\/?attachment_id=867\" rel=\"attachment wp-att-867\"><img loading=\"lazy\" decoding=\"async\" class=\"alignleft size-medium wp-image-867\" alt=\"Diapositive 1\" src=\"http:\/\/maroc-canada.ca\/wp-content\/uploads\/2013\/05\/FCMRC-DAM-Affiche-s\u00e9minaire-gestion-des-conflits-300x225.jpg\" width=\"300\" height=\"225\" srcset=\"https:\/\/maroc-canada.ca\/wp-content\/uploads\/2013\/05\/FCMRC-DAM-Affiche-s\u00e9minaire-gestion-des-conflits-300x225.jpg 300w, https:\/\/maroc-canada.ca\/wp-content\/uploads\/2013\/05\/FCMRC-DAM-Affiche-s\u00e9minaire-gestion-des-conflits-1024x768.jpg 1024w, https:\/\/maroc-canada.ca\/wp-content\/uploads\/2013\/05\/FCMRC-DAM-Affiche-s\u00e9minaire-gestion-des-conflits-100x75.jpg 100w, https:\/\/maroc-canada.ca\/wp-content\/uploads\/2013\/05\/FCMRC-DAM-Affiche-s\u00e9minaire-gestion-des-conflits.jpg 2000w\" sizes=\"auto, (max-width: 300px) 100vw, 300px\" \/><\/a><strong>Dans le cadre de sa collaboration avec Dar Al Maghrib, le Forum des Comp\u00e9tences Marocaines R\u00e9sidant au Canada (FCMRC)\u00a0 vous invite \u00e0 participer \u00e0 son troisi\u00e8me atelier portant sur la gestion des conflits<\/strong>. <\/span><\/p>\n<p class=\"ecxmsonormal\" style=\"text-align: justify; background: white;\"><span lang=\"FR\" style=\"font-family: 'Verdana','sans-serif'; font-size: 9.5pt;\">Cet atelier sera anim\u00e9 par Mr. Abdelaadim El Hanchi et se tiendra <b>le 15 juin 2013 de 13h\u00a0:00 \u00e0 16h<\/b>\u00a0:00 \u00e0 Dar Al Maghrib au 515 Avenue Viger Est \u00e0 Montr\u00e9al.<\/span><\/p>\n<p class=\"ecxmsonormal\" style=\"text-align: justify; background: white;\"><span lang=\"FR\" style=\"font-family: 'Verdana','sans-serif'; font-size: 9.5pt;\">La participation est gratuite et vous \u00eates pri\u00e9s de confirmer votre pr\u00e9sence en vous inscrivant \u00e0 l\u2019adresse suivante <\/span><a href=\"http:\/\/www.fcmrc.net\/seminaires\/formulaire.php\">http:\/\/www.fcmrc.net\/seminaires\/formulaire.php<\/a><span style=\"font-family: 'Verdana','sans-serif'; font-size: 9.5pt;\"> <span lang=\"FR\">ou en r\u00e9pondant au courriel \u00e0 l\u2019adresse <a href=\"mailto:BenEssalah@sympatico.ca\">BenEssalah@sympatico.ca<\/a>. <\/span><\/span><\/p>\n<p class=\"ecxmsonormal\" style=\"text-align: justify; background: white;\"><span lang=\"FR\" style=\"font-family: 'Verdana','sans-serif'; font-size: 9.5pt;\">Bien \u00e0 vous et au plaisir de vous rencontrer tous et toutes le 15 juin.<\/span><\/p>\n<p class=\"ecxmsonormal\" style=\"text-align: justify; margin: 0cm 0cm 0pt; background: white;\"><span lang=\"FR\" style=\"font-family: 'Verdana','sans-serif'; font-size: 9.5pt;\">Hachem Ben Essalah<\/span><\/p>\n<p class=\"ecxmsonormal\" style=\"text-align: justify; margin: 0cm 0cm 0pt; background: white;\"><span lang=\"FR\" style=\"font-family: 'Verdana','sans-serif'; font-size: 9.5pt;\">Secr\u00e9taire G\u00e9n\u00e9ral<\/span><\/p>\n<p class=\"ecxmsonormal\" style=\"text-align: justify; margin: 0cm 0cm 0pt; background: white;\"><span lang=\"FR\" style=\"font-family: 'Verdana','sans-serif'; font-size: 9.5pt;\">FCMRC<\/span><\/p>\n<p class=\"ecxmsonormal\" style=\"text-align: justify; margin: 0cm 0cm 0pt; background: white;\"><span lang=\"FR\" style=\"font-family: 'Verdana','sans-serif'; font-size: 9.5pt;\"><a href=\"http:\/\/www.fcmrc.net\">www.fcmrc.net<\/a> <\/span><\/p>\n","protected":false},"excerpt":{"rendered":"<p>&nbsp; Dans le cadre de sa collaboration avec Dar Al Maghrib, le Forum des Comp\u00e9tences Marocaines R\u00e9sidant au Canada (FCMRC)\u00a0 vous invite \u00e0 participer \u00e0 son troisi\u00e8me atelier portant sur la gestion des conflits. Cet atelier sera anim\u00e9 par Mr. Abdelaadim El Hanchi et se tiendra le 15 juin 2013 de 13h\u00a0:00 \u00e0 16h\u00a0:00 \u00e0 [&hellip;]<\/p>\n","protected":false},"author":1,"featured_media":867,"comment_status":"open","ping_status":"open","sticky":false,"template":"","format":"standard","meta":{"footnotes":""},"categories":[4,5],"tags":[],"class_list":["post-866","post","type-post","status-publish","format-standard","has-post-thumbnail","hentry","category-canada","category-immigration"],"_links":{"self":[{"href":"https:\/\/maroc-canada.ca\/index.php?rest_route=\/wp\/v2\/posts\/866","targetHints":{"allow":["GET"]}}],"collection":[{"href":"https:\/\/maroc-canada.ca\/index.php?rest_route=\/wp\/v2\/posts"}],"about":[{"href":"https:\/\/maroc-canada.ca\/index.php?rest_route=\/wp\/v2\/types\/post"}],"author":[{"embeddable":true,"href":"https:\/\/maroc-canada.ca\/index.php?rest_route=\/wp\/v2\/users\/1"}],"replies":[{"embeddable":true,"href":"https:\/\/maroc-canada.ca\/index.php?rest_route=%2Fwp%2Fv2%2Fcomments&post=866"}],"version-history":[{"count":1,"href":"https:\/\/maroc-canada.ca\/index.php?rest_route=\/wp\/v2\/posts\/866\/revisions"}],"predecessor-version":[{"id":868,"href":"https:\/\/maroc-canada.ca\/index.php?rest_route=\/wp\/v2\/posts\/866\/revisions\/868"}],"wp:featuredmedia":[{"embeddable":true,"href":"https:\/\/maroc-canada.ca\/index.php?rest_route=\/wp\/v2\/media\/867"}],"wp:attachment":[{"href":"https:\/\/maroc-canada.ca\/index.php?rest_route=%2Fwp%2Fv2%2Fmedia&parent=866"}],"wp:term":[{"taxonomy":"category","embeddable":true,"href":"https:\/\/maroc-canada.ca\/index.php?rest_route=%2Fwp%2Fv2%2Fcategories&post=866"},{"taxonomy":"post_tag","embeddable":true,"href":"https:\/\/maroc-canada.ca\/index.php?rest_route=%2Fwp%2Fv2%2Ftags&post=866"}],"curies":[{"name":"wp","href":"https:\/\/api.w.org\/{rel}","templated":true}]}}