{"id":975,"date":"2013-07-17T11:03:38","date_gmt":"2013-07-17T15:03:38","guid":{"rendered":"http:\/\/maroc-canada.ca\/?p=975"},"modified":"2013-07-17T11:07:54","modified_gmt":"2013-07-17T15:07:54","slug":"ouverture-des-travaux-du-forum-economique-maroc-espagne-a-rabat","status":"publish","type":"post","link":"https:\/\/maroc-canada.ca\/?p=975","title":{"rendered":"Au sujet du Forum \u00e9conomique Maroc-Espagne tenu \u00e0 Rabat le 16 juillet."},"content":{"rendered":"<p><!--[if gte mso 9]><xml>\n<w:WordDocument>\n<w:View>Normal<\/w:View>\n<w:Zoom>0<\/w:Zoom>\n<w:HyphenationZone>21<\/w:HyphenationZone>\n<w:Compatibility>\n<w:BreakWrappedTables\/>\n<w:SnapToGridInCell\/>\n<w:WrapTextWithPunct\/>\n<w:UseAsianBreakRules\/>\n<\/w:Compatibility>\n<w:BrowserLevel>MicrosoftInternetExplorer4<\/w:BrowserLevel>\n<\/w:WordDocument>\n<\/xml><![endif]--><\/p>\n<p><!--[if !mso]><object classid=\"clsid:38481807-CA0E-42D2-BF39-B33AF135CC4D\" id=ieooui><\/object>\n\n\n\n<style>\nst1\\:*{behavior:url(#ieooui) }\n<\/style>\n\n<![endif]--><!--[if gte mso 10]>\n\n\n\n<style>\n \/* Style Definitions *\/\n table.MsoNormalTable\n\t{mso-style-name:\"Tableau Normal\";\n\tmso-tstyle-rowband-size:0;\n\tmso-tstyle-colband-size:0;\n\tmso-style-noshow:yes;\n\tmso-style-parent:\"\";\n\tmso-padding-alt:0cm 5.4pt 0cm 5.4pt;\n\tmso-para-margin:0cm;\n\tmso-para-margin-bottom:.0001pt;\n\tmso-pagination:widow-orphan;\n\tfont-size:10.0pt;\n\tfont-family:\"Times New Roman\";}\n<\/style>\n\n<![endif]--><\/p>\n<p><span style=\"font-size: 13.0pt; font-family: Garamond;\"><a href=\"http:\/\/maroc-canada.ca\/?attachment_id=976\" rel=\"attachment wp-att-976\"><img loading=\"lazy\" decoding=\"async\" class=\"size-medium wp-image-976 alignleft\" alt=\"ouverture_forum_maroc_-_espagne__m2_0\" src=\"http:\/\/maroc-canada.ca\/wp-content\/uploads\/2013\/07\/ouverture_forum_maroc_-_espagne__m2_0-300x177.jpg\" width=\"300\" height=\"177\" \/><\/a><\/span>Le forum \u00e9conomique Maroc-Espagne, organis\u00e9 le 16 juillet 2013 \u00e0 Rabat sous le th\u00e8me \u00ab\u00a0\u00a0\u00bbMaroc-Espagne : un espace de prosp\u00e9rit\u00e9 partag\u00e9e\u00a0\u00bb\u00a0\u00bb, a appel\u00e9 au renforcement du partenariat \u00e9conomique et \u00e0 la consolidation de la coop\u00e9ration entre les entreprises des deux pays.<\/p>\n<p class=\"MsoNormal\">\n<p>Ce forum auquel ont pris part plusieurs responsables gouvernementaux des deux pays ainsi que 130 chefs d&rsquo;entreprises publiques et priv\u00e9es, a \u00e9t\u00e9 marqu\u00e9 par la participation effective de SM le Roi Juan Carlos 1-er d&rsquo;Espagne qui a pr\u00e9sid\u00e9 la s\u00e9ance d&rsquo;ouverture de cette importante rencontre \u00e9conomique organis\u00e9e \u00e0 l&rsquo;initiative de la Conf\u00e9d\u00e9ration g\u00e9n\u00e9rale des entreprises du Maroc (CGEM).<\/p>\n<p class=\"MsoNormal\">\n<p class=\"MsoNormal\">\n<p>Le Souverain espagnol a indiqu\u00e9 \u00e0 cette occasion que les relations entre Rabat et Madrid se caract\u00e9risent par leur densit\u00e9 et la fr\u00e9quence des r\u00e9unions et des contacts \u00e0 tous les niveaux, ajoutant que les gouvernements des deux pays ont \u00e9tabli les bases d&rsquo;un nouveau partenariat strat\u00e9gique solide qui est de nature \u00e0 d\u00e9velopper davantage les relations de coop\u00e9ration \u00e0 travers un dialogue politique plus intense et un partenariat \u00e9conomique ambitieux.<\/p>\n<p class=\"MsoNormal\">\n<p class=\"MsoNormal\">\n<p>SM le Roi Juan Carlos 1-er d&rsquo;Espagne, en visite officielle au Maroc du 15 au 18 juillet \u00e0 l&rsquo;invitation de SM le Roi Mohammed VI, a en outre fait savoir que a prochaine r\u00e9union annuelle de haut niveau entre les deux pays se tiendra l&rsquo;automne prochain en Espagne et sera pr\u00e9c\u00e9d\u00e9e par le 2\u00e8me forum \u00e9conomique Maroc-Espagne qui aura lieu \u00e0 Madrid.<\/p>\n<p class=\"MsoNormal\">\n<p class=\"MsoNormal\">\n<p>Pour sa part, la pr\u00e9sidente de la CGEM, Meriem Bensalah, a mis l&rsquo;accent sur l&rsquo;\u00e9volution notable des relations de coop\u00e9ration entre le Maroc et l&rsquo;Espagne dans le domaine \u00e9conomique, commercial et entrepreneurial, appelant les hommes d&rsquo;affaires marocains et espagnols \u00e0 tirer profit des potentialit\u00e9s existantes en vue de renforcer davantage les relations de partenariat et de coop\u00e9ration ainsi que la compl\u00e9mentarit\u00e9 entre les \u00e9conomies des deux pays.<\/p>\n<p class=\"MsoNormal\">\n<p class=\"MsoNormal\">\n<p>La chef du patronat marocain a en outre rappel\u00e9 que l&rsquo;Espagne est le deuxi\u00e8me partenaire \u00e9conomique du Maroc dans le domaine des \u00e9changes \u00e9conomiques des biens et qu&rsquo;elle \u00e9tait en 2012 le premier fournisseur du Maroc et son deuxi\u00e8me client.<\/p>\n<p class=\"MsoNormal\">\n<p class=\"MsoNormal\">\n<p>De leur c\u00f4t\u00e9, les chefs d&rsquo;entreprises participant \u00e0 ce forum se sont f\u00e9licit\u00e9s de l&rsquo;\u00e9volution qu&rsquo;ont connu les relations \u00e9conomiques et entrepreneuriales ces derni\u00e8res ann\u00e9es entre le Maroc et l&rsquo;Espagne, soulignant par la m\u00eame occasion l&rsquo;importance de les consolider et de les intensifier davantage au service des deux pays voisins.<\/p>\n<p class=\"MsoNormal\">\n<p class=\"MsoNormal\">\n<p>Ils ont ensuite plaid\u00e9 en faveur d&rsquo;un nouveau partenariat gagant-gangant entre le Maroc et l&rsquo;Espagne et \u00e0 des relations \u00e9conomiques plus \u00e9quilibr\u00e9es entre les op\u00e9rateurs des deux pays ainsi qu&rsquo;en faveur de l&rsquo;intensification de la coop\u00e9ration pour faire face aux d\u00e9fis de la crise \u00e9conomique et financi\u00e8re internationale.<\/p>\n<p class=\"MsoNormal\">\n<p class=\"MsoNormal\">\n<p>Les travaux de ce forum ont port\u00e9 essentiellement sur la croissance et la prosp\u00e9rit\u00e9 partag\u00e9es port\u00e9es par les PME, le partenariat dans le domaine technologique et les infrastructures.(MAP)<\/p>\n<p class=\"MsoNormal\">\n","protected":false},"excerpt":{"rendered":"<p>Le forum \u00e9conomique Maroc-Espagne, organis\u00e9 le 16 juillet 2013 \u00e0 Rabat sous le th\u00e8me \u00ab\u00a0\u00a0\u00bbMaroc-Espagne : un espace de prosp\u00e9rit\u00e9 partag\u00e9e\u00a0\u00bb\u00a0\u00bb, a appel\u00e9 au renforcement du partenariat \u00e9conomique et \u00e0 la consolidation de la coop\u00e9ration entre les entreprises des deux pays. Ce forum auquel ont pris part plusieurs responsables gouvernementaux des deux pays ainsi que [&hellip;]<\/p>\n","protected":false},"author":1,"featured_media":0,"comment_status":"open","ping_status":"open","sticky":false,"template":"","format":"standard","meta":{"footnotes":""},"categories":[6,7],"tags":[143,77,23],"class_list":["post-975","post","type-post","status-publish","format-standard","hentry","category-maghreb","category-monde","tag-cooperation-economique","tag-espagne","tag-maroc"],"_links":{"self":[{"href":"https:\/\/maroc-canada.ca\/index.php?rest_route=\/wp\/v2\/posts\/975","targetHints":{"allow":["GET"]}}],"collection":[{"href":"https:\/\/maroc-canada.ca\/index.php?rest_route=\/wp\/v2\/posts"}],"about":[{"href":"https:\/\/maroc-canada.ca\/index.php?rest_route=\/wp\/v2\/types\/post"}],"author":[{"embeddable":true,"href":"https:\/\/maroc-canada.ca\/index.php?rest_route=\/wp\/v2\/users\/1"}],"replies":[{"embeddable":true,"href":"https:\/\/maroc-canada.ca\/index.php?rest_route=%2Fwp%2Fv2%2Fcomments&post=975"}],"version-history":[{"count":3,"href":"https:\/\/maroc-canada.ca\/index.php?rest_route=\/wp\/v2\/posts\/975\/revisions"}],"predecessor-version":[{"id":978,"href":"https:\/\/maroc-canada.ca\/index.php?rest_route=\/wp\/v2\/posts\/975\/revisions\/978"}],"wp:attachment":[{"href":"https:\/\/maroc-canada.ca\/index.php?rest_route=%2Fwp%2Fv2%2Fmedia&parent=975"}],"wp:term":[{"taxonomy":"category","embeddable":true,"href":"https:\/\/maroc-canada.ca\/index.php?rest_route=%2Fwp%2Fv2%2Fcategories&post=975"},{"taxonomy":"post_tag","embeddable":true,"href":"https:\/\/maroc-canada.ca\/index.php?rest_route=%2Fwp%2Fv2%2Ftags&post=975"}],"curies":[{"name":"wp","href":"https:\/\/api.w.org\/{rel}","templated":true}]}}